{"id":190,"date":"2019-09-16T16:20:47","date_gmt":"2019-09-16T16:20:47","guid":{"rendered":"http:\/\/kezilabdahajduszoboszlo.hu\/?p=190"},"modified":"2019-09-16T16:20:47","modified_gmt":"2019-09-16T16:20:47","slug":"elkezdodott-szezon-az-u11-es-csapatnal","status":"publish","type":"post","link":"https:\/\/kezilabdahajduszoboszlo.hu\/?p=190","title":{"rendered":"Elkezd\u0151d\u00f6tt a szezon az U11-es csapatn\u00e1l is."},"content":{"rendered":"<p>Az elm\u00falt h\u00e9ten a KKHSZ U11-es csapata is munk\u00e1ba \u00e1llt, a csapat tagjai nagy lelkesed\u00e9ssel vetett\u00e9k bele magukat a felk\u00e9sz\u00fcl\u00e9sbe, a hossz\u00fa pihen\u0151 ut\u00e1n.<\/p>\n<p>Az 2019\/2020-as \u00e9vad nagyon sok \u00fajdons\u00e1got hoz sz\u00e1mukra, mivel most v\u00e1ltak nagybet\u0171s K\u00c9ZILABD\u00c1Z\u00d3V\u00c1, a szivacsk\u00e9zi ut\u00e1n. A l\u00e1nyok fejl\u0151d\u00e9se \u00e9rdek\u00e9ben az U11-es \u00e9s az U12-es bajnoks\u00e1gba is benevez\u00e9sre ker\u00fcltek az Egyes\u00fclet \u00e1ltal.<\/p>\n<p>A k\u00f6vetkez\u0151 \u00e9v legf\u0151bb c\u00e9ljai k\u00f6z\u00e9 tartozik, hogy a csapat minden tagja lehet\u0151 legnagyobb m\u00e9rt\u00e9kben megtanulja,\u00a0 ezt a sz\u00e1mukra &#8222;\u00faj&#8221; j\u00e1t\u00e9kot, kialakuljon a magabiztos csapatj\u00e1t\u00e9k,\u00a0 illetve mindenki kell\u0151 meccsrutint, \u00e9s siker\u00e9lm\u00e9nyeket szerezzen..<\/p>\n<p><img loading=\"lazy\" decoding=\"async\" class=\"alignnone size-medium wp-image-191\" src=\"http:\/\/kezilabdahajduszoboszlo.hu\/wp-content\/uploads\/2019\/09\/70141720_2330083777109873_4408538497732837376_n-300x225.jpg\" alt=\"\" width=\"300\" height=\"225\" srcset=\"https:\/\/kezilabdahajduszoboszlo.hu\/wp-content\/uploads\/2019\/09\/70141720_2330083777109873_4408538497732837376_n-300x225.jpg 300w, https:\/\/kezilabdahajduszoboszlo.hu\/wp-content\/uploads\/2019\/09\/70141720_2330083777109873_4408538497732837376_n-768x576.jpg 768w, https:\/\/kezilabdahajduszoboszlo.hu\/wp-content\/uploads\/2019\/09\/70141720_2330083777109873_4408538497732837376_n-1024x768.jpg 1024w, https:\/\/kezilabdahajduszoboszlo.hu\/wp-content\/uploads\/2019\/09\/70141720_2330083777109873_4408538497732837376_n.jpg 1440w\" sizes=\"(max-width: 300px) 100vw, 300px\" \/> <img loading=\"lazy\" decoding=\"async\" class=\"alignnone size-medium wp-image-192\" src=\"http:\/\/kezilabdahajduszoboszlo.hu\/wp-content\/uploads\/2019\/09\/70144443_718378238609145_3875378961462591488_n-300x225.jpg\" alt=\"\" width=\"300\" height=\"225\" srcset=\"https:\/\/kezilabdahajduszoboszlo.hu\/wp-content\/uploads\/2019\/09\/70144443_718378238609145_3875378961462591488_n-300x225.jpg 300w, https:\/\/kezilabdahajduszoboszlo.hu\/wp-content\/uploads\/2019\/09\/70144443_718378238609145_3875378961462591488_n-768x576.jpg 768w, https:\/\/kezilabdahajduszoboszlo.hu\/wp-content\/uploads\/2019\/09\/70144443_718378238609145_3875378961462591488_n-1024x768.jpg 1024w, https:\/\/kezilabdahajduszoboszlo.hu\/wp-content\/uploads\/2019\/09\/70144443_718378238609145_3875378961462591488_n.jpg 1440w\" sizes=\"(max-width: 300px) 100vw, 300px\" \/> <img loading=\"lazy\" decoding=\"async\" class=\"alignnone size-medium wp-image-193\" src=\"http:\/\/kezilabdahajduszoboszlo.hu\/wp-content\/uploads\/2019\/09\/70584037_2577509112315289_3965308043268194304_n-300x225.jpg\" alt=\"\" width=\"300\" height=\"225\" srcset=\"https:\/\/kezilabdahajduszoboszlo.hu\/wp-content\/uploads\/2019\/09\/70584037_2577509112315289_3965308043268194304_n-300x225.jpg 300w, https:\/\/kezilabdahajduszoboszlo.hu\/wp-content\/uploads\/2019\/09\/70584037_2577509112315289_3965308043268194304_n-768x576.jpg 768w, https:\/\/kezilabdahajduszoboszlo.hu\/wp-content\/uploads\/2019\/09\/70584037_2577509112315289_3965308043268194304_n-1024x768.jpg 1024w, https:\/\/kezilabdahajduszoboszlo.hu\/wp-content\/uploads\/2019\/09\/70584037_2577509112315289_3965308043268194304_n.jpg 1440w\" sizes=\"(max-width: 300px) 100vw, 300px\" \/><\/p>\n<div id=\"attachment_194\" style=\"width: 310px\" class=\"wp-caption alignnone\"><img loading=\"lazy\" decoding=\"async\" aria-describedby=\"caption-attachment-194\" class=\"size-medium wp-image-194\" src=\"http:\/\/kezilabdahajduszoboszlo.hu\/wp-content\/uploads\/2019\/09\/IMG_20190910_172118-300x225.jpg\" alt=\"\" width=\"300\" height=\"225\" srcset=\"https:\/\/kezilabdahajduszoboszlo.hu\/wp-content\/uploads\/2019\/09\/IMG_20190910_172118-300x225.jpg 300w, https:\/\/kezilabdahajduszoboszlo.hu\/wp-content\/uploads\/2019\/09\/IMG_20190910_172118-768x576.jpg 768w, https:\/\/kezilabdahajduszoboszlo.hu\/wp-content\/uploads\/2019\/09\/IMG_20190910_172118-1024x768.jpg 1024w\" sizes=\"(max-width: 300px) 100vw, 300px\" \/><p id=\"caption-attachment-194\" class=\"wp-caption-text\">dav<\/p><\/div>\n","protected":false},"excerpt":{"rendered":"<p>Az elm\u00falt h\u00e9ten a KKHSZ U11-es csapata is munk\u00e1ba \u00e1llt, a csapat tagjai nagy lelkesed\u00e9ssel vetett\u00e9k bele magukat a felk\u00e9sz\u00fcl\u00e9sbe, a hossz\u00fa pihen\u0151 ut\u00e1n. Az 2019\/2020-as \u00e9vad nagyon sok \u00fajdons\u00e1got hoz sz\u00e1mukra, mivel most v\u00e1ltak nagybet\u0171s K\u00c9ZILABD\u00c1Z\u00d3V\u00c1, a szivacsk\u00e9zi ut\u00e1n. &hellip; <a href=\"https:\/\/kezilabdahajduszoboszlo.hu\/?p=190\">Egy kattint\u00e1s ide a folytat\u00e1shoz&#8230;. <span class=\"meta-nav\">&rarr;<\/span><\/a><\/p>\n","protected":false},"author":2,"featured_media":195,"comment_status":"open","ping_status":"open","sticky":false,"template":"","format":"standard","meta":{"_monsterinsights_skip_tracking":false,"_monsterinsights_sitenote_active":false,"_monsterinsights_sitenote_note":"","_monsterinsights_sitenote_category":0,"footnotes":""},"categories":[5],"tags":[],"yoast_head":"<!-- This site is optimized with the Yoast SEO plugin v21.8.1 - https:\/\/yoast.com\/wordpress\/plugins\/seo\/ -->\n<title>Elkezd\u0151d\u00f6tt a szezon az U11-es csapatn\u00e1l is. - K\u00e9zilabda Klub Hajd\u00faszoboszl\u00f3<\/title>\n<meta name=\"robots\" content=\"index, follow, max-snippet:-1, max-image-preview:large, max-video-preview:-1\" \/>\n<link rel=\"canonical\" href=\"https:\/\/kezilabdahajduszoboszlo.hu\/?p=190\" \/>\n<meta property=\"og:locale\" content=\"hu_HU\" \/>\n<meta property=\"og:type\" content=\"article\" \/>\n<meta property=\"og:title\" content=\"Elkezd\u0151d\u00f6tt a szezon az U11-es csapatn\u00e1l is. - K\u00e9zilabda Klub Hajd\u00faszoboszl\u00f3\" \/>\n<meta property=\"og:description\" content=\"Az elm\u00falt h\u00e9ten a KKHSZ U11-es csapata is munk\u00e1ba \u00e1llt, a csapat tagjai nagy lelkesed\u00e9ssel vetett\u00e9k bele magukat a felk\u00e9sz\u00fcl\u00e9sbe, a hossz\u00fa pihen\u0151 ut\u00e1n. Az 2019\/2020-as \u00e9vad nagyon sok \u00fajdons\u00e1got hoz sz\u00e1mukra, mivel most v\u00e1ltak nagybet\u0171s K\u00c9ZILABD\u00c1Z\u00d3V\u00c1, a szivacsk\u00e9zi ut\u00e1n. &hellip; Egy kattint\u00e1s ide a folytat\u00e1shoz.... &rarr;\" \/>\n<meta property=\"og:url\" content=\"https:\/\/kezilabdahajduszoboszlo.hu\/?p=190\" \/>\n<meta property=\"og:site_name\" content=\"K\u00e9zilabda Klub Hajd\u00faszoboszl\u00f3\" \/>\n<meta property=\"article:published_time\" content=\"2019-09-16T16:20:47+00:00\" \/>\n<meta property=\"og:image\" content=\"https:\/\/kezilabdahajduszoboszlo.hu\/wp-content\/uploads\/2019\/09\/IMG_20190910_172134-1024x768.jpg\" \/>\n\t<meta property=\"og:image:width\" content=\"1024\" \/>\n\t<meta property=\"og:image:height\" content=\"768\" \/>\n\t<meta property=\"og:image:type\" content=\"image\/jpeg\" \/>\n<meta name=\"author\" content=\"Kapusi Kriszti\u00e1n\" \/>\n<meta name=\"twitter:card\" content=\"summary_large_image\" \/>\n<meta name=\"twitter:label1\" content=\"Szerz\u0151:\" \/>\n\t<meta name=\"twitter:data1\" content=\"Kapusi Kriszti\u00e1n\" \/>\n\t<meta name=\"twitter:label2\" content=\"Becs\u00fclt olvas\u00e1si id\u0151\" \/>\n\t<meta name=\"twitter:data2\" content=\"1 perc\" \/>\n<script type=\"application\/ld+json\" class=\"yoast-schema-graph\">{\"@context\":\"https:\/\/schema.org\",\"@graph\":[{\"@type\":\"WebPage\",\"@id\":\"https:\/\/kezilabdahajduszoboszlo.hu\/?p=190\",\"url\":\"https:\/\/kezilabdahajduszoboszlo.hu\/?p=190\",\"name\":\"Elkezd\u0151d\u00f6tt a szezon az U11-es csapatn\u00e1l is. - K\u00e9zilabda Klub Hajd\u00faszoboszl\u00f3\",\"isPartOf\":{\"@id\":\"https:\/\/kezilabdahajduszoboszlo.hu\/#website\"},\"datePublished\":\"2019-09-16T16:20:47+00:00\",\"dateModified\":\"2019-09-16T16:20:47+00:00\",\"author\":{\"@id\":\"https:\/\/kezilabdahajduszoboszlo.hu\/#\/schema\/person\/5ec50fcc18790ccded9abbc4a29d0336\"},\"breadcrumb\":{\"@id\":\"https:\/\/kezilabdahajduszoboszlo.hu\/?p=190#breadcrumb\"},\"inLanguage\":\"hu\",\"potentialAction\":[{\"@type\":\"ReadAction\",\"target\":[\"https:\/\/kezilabdahajduszoboszlo.hu\/?p=190\"]}]},{\"@type\":\"BreadcrumbList\",\"@id\":\"https:\/\/kezilabdahajduszoboszlo.hu\/?p=190#breadcrumb\",\"itemListElement\":[{\"@type\":\"ListItem\",\"position\":1,\"name\":\"Home\",\"item\":\"https:\/\/kezilabdahajduszoboszlo.hu\/\"},{\"@type\":\"ListItem\",\"position\":2,\"name\":\"Elkezd\u0151d\u00f6tt a szezon az U11-es csapatn\u00e1l is.\"}]},{\"@type\":\"WebSite\",\"@id\":\"https:\/\/kezilabdahajduszoboszlo.hu\/#website\",\"url\":\"https:\/\/kezilabdahajduszoboszlo.hu\/\",\"name\":\"K\u00e9zilabda Klub Hajd\u00faszoboszl\u00f3\",\"description\":\"\",\"potentialAction\":[{\"@type\":\"SearchAction\",\"target\":{\"@type\":\"EntryPoint\",\"urlTemplate\":\"https:\/\/kezilabdahajduszoboszlo.hu\/?s={search_term_string}\"},\"query-input\":\"required name=search_term_string\"}],\"inLanguage\":\"hu\"},{\"@type\":\"Person\",\"@id\":\"https:\/\/kezilabdahajduszoboszlo.hu\/#\/schema\/person\/5ec50fcc18790ccded9abbc4a29d0336\",\"name\":\"Kapusi Kriszti\u00e1n\",\"image\":{\"@type\":\"ImageObject\",\"inLanguage\":\"hu\",\"@id\":\"https:\/\/kezilabdahajduszoboszlo.hu\/#\/schema\/person\/image\/\",\"url\":\"https:\/\/secure.gravatar.com\/avatar\/3105527c52c6c13b3dacf30efd34a992?s=96&d=mm&r=g\",\"contentUrl\":\"https:\/\/secure.gravatar.com\/avatar\/3105527c52c6c13b3dacf30efd34a992?s=96&d=mm&r=g\",\"caption\":\"Kapusi Kriszti\u00e1n\"},\"sameAs\":[\"http:\/\/kezilabdahajduszoboszlo\"],\"url\":\"https:\/\/kezilabdahajduszoboszlo.hu\/?author=2\"}]}<\/script>\n<!-- \/ Yoast SEO plugin. -->","yoast_head_json":{"title":"Elkezd\u0151d\u00f6tt a szezon az U11-es csapatn\u00e1l is. - K\u00e9zilabda Klub Hajd\u00faszoboszl\u00f3","robots":{"index":"index","follow":"follow","max-snippet":"max-snippet:-1","max-image-preview":"max-image-preview:large","max-video-preview":"max-video-preview:-1"},"canonical":"https:\/\/kezilabdahajduszoboszlo.hu\/?p=190","og_locale":"hu_HU","og_type":"article","og_title":"Elkezd\u0151d\u00f6tt a szezon az U11-es csapatn\u00e1l is. - K\u00e9zilabda Klub Hajd\u00faszoboszl\u00f3","og_description":"Az elm\u00falt h\u00e9ten a KKHSZ U11-es csapata is munk\u00e1ba \u00e1llt, a csapat tagjai nagy lelkesed\u00e9ssel vetett\u00e9k bele magukat a felk\u00e9sz\u00fcl\u00e9sbe, a hossz\u00fa pihen\u0151 ut\u00e1n. Az 2019\/2020-as \u00e9vad nagyon sok \u00fajdons\u00e1got hoz sz\u00e1mukra, mivel most v\u00e1ltak nagybet\u0171s K\u00c9ZILABD\u00c1Z\u00d3V\u00c1, a szivacsk\u00e9zi ut\u00e1n. &hellip; Egy kattint\u00e1s ide a folytat\u00e1shoz.... &rarr;","og_url":"https:\/\/kezilabdahajduszoboszlo.hu\/?p=190","og_site_name":"K\u00e9zilabda Klub Hajd\u00faszoboszl\u00f3","article_published_time":"2019-09-16T16:20:47+00:00","og_image":[{"width":1024,"height":768,"url":"https:\/\/kezilabdahajduszoboszlo.hu\/wp-content\/uploads\/2019\/09\/IMG_20190910_172134-1024x768.jpg","type":"image\/jpeg"}],"author":"Kapusi Kriszti\u00e1n","twitter_card":"summary_large_image","twitter_misc":{"Szerz\u0151:":"Kapusi Kriszti\u00e1n","Becs\u00fclt olvas\u00e1si id\u0151":"1 perc"},"schema":{"@context":"https:\/\/schema.org","@graph":[{"@type":"WebPage","@id":"https:\/\/kezilabdahajduszoboszlo.hu\/?p=190","url":"https:\/\/kezilabdahajduszoboszlo.hu\/?p=190","name":"Elkezd\u0151d\u00f6tt a szezon az U11-es csapatn\u00e1l is. - K\u00e9zilabda Klub Hajd\u00faszoboszl\u00f3","isPartOf":{"@id":"https:\/\/kezilabdahajduszoboszlo.hu\/#website"},"datePublished":"2019-09-16T16:20:47+00:00","dateModified":"2019-09-16T16:20:47+00:00","author":{"@id":"https:\/\/kezilabdahajduszoboszlo.hu\/#\/schema\/person\/5ec50fcc18790ccded9abbc4a29d0336"},"breadcrumb":{"@id":"https:\/\/kezilabdahajduszoboszlo.hu\/?p=190#breadcrumb"},"inLanguage":"hu","potentialAction":[{"@type":"ReadAction","target":["https:\/\/kezilabdahajduszoboszlo.hu\/?p=190"]}]},{"@type":"BreadcrumbList","@id":"https:\/\/kezilabdahajduszoboszlo.hu\/?p=190#breadcrumb","itemListElement":[{"@type":"ListItem","position":1,"name":"Home","item":"https:\/\/kezilabdahajduszoboszlo.hu\/"},{"@type":"ListItem","position":2,"name":"Elkezd\u0151d\u00f6tt a szezon az U11-es csapatn\u00e1l is."}]},{"@type":"WebSite","@id":"https:\/\/kezilabdahajduszoboszlo.hu\/#website","url":"https:\/\/kezilabdahajduszoboszlo.hu\/","name":"K\u00e9zilabda Klub Hajd\u00faszoboszl\u00f3","description":"","potentialAction":[{"@type":"SearchAction","target":{"@type":"EntryPoint","urlTemplate":"https:\/\/kezilabdahajduszoboszlo.hu\/?s={search_term_string}"},"query-input":"required name=search_term_string"}],"inLanguage":"hu"},{"@type":"Person","@id":"https:\/\/kezilabdahajduszoboszlo.hu\/#\/schema\/person\/5ec50fcc18790ccded9abbc4a29d0336","name":"Kapusi Kriszti\u00e1n","image":{"@type":"ImageObject","inLanguage":"hu","@id":"https:\/\/kezilabdahajduszoboszlo.hu\/#\/schema\/person\/image\/","url":"https:\/\/secure.gravatar.com\/avatar\/3105527c52c6c13b3dacf30efd34a992?s=96&d=mm&r=g","contentUrl":"https:\/\/secure.gravatar.com\/avatar\/3105527c52c6c13b3dacf30efd34a992?s=96&d=mm&r=g","caption":"Kapusi Kriszti\u00e1n"},"sameAs":["http:\/\/kezilabdahajduszoboszlo"],"url":"https:\/\/kezilabdahajduszoboszlo.hu\/?author=2"}]}},"_links":{"self":[{"href":"https:\/\/kezilabdahajduszoboszlo.hu\/index.php?rest_route=\/wp\/v2\/posts\/190"}],"collection":[{"href":"https:\/\/kezilabdahajduszoboszlo.hu\/index.php?rest_route=\/wp\/v2\/posts"}],"about":[{"href":"https:\/\/kezilabdahajduszoboszlo.hu\/index.php?rest_route=\/wp\/v2\/types\/post"}],"author":[{"embeddable":true,"href":"https:\/\/kezilabdahajduszoboszlo.hu\/index.php?rest_route=\/wp\/v2\/users\/2"}],"replies":[{"embeddable":true,"href":"https:\/\/kezilabdahajduszoboszlo.hu\/index.php?rest_route=%2Fwp%2Fv2%2Fcomments&post=190"}],"version-history":[{"count":1,"href":"https:\/\/kezilabdahajduszoboszlo.hu\/index.php?rest_route=\/wp\/v2\/posts\/190\/revisions"}],"predecessor-version":[{"id":196,"href":"https:\/\/kezilabdahajduszoboszlo.hu\/index.php?rest_route=\/wp\/v2\/posts\/190\/revisions\/196"}],"wp:featuredmedia":[{"embeddable":true,"href":"https:\/\/kezilabdahajduszoboszlo.hu\/index.php?rest_route=\/wp\/v2\/media\/195"}],"wp:attachment":[{"href":"https:\/\/kezilabdahajduszoboszlo.hu\/index.php?rest_route=%2Fwp%2Fv2%2Fmedia&parent=190"}],"wp:term":[{"taxonomy":"category","embeddable":true,"href":"https:\/\/kezilabdahajduszoboszlo.hu\/index.php?rest_route=%2Fwp%2Fv2%2Fcategories&post=190"},{"taxonomy":"post_tag","embeddable":true,"href":"https:\/\/kezilabdahajduszoboszlo.hu\/index.php?rest_route=%2Fwp%2Fv2%2Ftags&post=190"}],"curies":[{"name":"wp","href":"https:\/\/api.w.org\/{rel}","templated":true}]}}