{"id":240,"date":"2019-09-27T07:34:09","date_gmt":"2019-09-27T07:34:09","guid":{"rendered":"http:\/\/kezilabdahajduszoboszlo.hu\/?p=240"},"modified":"2019-09-27T08:33:36","modified_gmt":"2019-09-27T08:33:36","slug":"uj-taggal-bovult-egyesuletunk-szakmai-stabja","status":"publish","type":"post","link":"https:\/\/kezilabdahajduszoboszlo.hu\/?p=240","title":{"rendered":"\u00daj taggal b\u0151v\u00fclt Egyes\u00fclet\u00fcnk szakmai st\u00e1bja."},"content":{"rendered":"<p style=\"text-align: left;\">\u00a0 \u00a0Az elm\u00falt napokban egy gy\u00f3gytorn\u00e1sszal, Debity Bogl\u00e1rk\u00e1val b\u0151v\u00fclt az egyes\u00fclet\u00fcnk szakmai st\u00e1bja, az \u0150 bemutatkoz\u00f3 sorait olvashatj\u00e1k:<\/p>\n<p style=\"text-align: left;\">\u00a0 \u00a0Debity Bogl\u00e1rka vagyok, gy\u00f3gytorn\u00e1sz-fizioterapeuta, hum\u00e1nkineziol\u00f3gus. Egyetemi tanulm\u00e1nyaimat a Debreceni Egyetem N\u00e9peg\u00e9szs\u00e9g\u00fcgyi Kar\u00e1nak Gy\u00f3gytorn\u00e1sz szak\u00e1n kezdtem (BSc), majd a diploma megszerz\u00e9se ut\u00e1n a Debreceni Egyetem Ken\u00e9zy Gyula Egyetemi K\u00f3rh\u00e1z Rehabilit\u00e1ci\u00f3s oszt\u00e1ly\u00e1n kezdtem el dolgozni.<\/p>\n<p style=\"text-align: left;\">\u00a0 \u00a0Nagyon sok tapasztalatot szerzek itt nap, mint nap, hiszen sz\u00e1mos klinikumb\u00f3l \u00e9rkeznek hozz\u00e1nk p\u00e1ciensek (neurol\u00f3gia, traumatol\u00f3gia, ortop\u00e9dia, reumatol\u00f3gia), \u00edgy a tud\u00e1sanyag szerte\u00e1gaz\u00f3 ismeretekb\u0151l ad\u00f3dik \u00f6ssze, \u00e9s folyamatos \u00f6nfejleszt\u00e9st, tanul\u00e1st ig\u00e9nyel, ami izgalmass\u00e1 teszi a mindennapokat. Id\u0151k\u00f6zben elv\u00e9geztem a Testnevel\u00e9si Egyetem Hum\u00e1nkineziol\u00f3gia Mesterszak\u00e1t (MSc). A k\u00e9t diplom\u00e1b\u00f3l ad\u00f3d\u00f3 tud\u00e1sanyagot remek\u00fcl lehet \u00f6tv\u00f6zni a f\u0151\u00e1ll\u00e1somban \u00e9s a mag\u00e1npraxisban, ahol kifejezetten sportol\u00f3kkal foglalkozom. Ahhoz, hogy folyton \u00faj \u00e9s \u00faj technik\u00e1kkal tudjam kezelni p\u00e1cienseimet, posztgradu\u00e1lis k\u00e9pz\u00e9sekben is r\u00e9szt veszek (Kinezio TAPE, Trigger-pont ter\u00e1pia, McKenzie ter\u00e1pia, Flossing ter\u00e1pia, L\u00f6k\u00e9shull\u00e1m ter\u00e1pia, Mulligan ter\u00e1pia, Modern neurorehabilit\u00e1ci\u00f3, Mozg\u00e1sszervi j\u00f3gater\u00e1pia). Ahhoz, hogy szakmailag naprak\u00e9sz legyen az ember, a tanfolyamok mellett konferenci\u00e1kon is r\u00e9szt szoktam venni. Voltam m\u00e1r k\u00fclf\u00f6ld\u00f6n Medical Congress-en (Kassa, Vars\u00f3, Budva), \u00e9s sz\u00e1mos hazai f\u00f3rumon is tartottam el\u0151ad\u00e1st. Ezeken a rendezv\u00e9nyeken mindig sok \u00faj tud\u00e1sra tesz szert az ember. Ezeket a tanulm\u00e1nyokat sz\u00edvesen adom \u00e1t a fiatalabb gener\u00e1ci\u00f3k sz\u00e1m\u00e1ra az egyetemi oktat\u00f3i tev\u00e9kenys\u00e9gemben. Tervezem a PhD fokozat megszerz\u00e9s\u00e9t.<\/p>\n<p style=\"text-align: left;\">\u00a0 \u00a0M\u00e1r eg\u00e9szen gyermekkoromt\u00f3l kezdve a mozg\u00e1s szerves r\u00e9sz\u00e9t k\u00e9pzi a mindennapjaimnak. 3,5 \u00e9vesen \u00edratott be \u00c9desany\u00e1m az els\u0151 balett \u00f3r\u00e1mra, ami teljesen megbabon\u00e1zott. Ett\u0151l a pillanatt\u00f3l kezdve a mozg\u00e1s szeretete, a testtudatoss\u00e1g n\u00f6vel\u00e9se, a koordin\u00e1ci\u00f3- \u00e9s egyens\u00falyfejleszt\u00e9s az \u00e9letem r\u00e9sze lett. Ez imm\u00e1ron 24. \u00e9ve tart\u00f3 igazi csoda. Mindek\u00f6zben belek\u00f3stoltam sz\u00e1mos sport\u00e1gba (tenisz, k\u00e9zilabda, ker\u00e9kp\u00e1roz\u00e1s, fut\u00e1s, crossfit), \u00e9s lelkesen gy\u0171jt\u00f6m minden sport\u00e1g jellegzetes mozg\u00e1sanyag\u00e1t a rehabilit\u00e1ci\u00f3s elj\u00e1r\u00e1sok t\u00f6k\u00e9letes\u00edt\u00e9s\u00e9hez. Egy gy\u00f3gytorn\u00e1sz csak \u00fagy tud hat\u00e9konyan rehabilit\u00e1lni, ha ismeri az adott sport mozg\u00e1sanyag\u00e1t, s\u00e9r\u00fcl\u00e9si lehet\u0151s\u00e9geket, gyenges\u00e9geket, er\u0151ss\u00e9geket.<\/p>\n<p style=\"text-align: left;\">\u00a0 \u00a0 A hajd\u00faszoboszl\u00f3i K\u00e9zilabda Klubban szeretn\u00e9m a sportol\u00f3k eg\u00e9szs\u00e9g\u00e9nek meg\u0151rz\u00e9s\u00e9t, prevenci\u00f3s elj\u00e1r\u00e1sokkal t\u00f6rt\u00e9n\u0151 oktat\u00e1s\u00e1t \u00e9s speci\u00e1lis felk\u00e9sz\u00edt\u0151 tr\u00e9ningek bevezet\u00e9s\u00e9t elind\u00edtani. Kiemelten fontos sz\u00e1momra, hogy a sportol\u00f3k tiszt\u00e1ban legyenek a gyakorlatok anat\u00f3miai \u00e9s \u00e9lettani h\u00e1tter\u00e9vel, tudj\u00e1k, hogy mely elj\u00e1r\u00e1sokkal milyen eredm\u00e9nyeket \u00e9rhet\u00fcnk el, ez\u00e1ltal c\u00e9lom egy tudatos gener\u00e1ci\u00f3 nevel\u00e9s\u00e9ben val\u00f3 kooper\u00e1ci\u00f3t kialak\u00edtani az edz\u0151k, a vezet\u00e9s \u00e9s a sz\u00fcl\u00f6k bevon\u00e1s\u00e1val egy\u00fctt. A rendszeres m\u00e9r\u00e9sekkel objekt\u00edv adatokat szolg\u00e1ltatn\u00e9k a csapat vezet\u0151inek, edz\u0151inek \u00e9s maguknak a j\u00e1t\u00e9kosoknak, ez\u00e1ltal egy akt\u00edv s\u00e9r\u00fcl\u00e9sregiszter is m\u0171k\u00f6dne, mely el\u0151jelezn\u00e9 az esetleges s\u00e9r\u00fcl\u00e9sre hajlamos ter\u00fcleteket, melyet megfelel\u0151 technik\u00e1val korrig\u00e1ln\u00e9k a sportol\u00f3 mozg\u00e1smint\u00e1j\u00e1ban. Rem\u00e9nyeim szerint egy \u00f6sszehangolt TEAM munka alakulna ki, melyben kiemelt szerepet kapna a prevenci\u00f3, az oktat\u00e1s \u00e9s a korrekci\u00f3 a technikai \u00e9s er\u0151nl\u00e9ti edz\u00e9sek mellett. A koll\u00e9g\u00e1k nagyon szimpatikusak, \u00edgy \u00fagy gondolom minden a legnagyobb rendben fog zajlani.<\/p>\n","protected":false},"excerpt":{"rendered":"<p>\u00a0 \u00a0Az elm\u00falt napokban egy gy\u00f3gytorn\u00e1sszal, Debity Bogl\u00e1rk\u00e1val b\u0151v\u00fclt az egyes\u00fclet\u00fcnk szakmai st\u00e1bja, az \u0150 bemutatkoz\u00f3 sorait olvashatj\u00e1k: \u00a0 \u00a0Debity Bogl\u00e1rka vagyok, gy\u00f3gytorn\u00e1sz-fizioterapeuta, hum\u00e1nkineziol\u00f3gus. Egyetemi tanulm\u00e1nyaimat a Debreceni Egyetem N\u00e9peg\u00e9szs\u00e9g\u00fcgyi Kar\u00e1nak Gy\u00f3gytorn\u00e1sz szak\u00e1n kezdtem (BSc), majd a diploma megszerz\u00e9se ut\u00e1n &hellip; <a href=\"https:\/\/kezilabdahajduszoboszlo.hu\/?p=240\">Egy kattint\u00e1s ide a folytat\u00e1shoz&#8230;. <span class=\"meta-nav\">&rarr;<\/span><\/a><\/p>\n","protected":false},"author":2,"featured_media":241,"comment_status":"open","ping_status":"open","sticky":false,"template":"","format":"standard","meta":{"_monsterinsights_skip_tracking":false,"_monsterinsights_sitenote_active":false,"_monsterinsights_sitenote_note":"","_monsterinsights_sitenote_category":0,"footnotes":""},"categories":[5],"tags":[],"yoast_head":"<!-- This site is optimized with the Yoast SEO plugin v21.8.1 - https:\/\/yoast.com\/wordpress\/plugins\/seo\/ -->\n<title>\u00daj taggal b\u0151v\u00fclt Egyes\u00fclet\u00fcnk szakmai st\u00e1bja. - K\u00e9zilabda Klub Hajd\u00faszoboszl\u00f3<\/title>\n<meta name=\"robots\" content=\"index, follow, max-snippet:-1, max-image-preview:large, max-video-preview:-1\" \/>\n<link rel=\"canonical\" href=\"https:\/\/kezilabdahajduszoboszlo.hu\/?p=240\" \/>\n<meta property=\"og:locale\" content=\"hu_HU\" \/>\n<meta property=\"og:type\" content=\"article\" \/>\n<meta property=\"og:title\" content=\"\u00daj taggal b\u0151v\u00fclt Egyes\u00fclet\u00fcnk szakmai st\u00e1bja. - K\u00e9zilabda Klub Hajd\u00faszoboszl\u00f3\" \/>\n<meta property=\"og:description\" content=\"\u00a0 \u00a0Az elm\u00falt napokban egy gy\u00f3gytorn\u00e1sszal, Debity Bogl\u00e1rk\u00e1val b\u0151v\u00fclt az egyes\u00fclet\u00fcnk szakmai st\u00e1bja, az \u0150 bemutatkoz\u00f3 sorait olvashatj\u00e1k: \u00a0 \u00a0Debity Bogl\u00e1rka vagyok, gy\u00f3gytorn\u00e1sz-fizioterapeuta, hum\u00e1nkineziol\u00f3gus. Egyetemi tanulm\u00e1nyaimat a Debreceni Egyetem N\u00e9peg\u00e9szs\u00e9g\u00fcgyi Kar\u00e1nak Gy\u00f3gytorn\u00e1sz szak\u00e1n kezdtem (BSc), majd a diploma megszerz\u00e9se ut\u00e1n &hellip; Egy kattint\u00e1s ide a folytat\u00e1shoz.... &rarr;\" \/>\n<meta property=\"og:url\" content=\"https:\/\/kezilabdahajduszoboszlo.hu\/?p=240\" \/>\n<meta property=\"og:site_name\" content=\"K\u00e9zilabda Klub Hajd\u00faszoboszl\u00f3\" \/>\n<meta property=\"article:published_time\" content=\"2019-09-27T07:34:09+00:00\" \/>\n<meta property=\"article:modified_time\" content=\"2019-09-27T08:33:36+00:00\" \/>\n<meta property=\"og:image\" content=\"https:\/\/kezilabdahajduszoboszlo.hu\/wp-content\/uploads\/2019\/09\/71497416_1349328761909318_4239738178396749824_n.jpg\" \/>\n\t<meta property=\"og:image:width\" content=\"1219\" \/>\n\t<meta property=\"og:image:height\" content=\"1863\" \/>\n\t<meta property=\"og:image:type\" content=\"image\/jpeg\" \/>\n<meta name=\"author\" content=\"Kapusi Kriszti\u00e1n\" \/>\n<meta name=\"twitter:card\" content=\"summary_large_image\" \/>\n<meta name=\"twitter:label1\" content=\"Szerz\u0151:\" \/>\n\t<meta name=\"twitter:data1\" content=\"Kapusi Kriszti\u00e1n\" \/>\n\t<meta name=\"twitter:label2\" content=\"Becs\u00fclt olvas\u00e1si id\u0151\" \/>\n\t<meta name=\"twitter:data2\" content=\"3 perc\" \/>\n<script type=\"application\/ld+json\" class=\"yoast-schema-graph\">{\"@context\":\"https:\/\/schema.org\",\"@graph\":[{\"@type\":\"WebPage\",\"@id\":\"https:\/\/kezilabdahajduszoboszlo.hu\/?p=240\",\"url\":\"https:\/\/kezilabdahajduszoboszlo.hu\/?p=240\",\"name\":\"\u00daj taggal b\u0151v\u00fclt Egyes\u00fclet\u00fcnk szakmai st\u00e1bja. - K\u00e9zilabda Klub Hajd\u00faszoboszl\u00f3\",\"isPartOf\":{\"@id\":\"https:\/\/kezilabdahajduszoboszlo.hu\/#website\"},\"datePublished\":\"2019-09-27T07:34:09+00:00\",\"dateModified\":\"2019-09-27T08:33:36+00:00\",\"author\":{\"@id\":\"https:\/\/kezilabdahajduszoboszlo.hu\/#\/schema\/person\/5ec50fcc18790ccded9abbc4a29d0336\"},\"breadcrumb\":{\"@id\":\"https:\/\/kezilabdahajduszoboszlo.hu\/?p=240#breadcrumb\"},\"inLanguage\":\"hu\",\"potentialAction\":[{\"@type\":\"ReadAction\",\"target\":[\"https:\/\/kezilabdahajduszoboszlo.hu\/?p=240\"]}]},{\"@type\":\"BreadcrumbList\",\"@id\":\"https:\/\/kezilabdahajduszoboszlo.hu\/?p=240#breadcrumb\",\"itemListElement\":[{\"@type\":\"ListItem\",\"position\":1,\"name\":\"Home\",\"item\":\"https:\/\/kezilabdahajduszoboszlo.hu\/\"},{\"@type\":\"ListItem\",\"position\":2,\"name\":\"\u00daj taggal b\u0151v\u00fclt Egyes\u00fclet\u00fcnk szakmai st\u00e1bja.\"}]},{\"@type\":\"WebSite\",\"@id\":\"https:\/\/kezilabdahajduszoboszlo.hu\/#website\",\"url\":\"https:\/\/kezilabdahajduszoboszlo.hu\/\",\"name\":\"K\u00e9zilabda Klub Hajd\u00faszoboszl\u00f3\",\"description\":\"\",\"potentialAction\":[{\"@type\":\"SearchAction\",\"target\":{\"@type\":\"EntryPoint\",\"urlTemplate\":\"https:\/\/kezilabdahajduszoboszlo.hu\/?s={search_term_string}\"},\"query-input\":\"required name=search_term_string\"}],\"inLanguage\":\"hu\"},{\"@type\":\"Person\",\"@id\":\"https:\/\/kezilabdahajduszoboszlo.hu\/#\/schema\/person\/5ec50fcc18790ccded9abbc4a29d0336\",\"name\":\"Kapusi Kriszti\u00e1n\",\"image\":{\"@type\":\"ImageObject\",\"inLanguage\":\"hu\",\"@id\":\"https:\/\/kezilabdahajduszoboszlo.hu\/#\/schema\/person\/image\/\",\"url\":\"https:\/\/secure.gravatar.com\/avatar\/3105527c52c6c13b3dacf30efd34a992?s=96&d=mm&r=g\",\"contentUrl\":\"https:\/\/secure.gravatar.com\/avatar\/3105527c52c6c13b3dacf30efd34a992?s=96&d=mm&r=g\",\"caption\":\"Kapusi Kriszti\u00e1n\"},\"sameAs\":[\"http:\/\/kezilabdahajduszoboszlo\"],\"url\":\"https:\/\/kezilabdahajduszoboszlo.hu\/?author=2\"}]}<\/script>\n<!-- \/ Yoast SEO plugin. -->","yoast_head_json":{"title":"\u00daj taggal b\u0151v\u00fclt Egyes\u00fclet\u00fcnk szakmai st\u00e1bja. - K\u00e9zilabda Klub Hajd\u00faszoboszl\u00f3","robots":{"index":"index","follow":"follow","max-snippet":"max-snippet:-1","max-image-preview":"max-image-preview:large","max-video-preview":"max-video-preview:-1"},"canonical":"https:\/\/kezilabdahajduszoboszlo.hu\/?p=240","og_locale":"hu_HU","og_type":"article","og_title":"\u00daj taggal b\u0151v\u00fclt Egyes\u00fclet\u00fcnk szakmai st\u00e1bja. - K\u00e9zilabda Klub Hajd\u00faszoboszl\u00f3","og_description":"\u00a0 \u00a0Az elm\u00falt napokban egy gy\u00f3gytorn\u00e1sszal, Debity Bogl\u00e1rk\u00e1val b\u0151v\u00fclt az egyes\u00fclet\u00fcnk szakmai st\u00e1bja, az \u0150 bemutatkoz\u00f3 sorait olvashatj\u00e1k: \u00a0 \u00a0Debity Bogl\u00e1rka vagyok, gy\u00f3gytorn\u00e1sz-fizioterapeuta, hum\u00e1nkineziol\u00f3gus. Egyetemi tanulm\u00e1nyaimat a Debreceni Egyetem N\u00e9peg\u00e9szs\u00e9g\u00fcgyi Kar\u00e1nak Gy\u00f3gytorn\u00e1sz szak\u00e1n kezdtem (BSc), majd a diploma megszerz\u00e9se ut\u00e1n &hellip; Egy kattint\u00e1s ide a folytat\u00e1shoz.... &rarr;","og_url":"https:\/\/kezilabdahajduszoboszlo.hu\/?p=240","og_site_name":"K\u00e9zilabda Klub Hajd\u00faszoboszl\u00f3","article_published_time":"2019-09-27T07:34:09+00:00","article_modified_time":"2019-09-27T08:33:36+00:00","og_image":[{"width":1219,"height":1863,"url":"https:\/\/kezilabdahajduszoboszlo.hu\/wp-content\/uploads\/2019\/09\/71497416_1349328761909318_4239738178396749824_n.jpg","type":"image\/jpeg"}],"author":"Kapusi Kriszti\u00e1n","twitter_card":"summary_large_image","twitter_misc":{"Szerz\u0151:":"Kapusi Kriszti\u00e1n","Becs\u00fclt olvas\u00e1si id\u0151":"3 perc"},"schema":{"@context":"https:\/\/schema.org","@graph":[{"@type":"WebPage","@id":"https:\/\/kezilabdahajduszoboszlo.hu\/?p=240","url":"https:\/\/kezilabdahajduszoboszlo.hu\/?p=240","name":"\u00daj taggal b\u0151v\u00fclt Egyes\u00fclet\u00fcnk szakmai st\u00e1bja. - K\u00e9zilabda Klub Hajd\u00faszoboszl\u00f3","isPartOf":{"@id":"https:\/\/kezilabdahajduszoboszlo.hu\/#website"},"datePublished":"2019-09-27T07:34:09+00:00","dateModified":"2019-09-27T08:33:36+00:00","author":{"@id":"https:\/\/kezilabdahajduszoboszlo.hu\/#\/schema\/person\/5ec50fcc18790ccded9abbc4a29d0336"},"breadcrumb":{"@id":"https:\/\/kezilabdahajduszoboszlo.hu\/?p=240#breadcrumb"},"inLanguage":"hu","potentialAction":[{"@type":"ReadAction","target":["https:\/\/kezilabdahajduszoboszlo.hu\/?p=240"]}]},{"@type":"BreadcrumbList","@id":"https:\/\/kezilabdahajduszoboszlo.hu\/?p=240#breadcrumb","itemListElement":[{"@type":"ListItem","position":1,"name":"Home","item":"https:\/\/kezilabdahajduszoboszlo.hu\/"},{"@type":"ListItem","position":2,"name":"\u00daj taggal b\u0151v\u00fclt Egyes\u00fclet\u00fcnk szakmai st\u00e1bja."}]},{"@type":"WebSite","@id":"https:\/\/kezilabdahajduszoboszlo.hu\/#website","url":"https:\/\/kezilabdahajduszoboszlo.hu\/","name":"K\u00e9zilabda Klub Hajd\u00faszoboszl\u00f3","description":"","potentialAction":[{"@type":"SearchAction","target":{"@type":"EntryPoint","urlTemplate":"https:\/\/kezilabdahajduszoboszlo.hu\/?s={search_term_string}"},"query-input":"required name=search_term_string"}],"inLanguage":"hu"},{"@type":"Person","@id":"https:\/\/kezilabdahajduszoboszlo.hu\/#\/schema\/person\/5ec50fcc18790ccded9abbc4a29d0336","name":"Kapusi Kriszti\u00e1n","image":{"@type":"ImageObject","inLanguage":"hu","@id":"https:\/\/kezilabdahajduszoboszlo.hu\/#\/schema\/person\/image\/","url":"https:\/\/secure.gravatar.com\/avatar\/3105527c52c6c13b3dacf30efd34a992?s=96&d=mm&r=g","contentUrl":"https:\/\/secure.gravatar.com\/avatar\/3105527c52c6c13b3dacf30efd34a992?s=96&d=mm&r=g","caption":"Kapusi Kriszti\u00e1n"},"sameAs":["http:\/\/kezilabdahajduszoboszlo"],"url":"https:\/\/kezilabdahajduszoboszlo.hu\/?author=2"}]}},"_links":{"self":[{"href":"https:\/\/kezilabdahajduszoboszlo.hu\/index.php?rest_route=\/wp\/v2\/posts\/240"}],"collection":[{"href":"https:\/\/kezilabdahajduszoboszlo.hu\/index.php?rest_route=\/wp\/v2\/posts"}],"about":[{"href":"https:\/\/kezilabdahajduszoboszlo.hu\/index.php?rest_route=\/wp\/v2\/types\/post"}],"author":[{"embeddable":true,"href":"https:\/\/kezilabdahajduszoboszlo.hu\/index.php?rest_route=\/wp\/v2\/users\/2"}],"replies":[{"embeddable":true,"href":"https:\/\/kezilabdahajduszoboszlo.hu\/index.php?rest_route=%2Fwp%2Fv2%2Fcomments&post=240"}],"version-history":[{"count":3,"href":"https:\/\/kezilabdahajduszoboszlo.hu\/index.php?rest_route=\/wp\/v2\/posts\/240\/revisions"}],"predecessor-version":[{"id":245,"href":"https:\/\/kezilabdahajduszoboszlo.hu\/index.php?rest_route=\/wp\/v2\/posts\/240\/revisions\/245"}],"wp:featuredmedia":[{"embeddable":true,"href":"https:\/\/kezilabdahajduszoboszlo.hu\/index.php?rest_route=\/wp\/v2\/media\/241"}],"wp:attachment":[{"href":"https:\/\/kezilabdahajduszoboszlo.hu\/index.php?rest_route=%2Fwp%2Fv2%2Fmedia&parent=240"}],"wp:term":[{"taxonomy":"category","embeddable":true,"href":"https:\/\/kezilabdahajduszoboszlo.hu\/index.php?rest_route=%2Fwp%2Fv2%2Fcategories&post=240"},{"taxonomy":"post_tag","embeddable":true,"href":"https:\/\/kezilabdahajduszoboszlo.hu\/index.php?rest_route=%2Fwp%2Fv2%2Ftags&post=240"}],"curies":[{"name":"wp","href":"https:\/\/api.w.org\/{rel}","templated":true}]}}