{"id":248,"date":"2019-10-04T17:11:51","date_gmt":"2019-10-04T17:11:51","guid":{"rendered":"http:\/\/kezilabdahajduszoboszlo.hu\/?p=248"},"modified":"2019-10-04T17:11:51","modified_gmt":"2019-10-04T17:11:51","slug":"interju-kapusi-krisztiannal-az-u11-es-u12-csapat-edzojevel","status":"publish","type":"post","link":"https:\/\/kezilabdahajduszoboszlo.hu\/?p=248","title":{"rendered":"Interj\u00fa Kapusi Kriszti\u00e1nnal, az U11 \u00e9s U12 csapat edz\u0151j\u00e9vel."},"content":{"rendered":"<p><strong>T\u0151sgy\u00f6keres hajd\u00faszoboszl\u00f3i vagy \u00e9s aki egy kicsit j\u00e1ratos a sportban tudja r\u00f3lad, hogy \u201evan k\u00f6z\u00f6d\u201d a k\u00e9zilabd\u00e1hoz! K\u00e9rlek, mes\u00e9lj a sporthoz f\u0171z\u0151d\u0151 viszonyodr\u00f3l, sportol\u00f3i p\u00e1ly\u00e1dr\u00f3l!<\/strong><\/p>\n<p>Ez \u00edgy van, nagyk\u00e9p\u0171s\u00e9g n\u00e9lk\u00fcl \u00e1ll\u00edthatom, hogy a nevem nem ismeretlen a helyi sport\u00e9letben, a k\u00e9zilabda \u00e9s a labdar\u00fag\u00f3 p\u00e1ly\u00e1k k\u00f6rny\u00e9k\u00e9n egyar\u00e1nt. Az egyik oka, hogy hossz\u00fa \u00e9veken kereszt\u00fcl voltam tagja a helyi f\u00e9rfi k\u00e9zilabda csapatnak, illetve \u201efocista\u201d csal\u00e1db\u00f3l sz\u00e1rmazom, az apuk\u00e1m labdar\u00fag\u00f3 volt, illetve a nagypap\u00e1m t\u00f6bb mint 50 \u00e9ven kereszt\u00fcl volt a helyi labdar\u00fag\u00f3 csapat gy\u00far\u00f3ja, melyet a v\u00e1ros H\u00fcse K\u00e1roly-d\u00edjjal honor\u00e1lt.<\/p>\n<p>A fenti sorokb\u00f3l k\u00f6vetkezik, hogy \u00c9n is labdar\u00fag\u00f3k\u00e9nt pr\u00f3b\u00e1lkoztam, m\u00e9g tehets\u00e9gem is volt hozz\u00e1, de a v\u00e9g\u00e9n a k\u00e9zilabd\u00e1n\u00e1l k\u00f6t\u00f6ttem ki, melyet soha nem b\u00e1ntam meg.<\/p>\n<p><strong>K\u00e9t \u00e9vvel ezel\u0151tt csatlakozt\u00e1l a Klub szakmai teamj\u00e9hez. Mi k\u00e9sztetett erre?<\/strong><\/p>\n<p>Erre egyszer\u0171 a v\u00e1laszom, eleve Balogh S\u00e1ndor Eln\u00f6k \u00dar adta meg a kezd\u0151 l\u00f6ketet az edz\u0151i tanfolyam elv\u00e9gz\u00e9s\u00e9hez, \u00edgy az \u0150 felk\u00e9r\u00e9s\u00e9re csatlakoztam az egyes\u00fclethez. A f\u0151 mozgat\u00f3rug\u00f3m, hogy min\u00e9l t\u00f6bb j\u00f3 sportol\u00f3t, \u00e9s embert neveljek a j\u00f6v\u0151 t\u00e1rsadalm\u00e1nak.<\/p>\n<p><strong>Mikor szerezted meg az edz\u0151i v\u00e9gzetts\u00e9gedet?<\/strong><\/p>\n<p>&nbsp;<\/p>\n<p>2016 nyar\u00e1t\u00f3l mondhatom el magamr\u00f3l, hogy edz\u0151i v\u00e9gzetts\u00e9gem is van.<\/p>\n<p>&nbsp;<\/p>\n<p><strong>Edz\u0151i p\u00e1lyafut\u00e1sod elej\u00e9n j\u00e1rsz, de gondolom van hat\u00e1rozott c\u00e9lod,terved a j\u00f6v\u0151ddel kapcsolatban. Mi ez?<\/strong><\/p>\n<p>A p\u00e1ly\u00e1m elej\u00e9n j\u00e1rok m\u00e9g, tanulom ezt a nem k\u00f6nny\u0171 \u201eszakm\u00e1t\u201d, magam el\u00e9 folyamatosan r\u00f6vid t\u00e1v\u00fa c\u00e9lokat t\u0171zik ki, melyben most a legfontosabb priorit\u00e1st \u00e9lvezi, hogy a j\u00e1t\u00e9kosaimb\u00f3l t\u00e9nyleg igazi csapatot faragjak, akik egym\u00e1s\u00e9rt, \u00e9s az Egyes\u00fclet\u00fck\u00e9rt k\u00fczdenek! Szem\u00e9lyekre lebontva pedig mindenki pr\u00f3b\u00e1lja mag\u00e1b\u00f3l kihozni a maximumot, illetve pr\u00f3b\u00e1lom el\u00e9rni, hogy mindenkiben meglegyen a kell\u0151 vag\u00e1nys\u00e1g a p\u00e1ly\u00e1n. A saj\u00e1t \u00d6n\u00f6s c\u00e9lom pedig, hogy folyamatosan fejlesszem a tud\u00e1somat k\u00e9zilabda edz\u0151i \u00e9s \u201epedag\u00f3gusi\u201d min\u0151s\u00e9gemben is.<\/p>\n<p><strong>Tavalyi id\u00e9nyben Lajtos Bogl\u00e1rk\u00e1val egy\u00fctt dolgozt\u00e1l az akkori U11-es csoporttal. Milyen volt az els\u0151 \u00e9v?<\/strong><\/p>\n<p>Sablonosnak fog t\u0171nni, amit mondok, de Bogi \u201en\u00e9nivel\u201d t\u00e9nyleg j\u00f3 munkakapcsolatunk volt, mivel nagyon hasonl\u00f3an gondolkodtunk err\u0151l a j\u00e1t\u00e9kr\u00f3l. Az el\u0151z\u0151 \u00e9vadban m\u00e9g k\u00e9t k\u00fcl\u00f6n csapatk\u00e9nt versenyeztek a l\u00e1nyok, a \u201eS\u00e1rk\u00e1nyok\u201d \u00e9s \u201e\u00d6rd\u00f6g\u00f6k\u201d, de m\u00e1r eg\u00e9sz \u00e9vben egy\u00fctt edzett\u00fcnk, hogy az idei \u00e9vben z\u00f6kken\u0151mentesen alkossanak egy csapatot.<\/p>\n<p><strong>Ebben az \u00e9vben teljes eg\u00e9sz\u00e9ben Te vagy ennek a koroszt\u00e1lynak a vezet\u0151edz\u0151je. Mennyire szokatlan ez a szerep? Hogy \u00e9rzed magad?<\/strong><\/p>\n<p>Tal\u00e1n mondhatom azt, hogy az els\u0151 edz\u00e9sen m\u00e9g kicsit tal\u00e1n szokatlan volt, hogy csak \u00c9n vagyok, de gyorsan felvettem a ritmust, igaz nagyon f\u00e1raszt\u00f3, de \u00e9lvezem.<\/p>\n<p><strong>Te is kapt\u00e1l seg\u00edts\u00e9get Kerezsi Nikolett \u2013 feln\u0151tt csapat j\u00e1t\u00e9kosa\u00a0 &#8211; szem\u00e9ly\u00e9ben. Mi a munkamegoszt\u00e1sotok alapja? Hogyan tudtok egy\u00fctt dolgozni?<\/strong><\/p>\n<p><strong>\u00a0<\/strong><\/p>\n<p>M\u00e9g nagyon friss a dolog, hiszen csak 1 h\u00f3napja dolgozunk egy\u00fctt, de a v\u00e9lem\u00e9nyem szerint gy\u00fcm\u00f6lcs\u00f6z\u0151 lesz a k\u00f6z\u00f6s munka, mivel \u0150 is tud egy \u00faj sz\u00ednt belevinni a gyerekek k\u00e9pz\u00e9s\u00e9be. K\u00fcl\u00f6nb\u00f6z\u0151 posztokon j\u00e1tszottunk a p\u00e1ly\u00e1n, \u00edgy\u00a0 m\u00e1s szemsz\u00f6gb\u0151l l\u00e1tja a dolgokat egyes esetekben, mint \u00c9n, \u00e9s ez kifizet\u0151d\u0151 lehet a j\u00f6v\u0151re n\u00e9zve.<\/p>\n<p>&nbsp;<\/p>\n<p><strong>Mennyi gyermek pall\u00e9roz\u00f3dik a kezetek alatt? Hol vannak az edz\u00e9seitek?<\/strong><\/p>\n<p>Jelenleg 18 f\u0151 alkotja a csapatot, heti 3 edz\u00e9st tartunk, kedden Kab\u00e1n, szerd\u00e1n a V\u00e1rosi Sporth\u00e1zban (Ez\u00e9rt k\u00fcl\u00f6n k\u00f6sz\u00f6net j\u00e1r a v\u00e1rosi \u00d6nkorm\u00e1nyzatnak, hogy biztos\u00edtotta a lehet\u0151s\u00e9get), illetve cs\u00fct\u00f6rt\u00f6k\u00f6n a G\u00f6nczy P\u00e1l \u00c1ltal\u00e1nos Iskola tornaterm\u00e9ben. Ezen fel\u00fcl az Egyes\u00fclet biztos\u00edt a j\u00e1t\u00e9kosok sz\u00e1mra egy\u00e9ni k\u00e9pz\u00e9si lehet\u0151s\u00e9get is, amely egy Kapusedz\u00e9st takar h\u00e9tf\u0151n, illetve m\u00e9g a mez\u0151nyj\u00e1t\u00e9kosok sz\u00e1m\u00e1ra is biztos\u00edt mostant\u00f3l egy speci\u00e1lis, posztonk\u00e9nti felk\u00e9sz\u00edt\u00e9st.<\/p>\n<p><strong>Hogyan lehet hozz\u00e1tok csatlakozni?<\/strong><\/p>\n<p>A mai vil\u00e1gban m\u00e1r a b\u0151s\u00e9g zavar\u00e1val k\u00fczd\u00fcnk a kommunik\u00e1ci\u00f3s csatorn\u00e1k vonatkoz\u00e1s\u00e1ban, \u00edgy azt\u00e1n el lehet \u00e9rni a mobilomon (+3670-360 3117), az Egyes\u00fclet \u00e9s a saj\u00e1t facebook oldalamon, illetve a <a href=\"mailto:kapusi.krisztian@gmail.com\">kapusi.krisztian@gmail.com<\/a> e-mail c\u00edmen.<\/p>\n<p><strong>Ha j\u00f3l tudom versenyz\u00e9s szempontj\u00e1b\u00f3l ez az id\u00e9ny egy teljesen \u00faj forma lesz, hiszen nem csak a saj\u00e1t koroszt\u00e1lyukban, hanem az eggyel id\u0151sebbek k\u00f6z\u00f6tt is megm\u00e9rettetnek a l\u00e1nyok. Mi\u00e9rt d\u00f6nt\u00f6ttetek \u00edgy?<\/strong><\/p>\n<p>A l\u00e1nyoknak eleve \u00faj lesz a j\u00e1t\u00e9k, mivel most lesz az els\u0151 \u00e9v\u00fck a hagyom\u00e1nyos k\u00e9zilabd\u00e1ban, itt t\u00f6bb emberrel, nagyobb p\u00e1ly\u00e1val, illetve a b\u0151r k\u00e9zilabd\u00e1val is meg kell k\u00fczdeni\u00fck, de mivel nagyon \u00fcgyesek a l\u00e1nyok, \u00fagy gondolom hamar hozz\u00e1 fognak szokni az \u00fajdons\u00e1gokhoz.<\/p>\n<p>K\u00e9t oka is van a 2 koroszt\u00e1lyban szerepl\u00e9snek, az egyik \u00a0oka az,hogy a nagy l\u00e9tsz\u00e1m miatt mindenki megkapja a kell\u0151 lehet\u0151s\u00e9get a p\u00e1ly\u00e1n is, nem csak az edz\u00e9sen, a m\u00e1sik pedig a fejl\u0151d\u00e9s\u00fck szempontj\u00e1b\u00f3l eredm\u00e9nyes lehet az magasabb koroszt\u00e1lyban val\u00f3 szerepl\u00e9s, ahol helyenk\u00e9nt nagyobb er\u0151bedob\u00e1sra, figyelemre lehet sz\u00fcks\u00e9g.<\/p>\n<p>&nbsp;<\/p>\n<p><strong>Ha h\u00e1rom sz\u00f3ban kellene \u00f6sszefoglalnod edz\u0151i hitvall\u00e1sodat melyek lenn\u00e9nek azok?<\/strong><\/p>\n<p>Kitart\u00e1s, elhivatotts\u00e1g, egys\u00e9g.<\/p>\n","protected":false},"excerpt":{"rendered":"<p>T\u0151sgy\u00f6keres hajd\u00faszoboszl\u00f3i vagy \u00e9s aki egy kicsit j\u00e1ratos a sportban tudja r\u00f3lad, hogy \u201evan k\u00f6z\u00f6d\u201d a k\u00e9zilabd\u00e1hoz! K\u00e9rlek, mes\u00e9lj a sporthoz f\u0171z\u0151d\u0151 viszonyodr\u00f3l, sportol\u00f3i p\u00e1ly\u00e1dr\u00f3l! Ez \u00edgy van, nagyk\u00e9p\u0171s\u00e9g n\u00e9lk\u00fcl \u00e1ll\u00edthatom, hogy a nevem nem ismeretlen a helyi sport\u00e9letben, a &hellip; <a href=\"https:\/\/kezilabdahajduszoboszlo.hu\/?p=248\">Egy kattint\u00e1s ide a folytat\u00e1shoz&#8230;. <span class=\"meta-nav\">&rarr;<\/span><\/a><\/p>\n","protected":false},"author":2,"featured_media":249,"comment_status":"open","ping_status":"open","sticky":false,"template":"","format":"standard","meta":{"_monsterinsights_skip_tracking":false,"_monsterinsights_sitenote_active":false,"_monsterinsights_sitenote_note":"","_monsterinsights_sitenote_category":0,"footnotes":""},"categories":[5],"tags":[],"yoast_head":"<!-- This site is optimized with the Yoast SEO plugin v21.8.1 - https:\/\/yoast.com\/wordpress\/plugins\/seo\/ -->\n<title>Interj\u00fa Kapusi Kriszti\u00e1nnal, az U11 \u00e9s U12 csapat edz\u0151j\u00e9vel. - K\u00e9zilabda Klub Hajd\u00faszoboszl\u00f3<\/title>\n<meta name=\"robots\" content=\"index, follow, max-snippet:-1, max-image-preview:large, max-video-preview:-1\" \/>\n<link rel=\"canonical\" href=\"https:\/\/kezilabdahajduszoboszlo.hu\/?p=248\" \/>\n<meta property=\"og:locale\" content=\"hu_HU\" \/>\n<meta property=\"og:type\" content=\"article\" \/>\n<meta property=\"og:title\" content=\"Interj\u00fa Kapusi Kriszti\u00e1nnal, az U11 \u00e9s U12 csapat edz\u0151j\u00e9vel. - K\u00e9zilabda Klub Hajd\u00faszoboszl\u00f3\" \/>\n<meta property=\"og:description\" content=\"T\u0151sgy\u00f6keres hajd\u00faszoboszl\u00f3i vagy \u00e9s aki egy kicsit j\u00e1ratos a sportban tudja r\u00f3lad, hogy \u201evan k\u00f6z\u00f6d\u201d a k\u00e9zilabd\u00e1hoz! K\u00e9rlek, mes\u00e9lj a sporthoz f\u0171z\u0151d\u0151 viszonyodr\u00f3l, sportol\u00f3i p\u00e1ly\u00e1dr\u00f3l! Ez \u00edgy van, nagyk\u00e9p\u0171s\u00e9g n\u00e9lk\u00fcl \u00e1ll\u00edthatom, hogy a nevem nem ismeretlen a helyi sport\u00e9letben, a &hellip; Egy kattint\u00e1s ide a folytat\u00e1shoz.... &rarr;\" \/>\n<meta property=\"og:url\" content=\"https:\/\/kezilabdahajduszoboszlo.hu\/?p=248\" \/>\n<meta property=\"og:site_name\" content=\"K\u00e9zilabda Klub Hajd\u00faszoboszl\u00f3\" \/>\n<meta property=\"article:published_time\" content=\"2019-10-04T17:11:51+00:00\" \/>\n<meta property=\"og:image\" content=\"https:\/\/kezilabdahajduszoboszlo.hu\/wp-content\/uploads\/2019\/10\/62186994_2320047971540288_7732841604288872448_n.jpg\" \/>\n\t<meta property=\"og:image:width\" content=\"960\" \/>\n\t<meta property=\"og:image:height\" content=\"720\" \/>\n\t<meta property=\"og:image:type\" content=\"image\/jpeg\" \/>\n<meta name=\"author\" content=\"Kapusi Kriszti\u00e1n\" \/>\n<meta name=\"twitter:card\" content=\"summary_large_image\" \/>\n<meta name=\"twitter:label1\" content=\"Szerz\u0151:\" \/>\n\t<meta name=\"twitter:data1\" content=\"Kapusi Kriszti\u00e1n\" \/>\n\t<meta name=\"twitter:label2\" content=\"Becs\u00fclt olvas\u00e1si id\u0151\" \/>\n\t<meta name=\"twitter:data2\" content=\"5 perc\" \/>\n<script type=\"application\/ld+json\" class=\"yoast-schema-graph\">{\"@context\":\"https:\/\/schema.org\",\"@graph\":[{\"@type\":\"WebPage\",\"@id\":\"https:\/\/kezilabdahajduszoboszlo.hu\/?p=248\",\"url\":\"https:\/\/kezilabdahajduszoboszlo.hu\/?p=248\",\"name\":\"Interj\u00fa Kapusi Kriszti\u00e1nnal, az U11 \u00e9s U12 csapat edz\u0151j\u00e9vel. - K\u00e9zilabda Klub Hajd\u00faszoboszl\u00f3\",\"isPartOf\":{\"@id\":\"https:\/\/kezilabdahajduszoboszlo.hu\/#website\"},\"datePublished\":\"2019-10-04T17:11:51+00:00\",\"dateModified\":\"2019-10-04T17:11:51+00:00\",\"author\":{\"@id\":\"https:\/\/kezilabdahajduszoboszlo.hu\/#\/schema\/person\/5ec50fcc18790ccded9abbc4a29d0336\"},\"breadcrumb\":{\"@id\":\"https:\/\/kezilabdahajduszoboszlo.hu\/?p=248#breadcrumb\"},\"inLanguage\":\"hu\",\"potentialAction\":[{\"@type\":\"ReadAction\",\"target\":[\"https:\/\/kezilabdahajduszoboszlo.hu\/?p=248\"]}]},{\"@type\":\"BreadcrumbList\",\"@id\":\"https:\/\/kezilabdahajduszoboszlo.hu\/?p=248#breadcrumb\",\"itemListElement\":[{\"@type\":\"ListItem\",\"position\":1,\"name\":\"Home\",\"item\":\"https:\/\/kezilabdahajduszoboszlo.hu\/\"},{\"@type\":\"ListItem\",\"position\":2,\"name\":\"Interj\u00fa Kapusi Kriszti\u00e1nnal, az U11 \u00e9s U12 csapat edz\u0151j\u00e9vel.\"}]},{\"@type\":\"WebSite\",\"@id\":\"https:\/\/kezilabdahajduszoboszlo.hu\/#website\",\"url\":\"https:\/\/kezilabdahajduszoboszlo.hu\/\",\"name\":\"K\u00e9zilabda Klub Hajd\u00faszoboszl\u00f3\",\"description\":\"\",\"potentialAction\":[{\"@type\":\"SearchAction\",\"target\":{\"@type\":\"EntryPoint\",\"urlTemplate\":\"https:\/\/kezilabdahajduszoboszlo.hu\/?s={search_term_string}\"},\"query-input\":\"required name=search_term_string\"}],\"inLanguage\":\"hu\"},{\"@type\":\"Person\",\"@id\":\"https:\/\/kezilabdahajduszoboszlo.hu\/#\/schema\/person\/5ec50fcc18790ccded9abbc4a29d0336\",\"name\":\"Kapusi Kriszti\u00e1n\",\"image\":{\"@type\":\"ImageObject\",\"inLanguage\":\"hu\",\"@id\":\"https:\/\/kezilabdahajduszoboszlo.hu\/#\/schema\/person\/image\/\",\"url\":\"https:\/\/secure.gravatar.com\/avatar\/3105527c52c6c13b3dacf30efd34a992?s=96&d=mm&r=g\",\"contentUrl\":\"https:\/\/secure.gravatar.com\/avatar\/3105527c52c6c13b3dacf30efd34a992?s=96&d=mm&r=g\",\"caption\":\"Kapusi Kriszti\u00e1n\"},\"sameAs\":[\"http:\/\/kezilabdahajduszoboszlo\"],\"url\":\"https:\/\/kezilabdahajduszoboszlo.hu\/?author=2\"}]}<\/script>\n<!-- \/ Yoast SEO plugin. -->","yoast_head_json":{"title":"Interj\u00fa Kapusi Kriszti\u00e1nnal, az U11 \u00e9s U12 csapat edz\u0151j\u00e9vel. - K\u00e9zilabda Klub Hajd\u00faszoboszl\u00f3","robots":{"index":"index","follow":"follow","max-snippet":"max-snippet:-1","max-image-preview":"max-image-preview:large","max-video-preview":"max-video-preview:-1"},"canonical":"https:\/\/kezilabdahajduszoboszlo.hu\/?p=248","og_locale":"hu_HU","og_type":"article","og_title":"Interj\u00fa Kapusi Kriszti\u00e1nnal, az U11 \u00e9s U12 csapat edz\u0151j\u00e9vel. - K\u00e9zilabda Klub Hajd\u00faszoboszl\u00f3","og_description":"T\u0151sgy\u00f6keres hajd\u00faszoboszl\u00f3i vagy \u00e9s aki egy kicsit j\u00e1ratos a sportban tudja r\u00f3lad, hogy \u201evan k\u00f6z\u00f6d\u201d a k\u00e9zilabd\u00e1hoz! K\u00e9rlek, mes\u00e9lj a sporthoz f\u0171z\u0151d\u0151 viszonyodr\u00f3l, sportol\u00f3i p\u00e1ly\u00e1dr\u00f3l! Ez \u00edgy van, nagyk\u00e9p\u0171s\u00e9g n\u00e9lk\u00fcl \u00e1ll\u00edthatom, hogy a nevem nem ismeretlen a helyi sport\u00e9letben, a &hellip; Egy kattint\u00e1s ide a folytat\u00e1shoz.... &rarr;","og_url":"https:\/\/kezilabdahajduszoboszlo.hu\/?p=248","og_site_name":"K\u00e9zilabda Klub Hajd\u00faszoboszl\u00f3","article_published_time":"2019-10-04T17:11:51+00:00","og_image":[{"width":960,"height":720,"url":"https:\/\/kezilabdahajduszoboszlo.hu\/wp-content\/uploads\/2019\/10\/62186994_2320047971540288_7732841604288872448_n.jpg","type":"image\/jpeg"}],"author":"Kapusi Kriszti\u00e1n","twitter_card":"summary_large_image","twitter_misc":{"Szerz\u0151:":"Kapusi Kriszti\u00e1n","Becs\u00fclt olvas\u00e1si id\u0151":"5 perc"},"schema":{"@context":"https:\/\/schema.org","@graph":[{"@type":"WebPage","@id":"https:\/\/kezilabdahajduszoboszlo.hu\/?p=248","url":"https:\/\/kezilabdahajduszoboszlo.hu\/?p=248","name":"Interj\u00fa Kapusi Kriszti\u00e1nnal, az U11 \u00e9s U12 csapat edz\u0151j\u00e9vel. - K\u00e9zilabda Klub Hajd\u00faszoboszl\u00f3","isPartOf":{"@id":"https:\/\/kezilabdahajduszoboszlo.hu\/#website"},"datePublished":"2019-10-04T17:11:51+00:00","dateModified":"2019-10-04T17:11:51+00:00","author":{"@id":"https:\/\/kezilabdahajduszoboszlo.hu\/#\/schema\/person\/5ec50fcc18790ccded9abbc4a29d0336"},"breadcrumb":{"@id":"https:\/\/kezilabdahajduszoboszlo.hu\/?p=248#breadcrumb"},"inLanguage":"hu","potentialAction":[{"@type":"ReadAction","target":["https:\/\/kezilabdahajduszoboszlo.hu\/?p=248"]}]},{"@type":"BreadcrumbList","@id":"https:\/\/kezilabdahajduszoboszlo.hu\/?p=248#breadcrumb","itemListElement":[{"@type":"ListItem","position":1,"name":"Home","item":"https:\/\/kezilabdahajduszoboszlo.hu\/"},{"@type":"ListItem","position":2,"name":"Interj\u00fa Kapusi Kriszti\u00e1nnal, az U11 \u00e9s U12 csapat edz\u0151j\u00e9vel."}]},{"@type":"WebSite","@id":"https:\/\/kezilabdahajduszoboszlo.hu\/#website","url":"https:\/\/kezilabdahajduszoboszlo.hu\/","name":"K\u00e9zilabda Klub Hajd\u00faszoboszl\u00f3","description":"","potentialAction":[{"@type":"SearchAction","target":{"@type":"EntryPoint","urlTemplate":"https:\/\/kezilabdahajduszoboszlo.hu\/?s={search_term_string}"},"query-input":"required name=search_term_string"}],"inLanguage":"hu"},{"@type":"Person","@id":"https:\/\/kezilabdahajduszoboszlo.hu\/#\/schema\/person\/5ec50fcc18790ccded9abbc4a29d0336","name":"Kapusi Kriszti\u00e1n","image":{"@type":"ImageObject","inLanguage":"hu","@id":"https:\/\/kezilabdahajduszoboszlo.hu\/#\/schema\/person\/image\/","url":"https:\/\/secure.gravatar.com\/avatar\/3105527c52c6c13b3dacf30efd34a992?s=96&d=mm&r=g","contentUrl":"https:\/\/secure.gravatar.com\/avatar\/3105527c52c6c13b3dacf30efd34a992?s=96&d=mm&r=g","caption":"Kapusi Kriszti\u00e1n"},"sameAs":["http:\/\/kezilabdahajduszoboszlo"],"url":"https:\/\/kezilabdahajduszoboszlo.hu\/?author=2"}]}},"_links":{"self":[{"href":"https:\/\/kezilabdahajduszoboszlo.hu\/index.php?rest_route=\/wp\/v2\/posts\/248"}],"collection":[{"href":"https:\/\/kezilabdahajduszoboszlo.hu\/index.php?rest_route=\/wp\/v2\/posts"}],"about":[{"href":"https:\/\/kezilabdahajduszoboszlo.hu\/index.php?rest_route=\/wp\/v2\/types\/post"}],"author":[{"embeddable":true,"href":"https:\/\/kezilabdahajduszoboszlo.hu\/index.php?rest_route=\/wp\/v2\/users\/2"}],"replies":[{"embeddable":true,"href":"https:\/\/kezilabdahajduszoboszlo.hu\/index.php?rest_route=%2Fwp%2Fv2%2Fcomments&post=248"}],"version-history":[{"count":1,"href":"https:\/\/kezilabdahajduszoboszlo.hu\/index.php?rest_route=\/wp\/v2\/posts\/248\/revisions"}],"predecessor-version":[{"id":250,"href":"https:\/\/kezilabdahajduszoboszlo.hu\/index.php?rest_route=\/wp\/v2\/posts\/248\/revisions\/250"}],"wp:featuredmedia":[{"embeddable":true,"href":"https:\/\/kezilabdahajduszoboszlo.hu\/index.php?rest_route=\/wp\/v2\/media\/249"}],"wp:attachment":[{"href":"https:\/\/kezilabdahajduszoboszlo.hu\/index.php?rest_route=%2Fwp%2Fv2%2Fmedia&parent=248"}],"wp:term":[{"taxonomy":"category","embeddable":true,"href":"https:\/\/kezilabdahajduszoboszlo.hu\/index.php?rest_route=%2Fwp%2Fv2%2Fcategories&post=248"},{"taxonomy":"post_tag","embeddable":true,"href":"https:\/\/kezilabdahajduszoboszlo.hu\/index.php?rest_route=%2Fwp%2Fv2%2Ftags&post=248"}],"curies":[{"name":"wp","href":"https:\/\/api.w.org\/{rel}","templated":true}]}}