{"id":265,"date":"2019-10-10T11:29:55","date_gmt":"2019-10-10T11:29:55","guid":{"rendered":"http:\/\/kezilabdahajduszoboszlo.hu\/?p=265"},"modified":"2019-10-10T11:34:43","modified_gmt":"2019-10-10T11:34:43","slug":"265","status":"publish","type":"post","link":"https:\/\/kezilabdahajduszoboszlo.hu\/?p=265","title":{"rendered":"Bemutatkozik N\u00e9methn\u00e9 Bana Anik\u00f3, az U13-as csapat vezet\u0151edz\u0151je."},"content":{"rendered":"<p><strong>A Klub hajd\u00faszoboszl\u00f3i kezdete \u00f3ta r\u00e9szt v\u00e1llalsz a gyermekek oktat\u00e1s\u00e1ban, versenyeztet\u00e9s\u00e9ben. K\u00e9zilabda sporttal gyermekk\u00e9nt ismerkedt\u00e9l meg \u00e9s sok\u00e1ig igazolt sportol\u00f3k\u00e9nt j\u00e1tszottad ezt a sz\u00e9p j\u00e1t\u00e9kot. K\u00e9rlek, mes\u00e9lj magadr\u00f3l \u00e9s a kezdetekr\u0151l!<\/strong><\/p>\n<p>N\u00e9methn\u00e9 Bana Anik\u00f3 vagyok, gyermekkorom \u00f3ta a k\u00e9zilabda k\u00f6r\u00fcl forognak a gondolataim. ,:)<br \/>\nSajnos nem voltak anno ilyen lehet\u0151s\u00e9geim \u00e1ltal\u00e1nos iskol\u00e1ban, mint manaps\u00e1g, nagyszer\u0171 lehet\u0151s\u00e9g ez a program a\u00a0 mai gyerekeknek.<br \/>\nK\u00f6z\u00e9piskolai tanulm\u00e1nyait Irinyi J\u00e1nos Sportgimn\u00e1ziumba kezdtem \u00e9s a Debreceni Sportiskola csapat\u00e1ban voltam igazolt j\u00e1t\u00e9kos, ahol heti 7 edz\u00e9s plusz 1\u00a0 m\u00e9rk\u0151z\u00e9s volt az iskolai tanrenden k\u00edv\u00fcl.<br \/>\nSajnos 2-3 \u00e9v m\u00falva kider\u00fclt, hogy s\u00e9r\u00fcl\u00e9keny vagyok. Azt\u00e1n m\u00e1r csak megyei csapatokn\u00e1l k\u00e9zilabd\u00e1ztam hobbi szinten. J\u00e1t\u00e9kosk\u00e9nt megfordultam Kab\u00e1n, F\u00f6ldesen majd Hajd\u00faszoboszl\u00f3n, akkor m\u00e9g Zelizi Mikl\u00f3s csapat\u00e1ban a HNKSE-ben.<\/p>\n<p><strong>Mikor \u00e9s mi\u00e9rt d\u00f6nt\u00f6tt\u00e9l arr\u00f3l, hogy kipr\u00f3b\u00e1lod magad a j\u00e1t\u00e9kt\u00e9r m\u00e1sik oldal\u00e1n is?<\/strong><\/p>\n<p>Fige Edit kollegan\u0151 a HNKSE-ben, az ut\u00e1np\u00f3tl\u00e1s csapat edz\u0151je volt anno Hajd\u00faszoboszl\u00f3n, azonban munkahelyi elfoglalts\u00e1ga miatt nem tudta tov\u00e1bb v\u00e1llalni a fiatalokat.<\/p>\n<p>Ekkor Zelizi Mikl\u00f3s vette \u00e1t \u0151ket, \u00e9s amikor \u0150 nem tudott jelen lenni \u00c9n helyettes\u00edtettem. J\u00f3 \u00e9rz\u00e9ssel t\u00f6lt\u00f6tt el, hogy seg\u00edthettem, tan\u00edthattam a l\u00e1nyokat. Rendk\u00edv\u00fcl h\u00e1l\u00e1s feladat, mert a gyerekek nagyon sok szeretett tudnak adni.<br \/>\nBalogh S\u00e1ndor a mostani KKHSZ eln\u00f6ke, 2015-ben kereste meg az egyes\u00fcletet, hogy Hajd\u00faszoboszl\u00f3n\u00a0 szeretn\u00e9 a n\u0151i k\u00e9zilabd\u00e1t egyes\u00edteni \u00e9s az akkor \u2013 6 \u00e9ves kort\u00f3l 14 \u00e9ves korig &#8211;\u00a0 nem l\u00e9tez\u0151 le\u00e1ny ut\u00e1np\u00f3tl\u00e1st ki\u00e9p\u00edteni, gyermekeknek edz\u00e9s \u00e9s versenyeztet\u00e9si lehet\u0151s\u00e9get\u00a0 biztos\u00edtva.<br \/>\nEzt remek \u00f6tletnek tartottam, abban az \u00e9vben megkaptam az els\u0151 csapatomat (jelenleg is \u0151k) \u00e9s p\u00e1rhuzamosan v\u00e9geztem el a k\u00e9zilabda edz\u0151i k\u00e9pz\u00e9st.<\/p>\n<p>&nbsp;<\/p>\n<p><strong> Melyik koroszt\u00e1lynak vagy most az edz\u0151je \u00e9s mennyi gyermek van a kezed alatt?<\/strong><\/p>\n<p>Jelenleg az U13-as a <a href=\"tel:20072008\">2007-2008<\/a>-as sz\u00fclet\u00e9s\u0171 l\u00e1nyoknak vagyok az edz\u0151je, 11 igazolt j\u00e1t\u00e9kos van jelenleg a csapatomba, de edz\u00e9seimet id\u0151sebb koroszt\u00e1ly\u00fa l\u00e1nyok is l\u00e1togatj\u00e1k, \u0151k felz\u00e1rk\u00f3znak a serd\u00fcl\u0151 csapatba.<br \/>\nAz \u00e9n csapatomba hajd\u00faszoboszl\u00f3i \u00e9s kabai gyerekek vannak. C\u00e9lunk, hogy 5-6 f\u0151vel n\u00f6velj\u00fck a csapat l\u00e9tsz\u00e1mot.<\/p>\n<p><strong>Hogy l\u00e1tod a mai gyermekek sportol\u00e1shoz val\u00f3 viszony\u00e1t, mennyire szeretik, ig\u00e9nylik a mozg\u00e1st?<\/strong><\/p>\n<p>Sajnos nagyon rossz tapasztalataim vannak, k\u00e9tfel\u00e9 &#8222;szakadtak&#8221; a gyerekek.<br \/>\nVannak, akiket m\u00e9g nem k\u00f6t le vagy nem enged\u00e9lyezett a sz\u00e1m\u00edt\u00f3g\u00e9p, na, \u0151k vannak kevesebben, de \u0151k szeretik \u00e9s \u00e9lvezik a mozg\u00e1st, k\u00edv\u00e1ncsiak \u00e9rdekl\u0151d\u0151ek, fog\u00e9konyak.<\/p>\n<p><strong>Hol, milyen bajnoks\u00e1gban\u00a0 versenyeznek \u201el\u00e1nyaid\u201d, \u00e9s heti h\u00e1ny edz\u00e9ssel k\u00e9sz\u00fclt\u00f6k a m\u00e9rk\u0151z\u00e9sekre?<\/strong><\/p>\n<p>Heti 4 edz\u00e9ssel k\u00e9sz\u00fcl\u00fcnk, <u>havi<\/u> 2 m\u00e9rk\u0151z\u00e9sre j\u00e1rnak a l\u00e1nyok a Magyar K\u00e9zilabda Sz\u00f6vets\u00e9g Gyermekbajnoks\u00e1g\u00e1ba, plusz igyeksz\u00fcnk min\u00e9l t\u00f6bb kup\u00e1ra \u00e9s torn\u00e1ra is eljutni.<\/p>\n<p><strong>Milyennek tartod a Klubban foly\u00f3 szakmai munk\u00e1t?<\/strong><\/p>\n<p>Mondhatom azt, hogy \u00e9vr\u0151l \u00e9vre jobb. N\u00e1lunk a gyermekek vannak el\u0151t\u00e9rbe helyezve. C\u00e9lunk, hogy ne csak szakmai felk\u00e9sz\u00edt\u00e9sben legy\u00fcnk hasznosak, hanem a gyerekek j\u00f3l \u00e9rezz\u00e9k magukat, eg\u00e9szs\u00e9g\u00fckre vigy\u00e1zva foglalkozzunk vel\u00fck. Az idei \u00e9v legfontosabb fejl\u0151d\u00e9se szerintem, hogy gy\u00f3gytorn\u00e1sz is csatlakozott a szakmai st\u00e1bhoz.<\/p>\n<p><strong>Ha szeretn\u00e9nek csatlakozni hozz\u00e1tok gyermekek, hol tudnak jelentkezni?<\/strong><\/p>\n<p>Nagyon sok szeretettel v\u00e1runk minden \u00e9rdekl\u0151d\u0151t, azok\u00a0 l\u00e1nyok jelentkez\u00e9s\u00e9t is, akik m\u00e9g most szeretn\u00e9nek megismerkedni a k\u00e9zilabda rejtelmeivel \u00e9s egy nagyon j\u00f3 k\u00f6z\u00f6ss\u00e9gbe tartozni.<br \/>\nMessengeren, \u00a0Facebookon, honlapunkon is megtal\u00e1lhat\u00f3 az el\u00e9rhet\u0151s\u00e9geim.<\/p>\n<p>Edz\u00e9seink:<br \/>\nH\u00e9tf\u0151, Cs\u00fct\u00f6rt\u00f6k:<br \/>\nHajd\u00faszoboszl\u00f3 Sporth\u00e1z<br \/>\n14:30-16:00<\/p>\n<p>Kedd: Kaba16:00-17:30<br \/>\nErre az edz\u00e9sre a hajd\u00faszoboszl\u00f3i gyerekek egyes\u00fclet \u00e1ltal finansz\u00edrozott busszal j\u00e1rnak ki.<\/p>\n<p>P\u00e9ntek\u00a0 G\u00f6nczy \u00c1ltal\u00e1nos Iskola<br \/>\n16:00-17:00<\/p>\n<p><strong>Mi\u00e9rt j\u00f3 v\u00e1laszt\u00e1s a\u00a0 k\u00e9zilabda gyermek\u00fcnknek?<\/strong><\/p>\n<p>A k\u00e9zilabda az \u00fcgyess\u00e9get fejleszti, jav\u00edtja a koordin\u00e1ci\u00f3s, probl\u00e9mamegold\u00f3 \u00e9s koncentr\u00e1ci\u00f3-k\u00e9pess\u00e9get, n\u00f6veli a fizikai er\u0151nl\u00e9tet, seg\u00edti a gyermek szocializ\u00e1ci\u00f3j\u00e1t \u00e9s egy k\u00e1ros szenved\u00e9lyekt\u0151l mentes k\u00f6z\u00f6ss\u00e9get biztos\u00edt sz\u00e1m\u00e1ra.<br \/>\n<u>A<\/u> kem\u00e9ny edz\u00e9s rendszeres \u00e9letre, c\u00e9ltudatoss\u00e1gra \u00e9s fegyelemre nevel, az el\u00e9rt eredm\u00e9nyek b\u00fcszk\u00e9v\u00e9 teszik.<br \/>\nMegtanulja, a siker\u00e9rt meg kell dolgoznia, hogy a m\u00e9rk\u0151z\u00e9seken \u00e1t\u00e9ljen veres\u00e9geket \u00e9s nagy gy\u0151zelmeket, k\u00f6ss\u00f6n \u00e9letre sz\u00f3l\u00f3 bar\u00e1ts\u00e1gokat.<br \/>\nK\u00c9ZILABD\u00c1ZZON, mert a k\u00e9zilabda magyar sikersport\u00e1g.<\/p>\n<p><strong>Mi az edz\u0151i hitvall\u00e1sod?<\/strong><\/p>\n<p>A gy\u0151zni akar\u00e1s \u00f6nmag\u00e1ban nem el\u00e9g, ha nem akarsz kem\u00e9nyen edzeni!<\/p>\n<p>&nbsp;<\/p>\n","protected":false},"excerpt":{"rendered":"<p>A Klub hajd\u00faszoboszl\u00f3i kezdete \u00f3ta r\u00e9szt v\u00e1llalsz a gyermekek oktat\u00e1s\u00e1ban, versenyeztet\u00e9s\u00e9ben. K\u00e9zilabda sporttal gyermekk\u00e9nt ismerkedt\u00e9l meg \u00e9s sok\u00e1ig igazolt sportol\u00f3k\u00e9nt j\u00e1tszottad ezt a sz\u00e9p j\u00e1t\u00e9kot. K\u00e9rlek, mes\u00e9lj magadr\u00f3l \u00e9s a kezdetekr\u0151l! N\u00e9methn\u00e9 Bana Anik\u00f3 vagyok, gyermekkorom \u00f3ta a k\u00e9zilabda k\u00f6r\u00fcl &hellip; <a href=\"https:\/\/kezilabdahajduszoboszlo.hu\/?p=265\">Egy kattint\u00e1s ide a folytat\u00e1shoz&#8230;. <span class=\"meta-nav\">&rarr;<\/span><\/a><\/p>\n","protected":false},"author":2,"featured_media":266,"comment_status":"open","ping_status":"open","sticky":false,"template":"","format":"standard","meta":{"_monsterinsights_skip_tracking":false,"_monsterinsights_sitenote_active":false,"_monsterinsights_sitenote_note":"","_monsterinsights_sitenote_category":0,"footnotes":""},"categories":[5],"tags":[],"yoast_head":"<!-- This site is optimized with the Yoast SEO plugin v21.8.1 - https:\/\/yoast.com\/wordpress\/plugins\/seo\/ -->\n<title>Bemutatkozik N\u00e9methn\u00e9 Bana Anik\u00f3, az U13-as csapat vezet\u0151edz\u0151je. - K\u00e9zilabda Klub Hajd\u00faszoboszl\u00f3<\/title>\n<meta name=\"robots\" content=\"index, follow, max-snippet:-1, max-image-preview:large, max-video-preview:-1\" \/>\n<link rel=\"canonical\" href=\"https:\/\/kezilabdahajduszoboszlo.hu\/?p=265\" \/>\n<meta property=\"og:locale\" content=\"hu_HU\" \/>\n<meta property=\"og:type\" content=\"article\" \/>\n<meta property=\"og:title\" content=\"Bemutatkozik N\u00e9methn\u00e9 Bana Anik\u00f3, az U13-as csapat vezet\u0151edz\u0151je. - K\u00e9zilabda Klub Hajd\u00faszoboszl\u00f3\" \/>\n<meta property=\"og:description\" content=\"A Klub hajd\u00faszoboszl\u00f3i kezdete \u00f3ta r\u00e9szt v\u00e1llalsz a gyermekek oktat\u00e1s\u00e1ban, versenyeztet\u00e9s\u00e9ben. K\u00e9zilabda sporttal gyermekk\u00e9nt ismerkedt\u00e9l meg \u00e9s sok\u00e1ig igazolt sportol\u00f3k\u00e9nt j\u00e1tszottad ezt a sz\u00e9p j\u00e1t\u00e9kot. K\u00e9rlek, mes\u00e9lj magadr\u00f3l \u00e9s a kezdetekr\u0151l! N\u00e9methn\u00e9 Bana Anik\u00f3 vagyok, gyermekkorom \u00f3ta a k\u00e9zilabda k\u00f6r\u00fcl &hellip; Egy kattint\u00e1s ide a folytat\u00e1shoz.... &rarr;\" \/>\n<meta property=\"og:url\" content=\"https:\/\/kezilabdahajduszoboszlo.hu\/?p=265\" \/>\n<meta property=\"og:site_name\" content=\"K\u00e9zilabda Klub Hajd\u00faszoboszl\u00f3\" \/>\n<meta property=\"article:published_time\" content=\"2019-10-10T11:29:55+00:00\" \/>\n<meta property=\"article:modified_time\" content=\"2019-10-10T11:34:43+00:00\" \/>\n<meta property=\"og:image\" content=\"https:\/\/kezilabdahajduszoboszlo.hu\/wp-content\/uploads\/2019\/10\/72623826_1632461250223744_199075908877811712_n.jpg\" \/>\n\t<meta property=\"og:image:width\" content=\"672\" \/>\n\t<meta property=\"og:image:height\" content=\"960\" \/>\n\t<meta property=\"og:image:type\" content=\"image\/jpeg\" \/>\n<meta name=\"author\" content=\"Kapusi Kriszti\u00e1n\" \/>\n<meta name=\"twitter:card\" content=\"summary_large_image\" \/>\n<meta name=\"twitter:label1\" content=\"Szerz\u0151:\" \/>\n\t<meta name=\"twitter:data1\" content=\"Kapusi Kriszti\u00e1n\" \/>\n\t<meta name=\"twitter:label2\" content=\"Becs\u00fclt olvas\u00e1si id\u0151\" \/>\n\t<meta name=\"twitter:data2\" content=\"5 perc\" \/>\n<script type=\"application\/ld+json\" class=\"yoast-schema-graph\">{\"@context\":\"https:\/\/schema.org\",\"@graph\":[{\"@type\":\"WebPage\",\"@id\":\"https:\/\/kezilabdahajduszoboszlo.hu\/?p=265\",\"url\":\"https:\/\/kezilabdahajduszoboszlo.hu\/?p=265\",\"name\":\"Bemutatkozik N\u00e9methn\u00e9 Bana Anik\u00f3, az U13-as csapat vezet\u0151edz\u0151je. - K\u00e9zilabda Klub Hajd\u00faszoboszl\u00f3\",\"isPartOf\":{\"@id\":\"https:\/\/kezilabdahajduszoboszlo.hu\/#website\"},\"datePublished\":\"2019-10-10T11:29:55+00:00\",\"dateModified\":\"2019-10-10T11:34:43+00:00\",\"author\":{\"@id\":\"https:\/\/kezilabdahajduszoboszlo.hu\/#\/schema\/person\/5ec50fcc18790ccded9abbc4a29d0336\"},\"breadcrumb\":{\"@id\":\"https:\/\/kezilabdahajduszoboszlo.hu\/?p=265#breadcrumb\"},\"inLanguage\":\"hu\",\"potentialAction\":[{\"@type\":\"ReadAction\",\"target\":[\"https:\/\/kezilabdahajduszoboszlo.hu\/?p=265\"]}]},{\"@type\":\"BreadcrumbList\",\"@id\":\"https:\/\/kezilabdahajduszoboszlo.hu\/?p=265#breadcrumb\",\"itemListElement\":[{\"@type\":\"ListItem\",\"position\":1,\"name\":\"Home\",\"item\":\"https:\/\/kezilabdahajduszoboszlo.hu\/\"},{\"@type\":\"ListItem\",\"position\":2,\"name\":\"Bemutatkozik N\u00e9methn\u00e9 Bana Anik\u00f3, az U13-as csapat vezet\u0151edz\u0151je.\"}]},{\"@type\":\"WebSite\",\"@id\":\"https:\/\/kezilabdahajduszoboszlo.hu\/#website\",\"url\":\"https:\/\/kezilabdahajduszoboszlo.hu\/\",\"name\":\"K\u00e9zilabda Klub Hajd\u00faszoboszl\u00f3\",\"description\":\"\",\"potentialAction\":[{\"@type\":\"SearchAction\",\"target\":{\"@type\":\"EntryPoint\",\"urlTemplate\":\"https:\/\/kezilabdahajduszoboszlo.hu\/?s={search_term_string}\"},\"query-input\":\"required name=search_term_string\"}],\"inLanguage\":\"hu\"},{\"@type\":\"Person\",\"@id\":\"https:\/\/kezilabdahajduszoboszlo.hu\/#\/schema\/person\/5ec50fcc18790ccded9abbc4a29d0336\",\"name\":\"Kapusi Kriszti\u00e1n\",\"image\":{\"@type\":\"ImageObject\",\"inLanguage\":\"hu\",\"@id\":\"https:\/\/kezilabdahajduszoboszlo.hu\/#\/schema\/person\/image\/\",\"url\":\"https:\/\/secure.gravatar.com\/avatar\/3105527c52c6c13b3dacf30efd34a992?s=96&d=mm&r=g\",\"contentUrl\":\"https:\/\/secure.gravatar.com\/avatar\/3105527c52c6c13b3dacf30efd34a992?s=96&d=mm&r=g\",\"caption\":\"Kapusi Kriszti\u00e1n\"},\"sameAs\":[\"http:\/\/kezilabdahajduszoboszlo\"],\"url\":\"https:\/\/kezilabdahajduszoboszlo.hu\/?author=2\"}]}<\/script>\n<!-- \/ Yoast SEO plugin. -->","yoast_head_json":{"title":"Bemutatkozik N\u00e9methn\u00e9 Bana Anik\u00f3, az U13-as csapat vezet\u0151edz\u0151je. - K\u00e9zilabda Klub Hajd\u00faszoboszl\u00f3","robots":{"index":"index","follow":"follow","max-snippet":"max-snippet:-1","max-image-preview":"max-image-preview:large","max-video-preview":"max-video-preview:-1"},"canonical":"https:\/\/kezilabdahajduszoboszlo.hu\/?p=265","og_locale":"hu_HU","og_type":"article","og_title":"Bemutatkozik N\u00e9methn\u00e9 Bana Anik\u00f3, az U13-as csapat vezet\u0151edz\u0151je. - K\u00e9zilabda Klub Hajd\u00faszoboszl\u00f3","og_description":"A Klub hajd\u00faszoboszl\u00f3i kezdete \u00f3ta r\u00e9szt v\u00e1llalsz a gyermekek oktat\u00e1s\u00e1ban, versenyeztet\u00e9s\u00e9ben. K\u00e9zilabda sporttal gyermekk\u00e9nt ismerkedt\u00e9l meg \u00e9s sok\u00e1ig igazolt sportol\u00f3k\u00e9nt j\u00e1tszottad ezt a sz\u00e9p j\u00e1t\u00e9kot. K\u00e9rlek, mes\u00e9lj magadr\u00f3l \u00e9s a kezdetekr\u0151l! N\u00e9methn\u00e9 Bana Anik\u00f3 vagyok, gyermekkorom \u00f3ta a k\u00e9zilabda k\u00f6r\u00fcl &hellip; Egy kattint\u00e1s ide a folytat\u00e1shoz.... &rarr;","og_url":"https:\/\/kezilabdahajduszoboszlo.hu\/?p=265","og_site_name":"K\u00e9zilabda Klub Hajd\u00faszoboszl\u00f3","article_published_time":"2019-10-10T11:29:55+00:00","article_modified_time":"2019-10-10T11:34:43+00:00","og_image":[{"width":672,"height":960,"url":"https:\/\/kezilabdahajduszoboszlo.hu\/wp-content\/uploads\/2019\/10\/72623826_1632461250223744_199075908877811712_n.jpg","type":"image\/jpeg"}],"author":"Kapusi Kriszti\u00e1n","twitter_card":"summary_large_image","twitter_misc":{"Szerz\u0151:":"Kapusi Kriszti\u00e1n","Becs\u00fclt olvas\u00e1si id\u0151":"5 perc"},"schema":{"@context":"https:\/\/schema.org","@graph":[{"@type":"WebPage","@id":"https:\/\/kezilabdahajduszoboszlo.hu\/?p=265","url":"https:\/\/kezilabdahajduszoboszlo.hu\/?p=265","name":"Bemutatkozik N\u00e9methn\u00e9 Bana Anik\u00f3, az U13-as csapat vezet\u0151edz\u0151je. - K\u00e9zilabda Klub Hajd\u00faszoboszl\u00f3","isPartOf":{"@id":"https:\/\/kezilabdahajduszoboszlo.hu\/#website"},"datePublished":"2019-10-10T11:29:55+00:00","dateModified":"2019-10-10T11:34:43+00:00","author":{"@id":"https:\/\/kezilabdahajduszoboszlo.hu\/#\/schema\/person\/5ec50fcc18790ccded9abbc4a29d0336"},"breadcrumb":{"@id":"https:\/\/kezilabdahajduszoboszlo.hu\/?p=265#breadcrumb"},"inLanguage":"hu","potentialAction":[{"@type":"ReadAction","target":["https:\/\/kezilabdahajduszoboszlo.hu\/?p=265"]}]},{"@type":"BreadcrumbList","@id":"https:\/\/kezilabdahajduszoboszlo.hu\/?p=265#breadcrumb","itemListElement":[{"@type":"ListItem","position":1,"name":"Home","item":"https:\/\/kezilabdahajduszoboszlo.hu\/"},{"@type":"ListItem","position":2,"name":"Bemutatkozik N\u00e9methn\u00e9 Bana Anik\u00f3, az U13-as csapat vezet\u0151edz\u0151je."}]},{"@type":"WebSite","@id":"https:\/\/kezilabdahajduszoboszlo.hu\/#website","url":"https:\/\/kezilabdahajduszoboszlo.hu\/","name":"K\u00e9zilabda Klub Hajd\u00faszoboszl\u00f3","description":"","potentialAction":[{"@type":"SearchAction","target":{"@type":"EntryPoint","urlTemplate":"https:\/\/kezilabdahajduszoboszlo.hu\/?s={search_term_string}"},"query-input":"required name=search_term_string"}],"inLanguage":"hu"},{"@type":"Person","@id":"https:\/\/kezilabdahajduszoboszlo.hu\/#\/schema\/person\/5ec50fcc18790ccded9abbc4a29d0336","name":"Kapusi Kriszti\u00e1n","image":{"@type":"ImageObject","inLanguage":"hu","@id":"https:\/\/kezilabdahajduszoboszlo.hu\/#\/schema\/person\/image\/","url":"https:\/\/secure.gravatar.com\/avatar\/3105527c52c6c13b3dacf30efd34a992?s=96&d=mm&r=g","contentUrl":"https:\/\/secure.gravatar.com\/avatar\/3105527c52c6c13b3dacf30efd34a992?s=96&d=mm&r=g","caption":"Kapusi Kriszti\u00e1n"},"sameAs":["http:\/\/kezilabdahajduszoboszlo"],"url":"https:\/\/kezilabdahajduszoboszlo.hu\/?author=2"}]}},"_links":{"self":[{"href":"https:\/\/kezilabdahajduszoboszlo.hu\/index.php?rest_route=\/wp\/v2\/posts\/265"}],"collection":[{"href":"https:\/\/kezilabdahajduszoboszlo.hu\/index.php?rest_route=\/wp\/v2\/posts"}],"about":[{"href":"https:\/\/kezilabdahajduszoboszlo.hu\/index.php?rest_route=\/wp\/v2\/types\/post"}],"author":[{"embeddable":true,"href":"https:\/\/kezilabdahajduszoboszlo.hu\/index.php?rest_route=\/wp\/v2\/users\/2"}],"replies":[{"embeddable":true,"href":"https:\/\/kezilabdahajduszoboszlo.hu\/index.php?rest_route=%2Fwp%2Fv2%2Fcomments&post=265"}],"version-history":[{"count":3,"href":"https:\/\/kezilabdahajduszoboszlo.hu\/index.php?rest_route=\/wp\/v2\/posts\/265\/revisions"}],"predecessor-version":[{"id":269,"href":"https:\/\/kezilabdahajduszoboszlo.hu\/index.php?rest_route=\/wp\/v2\/posts\/265\/revisions\/269"}],"wp:featuredmedia":[{"embeddable":true,"href":"https:\/\/kezilabdahajduszoboszlo.hu\/index.php?rest_route=\/wp\/v2\/media\/266"}],"wp:attachment":[{"href":"https:\/\/kezilabdahajduszoboszlo.hu\/index.php?rest_route=%2Fwp%2Fv2%2Fmedia&parent=265"}],"wp:term":[{"taxonomy":"category","embeddable":true,"href":"https:\/\/kezilabdahajduszoboszlo.hu\/index.php?rest_route=%2Fwp%2Fv2%2Fcategories&post=265"},{"taxonomy":"post_tag","embeddable":true,"href":"https:\/\/kezilabdahajduszoboszlo.hu\/index.php?rest_route=%2Fwp%2Fv2%2Ftags&post=265"}],"curies":[{"name":"wp","href":"https:\/\/api.w.org\/{rel}","templated":true}]}}