{"id":330,"date":"2019-10-16T06:57:24","date_gmt":"2019-10-16T06:57:24","guid":{"rendered":"http:\/\/kezilabdahajduszoboszlo.hu\/?p=330"},"modified":"2019-10-16T07:08:42","modified_gmt":"2019-10-16T07:08:42","slug":"ot-eve-klub-mellet","status":"publish","type":"post","link":"https:\/\/kezilabdahajduszoboszlo.hu\/?p=330","title":{"rendered":"\u00d6t \u00e9ve a klub mellett!"},"content":{"rendered":"<p>Furcsa \u00e9rz\u00e9sek vannak bennem, hiszen egy debreceni v\u00e1llalkoz\u00f3val, G\u00e9czy Tam\u00e1ssal &#8211; a Metisz-Tomker Kft. &#8211; vezet\u0151j\u00e9vel kell a szoboszl\u00f3i k\u00e9zilabda t\u00e1mogat\u00e1s\u00e1r\u00f3l besz\u00e9lgetni. Egyben ez egy j\u00f3 dolog, de valahogy m\u00e9gis nem rendhagy\u00f3\u2026<\/p>\n<p><strong>V\u00e1gjunk bele! Te is sportolsz, b\u00e1r a k\u00e9zilabd\u00e1t\u00f3l el\u00e9g messze es\u0151 ter\u00fcletet v\u00e1lasztott\u00e1l\u2026<\/strong><\/p>\n<p>Sziasztok! K\u00f6sz\u00f6n\u00f6m a megtiszteltet\u00e9st! Igen, az aut\u00f3sport egy eg\u00e9szen m\u00e1s m\u0171faj, de term\u00e9szetesen vannak p\u00e1rhuzamok! A rallye is egy csapatsport, mert a pil\u00f3ta \u00e9s a navig\u00e1tor k\u00f6z\u00f6tt nagyon nagy \u00f6sszhangnak kell lenni a siker \u00e9rdek\u00e9ben. A versenyz\u0151p\u00e1rost pedig egy team szolg\u00e1lja. A csapatvezet\u0151 \u00e9s a szervizes koll\u00e9g\u00e1k v\u00e9gzik a szervez\u00e9st \u00e9s a versenyaut\u00f3 felk\u00e9sz\u00edt\u00e9s\u00e9t, jav\u00edt\u00e1s\u00e1t, hogy nek\u00fcnk csak a versenyz\u00e9sre kelljen koncentr\u00e1lni \u00e9s az technika hibamentesen a rendelkez\u00e9s\u00fcnkre \u00e1lljon.<\/p>\n<p>&nbsp;<\/p>\n<p><strong>Hogy ker\u00fclt\u00e9l kapcsolatba a K\u00e9zilabda Klub Hajd\u00faszoboszl\u00f3val?<\/strong><\/p>\n<p>So\u00f3s Szabolcs csapatvezet\u0151nk l\u00e1nya is k\u00e9zilabd\u00e1zik. Rajta kereszt\u00fcl ismertem meg Balogh S\u00e1ndort, aki jelenleg is a Klub vezet\u0151je.<\/p>\n<p>&nbsp;<\/p>\n<p><strong>Mik az alapjai az egy\u00fcttm\u0171k\u00f6d\u00e9seteknek, miket v\u00e1rsz el?<\/strong><\/p>\n<p>Sanyi felv\u00e1zolta nekem, hogy mik a tervei az ut\u00e1np\u00f3tl\u00e1s nevel\u00e9sben a n\u0151i k\u00e9zilabd\u00e1ban. Nekem nagyon szimpatikus volt, mert az \u00e9let minden ter\u00fclet\u00e9n \u00e9n is azt vallom, hogy ha sikereket akarunk el\u00e9rni, alulr\u00f3l kell \u00e9p\u00edtkezni, hiszen egy h\u00e1zat is csak biztos alapokra lehet fel\u00e9p\u00edteni. Az anyagi seg\u00edts\u00e9g\u00fcnk \u00edgy biztosan tudjuk, hogy j\u00f3 c\u00e9lt szolg\u00e1l! Mivel sz\u00e9les koroszt\u00e1lyt fed le a klub, a gyerekeken kereszt\u00fcl sok sz\u00fcl\u0151nek, bar\u00e1tnak, szurkol\u00f3nak mi is be tudjuk bemutatni a c\u00e9g\u00fcnk \u00e1ltal k\u00e9pviselt term\u00e9keket. A K\u00e4rcher Center Metisz \u00e1ltal forgalmazott nagyon j\u00f3 min\u0151s\u00e9g\u0171 takar\u00edt\u00f3g\u00e9pek b\u00e1rmelyik h\u00e1ztart\u00e1sban meg\u00e1llj\u00e1k a hely\u00fcket. Mivel Hajd\u00faszoboszl\u00f3n m\u00e9g nincs \u00fczlet\u00fcnk ez a fajta megjelen\u00e9s az egyik m\u00f3dja annak, hogy az ott \u00e9l\u0151k is megismerj\u00e9k a K\u00e4rchert.<\/p>\n<p>&nbsp;<\/p>\n<p><strong>Nyomon k\u00f6veted a Klub \u00e9let\u00e9t?<\/strong><\/p>\n<p>Szem\u00e9lyesen kev\u00e9sb\u00e9 tudom megtenni, de a Facebook \u00e9s az egyes\u00fclet honlapja seg\u00edt az inform\u00e1ci\u00f3 \u00e1raml\u00e1s\u00e1ban.<\/p>\n<p>&nbsp;<\/p>\n<p><strong>2020.01.18-\u00e1n imm\u00e1r \u00f6t\u00f6dik alkalommal ker\u00fcl megrendez\u00e9sre a K\u00e4rcher Center Metisz-Tomker ut\u00e1np\u00f3tl\u00e1s torna. Mindig szem\u00e9lyes jelenl\u00e9teddel is megtiszteled az esem\u00e9nyt. Mi a v\u00e9lem\u00e9nyed a most m\u00e1r hagyom\u00e1nyosnak nevezhet\u0151 torn\u00e1r\u00f3l?<\/strong><\/p>\n<p>M\u00e1r az \u00f6t\u00f6dik??? Hogy \u00f6regszel\u2026 J Azt l\u00e1tom, hogy \u00e9vr\u0151l \u00e9vre egyre sz\u00ednvonalasabb rendezv\u00e9nyt szerveztek. Az els\u0151 \u00e9vek meccsein r\u00e9szt vev\u0151 kisl\u00e1nyok m\u00e1r egyre \u00fcgyesebben \u00e9s lend\u00fcletesebben j\u00e1tszanak. K\u00f6sz\u00f6nhet\u0151en a j\u00f3 szakmai st\u00e1bnak, n\u00edv\u00f3ja lett ez a torna a r\u00e9gi\u00f3nak.<\/p>\n<p>&nbsp;<\/p>\n<p><strong>Hogy l\u00e1tod a mai fiatalok sporthoz val\u00f3 viszony\u00e1t?<\/strong><\/p>\n<p>V\u00e9lem\u00e9nyem szerint a sport nem csak megtan\u00edtja a gyerekeket k\u00f6z\u00f6ss\u00e9gi szinten gondolkodni, hanem presszion\u00e1lva is vannak arra, hogy az egy\u00e9ni megold\u00e1saikkal el\u0151r\u00e9bb vigy\u00e9k csapatukat. Sajnos ehhez a mai vil\u00e1gban elengedhetetlen, hogy ezt a sz\u00fcl\u0151k is felismerj\u00e9k \u00e9s merj\u00e9k t\u00e1mogatni \/ engedni a gyermekeiket sportolni. Ti, mint sportvezet\u0151k sokat tesztek ez\u00e9rt, de azt gondolom, hogy m\u00e9g sz\u00e9lesebb r\u00e9tegeket kellene megmozgatni. A sport nagyfok\u00fa al\u00e1zattal j\u00e1r. Sokszor azt l\u00e1tom, hogy ez az al\u00e1zat hi\u00e1nyzik a mai gener\u00e1ci\u00f3kb\u00f3l.<\/p>\n<p>&nbsp;<\/p>\n<p><strong>K\u00e9t gyermek \u00e9desapja vagy, \u00edgy ad\u00f3dik a k\u00e9rd\u00e9s, sz\u00fcl\u0151k\u00e9nt mit tehetsz gyermekeid eg\u00e9szs\u00e9ges \u00e9letm\u00f3dj\u00e1hoz, sportol\u00e1s\u00e1hoz?<\/strong><\/p>\n<p>Nagyon neh\u00e9z k\u00e9rd\u00e9s! F\u0151leg ha nincs egys\u00e9ges ir\u00e1ny csal\u00e1don bel\u00fcl sem arra, hogy mi lenne j\u00f3 a gyerekeknek. Abban egyet \u00e9rt\u00fcnk, hogy a gyerekeknek mozg\u00e1sra van sz\u00fcks\u00e9ge. De hogy ez t\u00e1nc vagy milyen sport\u00e1g legyen, m\u00e9g nem d\u0151lt el. Minden esetre igyekszem sokat biciklizni vel\u00fck, a nagyobbik pedig m\u00e1r \u00fcgyesen \u00faszik.<\/p>\n<p>&nbsp;<\/p>\n<p><strong>Milyen \u00fczenete van sz\u00e1modra a sportnak?<\/strong><\/p>\n<p>B\u0151 m\u00e1sf\u00e9l \u00e9ve elkezdtem rendszeresen futni. Tal\u00e1n ez az a sport, ami az \u00e9v minden szak\u00e1ban, komolyabb szervez\u00e9s \u00e9s r\u00e1k\u00e9sz\u00fcl\u00e9s n\u00e9lk\u00fcl, b\u00e1rhol megval\u00f3s\u00edthat\u00f3. A munkahelyi stressz levezet\u00e9s\u00e9nek szerintem egyik legjobb m\u00f3dszere. Mindezek mellett l\u00e9nyegesen fittebbnek \u00e9s fizikailag frissebbnek \u00e9rzem magam. Tal\u00e1n j\u00f3 p\u00e9lda is lehet m\u00e1sok sz\u00e1m\u00e1ra, hogy 40 \u00e9v ut\u00e1n is el lehet kezdeni akt\u00edvabban \u00e9lni.<\/p>\n<p>&nbsp;<\/p>\n<p><strong>Ha meg kellene gy\u0151zni v\u00e1llalkoz\u00f3kat, hogy mi\u00e9rt \u00e9rdemes ezt a Klubot t\u00e1mogatni, mit mondan\u00e1l nekik?<\/strong><\/p>\n<p>Ha kij\u00f6nnek egy K\u00e4rcher Center Metisz-Tomker Kup\u00e1ra \u00e9s l\u00e1tj\u00e1k azt a sok lelkes fiatalt, akik kipirosodott arccal, f\u00e1radtan, de m\u00e9gis f\u00fclig \u00e9r\u0151 mosollyal veszik \u00e1t a helyez\u00e9s\u00fck\u00e9rt j\u00e1r\u00f3 meg\u00e9rdemelt \u00e9rmeiket, meggy\u0151z\u0151dhetnek arr\u00f3l, hogy j\u00f3 helyre ker\u00fcl a t\u00e1mogat\u00e1suk. A megjelen\u00e9s pedig j\u00f3 kommunik\u00e1ci\u00f3 k\u00e9rd\u00e9se!<\/p>\n<p>&nbsp;<\/p>\n<p><strong>Milyen terveid vannak sportol\u00f3k\u00e9nt, t\u00e1mogat\u00f3k\u00e9nt?<\/strong><\/p>\n<p>Azt gondolom, hogy j\u00f3 az ir\u00e1ny! Egyre t\u00f6bben vagyunk a torn\u00e1kon, megtelnek a lel\u00e1t\u00f3k. Ezek a kisl\u00e1nyok el\u0151bb-ut\u00f3bb be fognak ker\u00fclni nagyobb csapatokba, ahol sz\u00e9pen \u00edvel\u0151 sport-karriereket fogunk l\u00e1tni. B\u00fcszk\u00e9k lesz\u00fcnk r\u00e1juk! \u0150k pedig tov\u00e1bb \u00f6regb\u00edtik a hajd\u00faszoboszl\u00f3i n\u0151i k\u00e9zilabda h\u00edrnev\u00e9t! Igyekszem tov\u00e1bbra is t\u00e1mogatni lehet\u0151s\u00e9gem szerint a Klubot! A rally pedig \u00f6r\u00f6k szerelem marad!<\/p>\n","protected":false},"excerpt":{"rendered":"<p>Furcsa \u00e9rz\u00e9sek vannak bennem, hiszen egy debreceni v\u00e1llalkoz\u00f3val, G\u00e9czy Tam\u00e1ssal &#8211; a Metisz-Tomker Kft. &#8211; vezet\u0151j\u00e9vel kell a szoboszl\u00f3i k\u00e9zilabda t\u00e1mogat\u00e1s\u00e1r\u00f3l besz\u00e9lgetni. Egyben ez egy j\u00f3 dolog, de valahogy m\u00e9gis nem rendhagy\u00f3\u2026 V\u00e1gjunk bele! Te is sportolsz, b\u00e1r a k\u00e9zilabd\u00e1t\u00f3l &hellip; <a href=\"https:\/\/kezilabdahajduszoboszlo.hu\/?p=330\">Egy kattint\u00e1s ide a folytat\u00e1shoz&#8230;. <span class=\"meta-nav\">&rarr;<\/span><\/a><\/p>\n","protected":false},"author":2,"featured_media":331,"comment_status":"open","ping_status":"open","sticky":false,"template":"","format":"standard","meta":{"_monsterinsights_skip_tracking":false,"_monsterinsights_sitenote_active":false,"_monsterinsights_sitenote_note":"","_monsterinsights_sitenote_category":0,"footnotes":""},"categories":[5],"tags":[],"yoast_head":"<!-- This site is optimized with the Yoast SEO plugin v21.8.1 - https:\/\/yoast.com\/wordpress\/plugins\/seo\/ -->\n<title>\u00d6t \u00e9ve a klub mellett! - K\u00e9zilabda Klub Hajd\u00faszoboszl\u00f3<\/title>\n<meta name=\"robots\" content=\"index, follow, max-snippet:-1, max-image-preview:large, max-video-preview:-1\" \/>\n<link rel=\"canonical\" href=\"https:\/\/kezilabdahajduszoboszlo.hu\/?p=330\" \/>\n<meta property=\"og:locale\" content=\"hu_HU\" \/>\n<meta property=\"og:type\" content=\"article\" \/>\n<meta property=\"og:title\" content=\"\u00d6t \u00e9ve a klub mellett! - K\u00e9zilabda Klub Hajd\u00faszoboszl\u00f3\" \/>\n<meta property=\"og:description\" content=\"Furcsa \u00e9rz\u00e9sek vannak bennem, hiszen egy debreceni v\u00e1llalkoz\u00f3val, G\u00e9czy Tam\u00e1ssal &#8211; a Metisz-Tomker Kft. &#8211; vezet\u0151j\u00e9vel kell a szoboszl\u00f3i k\u00e9zilabda t\u00e1mogat\u00e1s\u00e1r\u00f3l besz\u00e9lgetni. Egyben ez egy j\u00f3 dolog, de valahogy m\u00e9gis nem rendhagy\u00f3\u2026 V\u00e1gjunk bele! Te is sportolsz, b\u00e1r a k\u00e9zilabd\u00e1t\u00f3l &hellip; Egy kattint\u00e1s ide a folytat\u00e1shoz.... &rarr;\" \/>\n<meta property=\"og:url\" content=\"https:\/\/kezilabdahajduszoboszlo.hu\/?p=330\" \/>\n<meta property=\"og:site_name\" content=\"K\u00e9zilabda Klub Hajd\u00faszoboszl\u00f3\" \/>\n<meta property=\"article:published_time\" content=\"2019-10-16T06:57:24+00:00\" \/>\n<meta property=\"article:modified_time\" content=\"2019-10-16T07:08:42+00:00\" \/>\n<meta property=\"og:image\" content=\"https:\/\/kezilabdahajduszoboszlo.hu\/wp-content\/uploads\/2019\/10\/Bereczki_VeszpremRallye2019-2736-1024x683.jpg\" \/>\n\t<meta property=\"og:image:width\" content=\"1024\" \/>\n\t<meta property=\"og:image:height\" content=\"683\" \/>\n\t<meta property=\"og:image:type\" content=\"image\/jpeg\" \/>\n<meta name=\"author\" content=\"Kapusi Kriszti\u00e1n\" \/>\n<meta name=\"twitter:card\" content=\"summary_large_image\" \/>\n<meta name=\"twitter:label1\" content=\"Szerz\u0151:\" \/>\n\t<meta name=\"twitter:data1\" content=\"Kapusi Kriszti\u00e1n\" \/>\n\t<meta name=\"twitter:label2\" content=\"Becs\u00fclt olvas\u00e1si id\u0151\" \/>\n\t<meta name=\"twitter:data2\" content=\"5 perc\" \/>\n<script type=\"application\/ld+json\" class=\"yoast-schema-graph\">{\"@context\":\"https:\/\/schema.org\",\"@graph\":[{\"@type\":\"WebPage\",\"@id\":\"https:\/\/kezilabdahajduszoboszlo.hu\/?p=330\",\"url\":\"https:\/\/kezilabdahajduszoboszlo.hu\/?p=330\",\"name\":\"\u00d6t \u00e9ve a klub mellett! - K\u00e9zilabda Klub Hajd\u00faszoboszl\u00f3\",\"isPartOf\":{\"@id\":\"https:\/\/kezilabdahajduszoboszlo.hu\/#website\"},\"datePublished\":\"2019-10-16T06:57:24+00:00\",\"dateModified\":\"2019-10-16T07:08:42+00:00\",\"author\":{\"@id\":\"https:\/\/kezilabdahajduszoboszlo.hu\/#\/schema\/person\/5ec50fcc18790ccded9abbc4a29d0336\"},\"breadcrumb\":{\"@id\":\"https:\/\/kezilabdahajduszoboszlo.hu\/?p=330#breadcrumb\"},\"inLanguage\":\"hu\",\"potentialAction\":[{\"@type\":\"ReadAction\",\"target\":[\"https:\/\/kezilabdahajduszoboszlo.hu\/?p=330\"]}]},{\"@type\":\"BreadcrumbList\",\"@id\":\"https:\/\/kezilabdahajduszoboszlo.hu\/?p=330#breadcrumb\",\"itemListElement\":[{\"@type\":\"ListItem\",\"position\":1,\"name\":\"Home\",\"item\":\"https:\/\/kezilabdahajduszoboszlo.hu\/\"},{\"@type\":\"ListItem\",\"position\":2,\"name\":\"\u00d6t \u00e9ve a klub mellett!\"}]},{\"@type\":\"WebSite\",\"@id\":\"https:\/\/kezilabdahajduszoboszlo.hu\/#website\",\"url\":\"https:\/\/kezilabdahajduszoboszlo.hu\/\",\"name\":\"K\u00e9zilabda Klub Hajd\u00faszoboszl\u00f3\",\"description\":\"\",\"potentialAction\":[{\"@type\":\"SearchAction\",\"target\":{\"@type\":\"EntryPoint\",\"urlTemplate\":\"https:\/\/kezilabdahajduszoboszlo.hu\/?s={search_term_string}\"},\"query-input\":\"required name=search_term_string\"}],\"inLanguage\":\"hu\"},{\"@type\":\"Person\",\"@id\":\"https:\/\/kezilabdahajduszoboszlo.hu\/#\/schema\/person\/5ec50fcc18790ccded9abbc4a29d0336\",\"name\":\"Kapusi Kriszti\u00e1n\",\"image\":{\"@type\":\"ImageObject\",\"inLanguage\":\"hu\",\"@id\":\"https:\/\/kezilabdahajduszoboszlo.hu\/#\/schema\/person\/image\/\",\"url\":\"https:\/\/secure.gravatar.com\/avatar\/3105527c52c6c13b3dacf30efd34a992?s=96&d=mm&r=g\",\"contentUrl\":\"https:\/\/secure.gravatar.com\/avatar\/3105527c52c6c13b3dacf30efd34a992?s=96&d=mm&r=g\",\"caption\":\"Kapusi Kriszti\u00e1n\"},\"sameAs\":[\"http:\/\/kezilabdahajduszoboszlo\"],\"url\":\"https:\/\/kezilabdahajduszoboszlo.hu\/?author=2\"}]}<\/script>\n<!-- \/ Yoast SEO plugin. -->","yoast_head_json":{"title":"\u00d6t \u00e9ve a klub mellett! - K\u00e9zilabda Klub Hajd\u00faszoboszl\u00f3","robots":{"index":"index","follow":"follow","max-snippet":"max-snippet:-1","max-image-preview":"max-image-preview:large","max-video-preview":"max-video-preview:-1"},"canonical":"https:\/\/kezilabdahajduszoboszlo.hu\/?p=330","og_locale":"hu_HU","og_type":"article","og_title":"\u00d6t \u00e9ve a klub mellett! - K\u00e9zilabda Klub Hajd\u00faszoboszl\u00f3","og_description":"Furcsa \u00e9rz\u00e9sek vannak bennem, hiszen egy debreceni v\u00e1llalkoz\u00f3val, G\u00e9czy Tam\u00e1ssal &#8211; a Metisz-Tomker Kft. &#8211; vezet\u0151j\u00e9vel kell a szoboszl\u00f3i k\u00e9zilabda t\u00e1mogat\u00e1s\u00e1r\u00f3l besz\u00e9lgetni. Egyben ez egy j\u00f3 dolog, de valahogy m\u00e9gis nem rendhagy\u00f3\u2026 V\u00e1gjunk bele! Te is sportolsz, b\u00e1r a k\u00e9zilabd\u00e1t\u00f3l &hellip; Egy kattint\u00e1s ide a folytat\u00e1shoz.... &rarr;","og_url":"https:\/\/kezilabdahajduszoboszlo.hu\/?p=330","og_site_name":"K\u00e9zilabda Klub Hajd\u00faszoboszl\u00f3","article_published_time":"2019-10-16T06:57:24+00:00","article_modified_time":"2019-10-16T07:08:42+00:00","og_image":[{"width":1024,"height":683,"url":"https:\/\/kezilabdahajduszoboszlo.hu\/wp-content\/uploads\/2019\/10\/Bereczki_VeszpremRallye2019-2736-1024x683.jpg","type":"image\/jpeg"}],"author":"Kapusi Kriszti\u00e1n","twitter_card":"summary_large_image","twitter_misc":{"Szerz\u0151:":"Kapusi Kriszti\u00e1n","Becs\u00fclt olvas\u00e1si id\u0151":"5 perc"},"schema":{"@context":"https:\/\/schema.org","@graph":[{"@type":"WebPage","@id":"https:\/\/kezilabdahajduszoboszlo.hu\/?p=330","url":"https:\/\/kezilabdahajduszoboszlo.hu\/?p=330","name":"\u00d6t \u00e9ve a klub mellett! - K\u00e9zilabda Klub Hajd\u00faszoboszl\u00f3","isPartOf":{"@id":"https:\/\/kezilabdahajduszoboszlo.hu\/#website"},"datePublished":"2019-10-16T06:57:24+00:00","dateModified":"2019-10-16T07:08:42+00:00","author":{"@id":"https:\/\/kezilabdahajduszoboszlo.hu\/#\/schema\/person\/5ec50fcc18790ccded9abbc4a29d0336"},"breadcrumb":{"@id":"https:\/\/kezilabdahajduszoboszlo.hu\/?p=330#breadcrumb"},"inLanguage":"hu","potentialAction":[{"@type":"ReadAction","target":["https:\/\/kezilabdahajduszoboszlo.hu\/?p=330"]}]},{"@type":"BreadcrumbList","@id":"https:\/\/kezilabdahajduszoboszlo.hu\/?p=330#breadcrumb","itemListElement":[{"@type":"ListItem","position":1,"name":"Home","item":"https:\/\/kezilabdahajduszoboszlo.hu\/"},{"@type":"ListItem","position":2,"name":"\u00d6t \u00e9ve a klub mellett!"}]},{"@type":"WebSite","@id":"https:\/\/kezilabdahajduszoboszlo.hu\/#website","url":"https:\/\/kezilabdahajduszoboszlo.hu\/","name":"K\u00e9zilabda Klub Hajd\u00faszoboszl\u00f3","description":"","potentialAction":[{"@type":"SearchAction","target":{"@type":"EntryPoint","urlTemplate":"https:\/\/kezilabdahajduszoboszlo.hu\/?s={search_term_string}"},"query-input":"required name=search_term_string"}],"inLanguage":"hu"},{"@type":"Person","@id":"https:\/\/kezilabdahajduszoboszlo.hu\/#\/schema\/person\/5ec50fcc18790ccded9abbc4a29d0336","name":"Kapusi Kriszti\u00e1n","image":{"@type":"ImageObject","inLanguage":"hu","@id":"https:\/\/kezilabdahajduszoboszlo.hu\/#\/schema\/person\/image\/","url":"https:\/\/secure.gravatar.com\/avatar\/3105527c52c6c13b3dacf30efd34a992?s=96&d=mm&r=g","contentUrl":"https:\/\/secure.gravatar.com\/avatar\/3105527c52c6c13b3dacf30efd34a992?s=96&d=mm&r=g","caption":"Kapusi Kriszti\u00e1n"},"sameAs":["http:\/\/kezilabdahajduszoboszlo"],"url":"https:\/\/kezilabdahajduszoboszlo.hu\/?author=2"}]}},"_links":{"self":[{"href":"https:\/\/kezilabdahajduszoboszlo.hu\/index.php?rest_route=\/wp\/v2\/posts\/330"}],"collection":[{"href":"https:\/\/kezilabdahajduszoboszlo.hu\/index.php?rest_route=\/wp\/v2\/posts"}],"about":[{"href":"https:\/\/kezilabdahajduszoboszlo.hu\/index.php?rest_route=\/wp\/v2\/types\/post"}],"author":[{"embeddable":true,"href":"https:\/\/kezilabdahajduszoboszlo.hu\/index.php?rest_route=\/wp\/v2\/users\/2"}],"replies":[{"embeddable":true,"href":"https:\/\/kezilabdahajduszoboszlo.hu\/index.php?rest_route=%2Fwp%2Fv2%2Fcomments&post=330"}],"version-history":[{"count":2,"href":"https:\/\/kezilabdahajduszoboszlo.hu\/index.php?rest_route=\/wp\/v2\/posts\/330\/revisions"}],"predecessor-version":[{"id":333,"href":"https:\/\/kezilabdahajduszoboszlo.hu\/index.php?rest_route=\/wp\/v2\/posts\/330\/revisions\/333"}],"wp:featuredmedia":[{"embeddable":true,"href":"https:\/\/kezilabdahajduszoboszlo.hu\/index.php?rest_route=\/wp\/v2\/media\/331"}],"wp:attachment":[{"href":"https:\/\/kezilabdahajduszoboszlo.hu\/index.php?rest_route=%2Fwp%2Fv2%2Fmedia&parent=330"}],"wp:term":[{"taxonomy":"category","embeddable":true,"href":"https:\/\/kezilabdahajduszoboszlo.hu\/index.php?rest_route=%2Fwp%2Fv2%2Fcategories&post=330"},{"taxonomy":"post_tag","embeddable":true,"href":"https:\/\/kezilabdahajduszoboszlo.hu\/index.php?rest_route=%2Fwp%2Fv2%2Ftags&post=330"}],"curies":[{"name":"wp","href":"https:\/\/api.w.org\/{rel}","templated":true}]}}