{"id":339,"date":"2019-10-22T08:46:03","date_gmt":"2019-10-22T08:46:03","guid":{"rendered":"http:\/\/kezilabdahajduszoboszlo.hu\/?p=339"},"modified":"2019-10-22T09:19:29","modified_gmt":"2019-10-22T09:19:29","slug":"zelizi-miklossal-serdulo-es-felnott-csapatunk-edzojevel-beszelgetunk","status":"publish","type":"post","link":"https:\/\/kezilabdahajduszoboszlo.hu\/?p=339","title":{"rendered":"Zelizi Mikl\u00f3ssal a serd\u00fcl\u0151 \u00e9s feln\u0151tt csapatunk edz\u0151j\u00e9vel besz\u00e9lget\u00fcnk."},"content":{"rendered":"<p><strong>A Klub hajd\u00faszoboszl\u00f3i kezdete \u00f3ta r\u00e9szt v\u00e1llalsz a gyermekek oktat\u00e1s\u00e1ban, versenyeztet\u00e9s\u00e9ben. Akik ismernek, tudj\u00e1k, hogy a k\u00e9zilabda szeretete m\u00e1r gyermekkorodban kialakult! K\u00e9rlek, egy picit mutasd be magad!<\/strong><\/p>\n<p>12 \u00e9vesen a szomsz\u00e9dos kis faluban, Ebesen ismerkedtem meg a k\u00e9zilabda sz\u00e9ps\u00e9g\u00e9vel, az\u00f3ta is tart ez a szerelem! K\u00f6z\u00e9piskolai \u00e9veim alatt is nagy s\u00falyt nyomott latba, hogy ne szakadjak el t\u0151le. Ezt a Kereskedelmi \u00e9s Vend\u00e9gl\u00e1t\u00f3 ipari suliban tal\u00e1ltam meg. A munka mellett j\u00e1tszottam, Hajd\u00faszoboszl\u00f3n, majd N\u00e1dudvaron NB II-ben. P\u00e1lyafut\u00e1som utols\u00f3 \u00e9veiben \u00fajra Hajd\u00faszoboszl\u00f3n j\u00e1tszottam, mivel elindult egy olyan folyamat, amivel \u00fajj\u00e1 \u00e9p\u00edthett\u00fck a k\u00e9zilabd\u00e1z\u00e1st telep\u00fcl\u00e9s\u00fcnk\u00f6n! Egy sportbalesetnek k\u00f6sz\u00f6nhet\u0151en, v\u00e9get \u00e9rt az akt\u00edv p\u00e1lyafut\u00e1som!<\/p>\n<p>&nbsp;<\/p>\n<p><strong>Mikor \u00e9s mi\u00e9rt d\u00f6nt\u00f6tt\u00e9l arr\u00f3l, hogy kipr\u00f3b\u00e1lod magad a j\u00e1t\u00e9kt\u00e9r m\u00e1sik oldal\u00e1n is?<\/strong><\/p>\n<p>Nem volt tervben, hogy \u00e9n a j\u00f6v\u0151ben edz\u0151sk\u00f6d\u00e9sre adjam a fejem. Az akkori f\u00e9rficsapatunk edz\u0151je, Juh\u00e1sz K\u00e1roly k\u00e9rt meg, hogy seg\u00edtsek az ut\u00e1np\u00f3tl\u00e1s kor\u00faak edz\u00e9sein neki!<\/p>\n<p>Ott ragadtam \u00e9s onnan m\u00e1r nem volt vissza\u00fat! Elv\u00e9geztem a k\u00e9zilabda sportedz\u0151i szak\u00e1t, majd egy megkeres\u00e9sre, a l\u00e1ny vonalon folytattam tov\u00e1bb az edz\u0151sk\u00f6d\u00e9st. Az \u00fajabb fordulat a szakmai p\u00e1lyafut\u00e1somban, mikor Balogh S\u00e1ndor edz\u0151koll\u00e9g\u00e1m megkeresett, hogy egyes\u00fcleteink olvadjanak \u00f6ssze \u00e9s egy nagy egyes\u00fcletk\u00e9nt folytassuk tov\u00e1bb.<\/p>\n<p>&nbsp;<\/p>\n<p><strong>Melyik koroszt\u00e1lynak vagy most az edz\u0151je \u00e9s mennyi gyermek van a kezed alatt?<\/strong><\/p>\n<p>Jelenleg a megyei feln\u0151tt n\u0151i csapatot \u00e9s a Serd\u00fcl\u0151 csapatot edzem! Jelenleg 15 fiatal l\u00e1nnyal dolgozok! De szeretn\u00e9m a l\u00e9tsz\u00e1mot megn\u00f6velni!<\/p>\n<p>&nbsp;<\/p>\n<p><strong>Hogy l\u00e1tod a mai gyermekek sportol\u00e1shoz val\u00f3 viszony\u00e1t, mennyire szeretik, ig\u00e9nylik a mozg\u00e1st?<\/strong><\/p>\n<p>\u00c1ltal\u00e1noss\u00e1gban mondhatom azt, hogy nem megfelel\u0151. A virtu\u00e1lis vil\u00e1g teljesen elszak\u00edtotta \u0151ket, a val\u00f3s\u00e1gt\u00f3l. Rem\u00e9nyvesztetteknek l\u00e1tom \u0151ket! A mozg\u00e1sig\u00e9ny\u00fck minim\u00e1lisnak mondhat\u00f3, \u00e9s nehezen motiv\u00e1lhat\u00f3ak a v\u00e1ltoz\u00e1sra!<\/p>\n<p>&nbsp;<\/p>\n<p><strong>Hol, milyen bajnoks\u00e1gban versenyeznek \u201el\u00e1nyaid\u201d, \u00e9s heti h\u00e1ny edz\u00e9ssel k\u00e9sz\u00fclt\u00f6k a m\u00e9rk\u0151z\u00e9sekre?<\/strong><\/p>\n<p>Serd\u00fcl\u0151kor\u00fa csapatom, az MKSZ \u00e1ltal ind\u00edtott Le\u00e1ny Serd\u00fcl\u0151 III . oszt\u00e1ly \u201e C\u201d\u00a0 csoportj\u00e1ban pr\u00f3b\u00e1lja elsaj\u00e1t\u00edtani \u00e9s megval\u00f3s\u00edtani a k\u00e9zilabd\u00e1z\u00e1sr\u00f3l tanultakat!<\/p>\n<p>Jelenleg heti 5 edz\u00e9ssel k\u00e9sz\u00fcl\u00fcnk a bajnoki fordul\u00f3kra, amit kieg\u00e9sz\u00edt hetente egy alkalommal kapusedz\u00e9s!<\/p>\n<p>A feln\u0151tt csapatom a H-B. megyei k\u00e9zlabda bajnoks\u00e1gban szerepel, \u0151k hetente k\u00e9tszer edzenek!<\/p>\n<p>&nbsp;<\/p>\n<p><strong>Milyennek tartod a Klubban foly\u00f3 szakmai munk\u00e1t?<\/strong><\/p>\n<p>J\u00f3nak, kollegi\u00e1lisnak. B\u00e1rmilyen probl\u00e9ma mer\u00fcl fel, mind szakmai, mind mag\u00e1n jelleggel, seg\u00edt\u0151k\u00e9szek vagyunk. De ez kell ahhoz, hogy az egyes\u00fclet j\u00f3l m\u0171k\u00f6dj\u00f6n!\u00a0 Az egyes\u00fclet eln\u00f6ke megtesz mindent az\u00e9rt, hogy edz\u00e9seszk\u00f6z\u00f6kben, t\u00e1rgyi felt\u00e9telekben ne szenvedj\u00fcnk hi\u00e1nyt! Ugyanakkor a szakmai k\u00e9rd\u00e9sekben is lehet hozz\u00e1 fordulni!<\/p>\n<p>&nbsp;<\/p>\n<p><strong>Ha szeretn\u00e9nek csatlakozni hozz\u00e1tok gyermekek, hol tudnak jelentkezni?<\/strong><\/p>\n<p>Edz\u00e9seink t\u00f6bb helysz\u00ednen zajlanak:<\/p>\n<p>h\u00e9tf\u0151: 14.30-16.00 V\u00e1rosi sportcsarnok,<\/p>\n<p>kedd: 18.00-19.30 H\u0151gyes E. Gimn\u00e1zium tornaterem;<\/p>\n<p>szerda: 15.30-17.00 V\u00e1rosi Sporth\u00e1z;<\/p>\n<p>cs\u00fct\u00f6rt\u00f6k: 16.30-18.00 Derecske V\u00e1rosi sportcsarnok;<\/p>\n<p>P\u00e9ntek: 15.30-17.00 G\u00f6nczi P\u00e1l \u00e1ltal\u00e1nos iskola tornaterem.<\/p>\n<p>De el\u00e9rhet\u0151 vagyok a 06304234534-es telefonsz\u00e1mon;<\/p>\n<p>vagy a <a href=\"mailto:zelizi.miklos1970@gmail.com\">zelizi.miklos1970@gmail.com<\/a> e-mail c\u00edmen is!<\/p>\n<p>&nbsp;<\/p>\n<p><strong>Mi az edz\u0151i hitvall\u00e1sod?<\/strong><\/p>\n<p>Sokszor hallom a l\u00e1nyokt\u00f3l, egy \u00faj feladat bemutat\u00e1s\u00e1n\u00e1l, hogy \u201e\u00e9n ezt nem tudom megcsin\u00e1lni\u201d, ilyenkor azt mondom, hogy nem arra vagyok k\u00edv\u00e1ncsi, mit nem tudsz megcsin\u00e1lni, hanem, hogy akarod-e azt a feladatot megpr\u00f3b\u00e1lni elv\u00e9gezni!<\/p>\n<p>\u201eA sportban szerzett tapasztalatok, \u00f6r\u00f6m\u00f6k, b\u00e1natok, felk\u00e9sz\u00edtenek a civil \u00e9let viszontags\u00e1gaira is!\u201d<\/p>\n<p>&nbsp;<\/p>\n<p>&nbsp;<\/p>\n","protected":false},"excerpt":{"rendered":"<p>A Klub hajd\u00faszoboszl\u00f3i kezdete \u00f3ta r\u00e9szt v\u00e1llalsz a gyermekek oktat\u00e1s\u00e1ban, versenyeztet\u00e9s\u00e9ben. Akik ismernek, tudj\u00e1k, hogy a k\u00e9zilabda szeretete m\u00e1r gyermekkorodban kialakult! K\u00e9rlek, egy picit mutasd be magad! 12 \u00e9vesen a szomsz\u00e9dos kis faluban, Ebesen ismerkedtem meg a k\u00e9zilabda sz\u00e9ps\u00e9g\u00e9vel, az\u00f3ta &hellip; <a href=\"https:\/\/kezilabdahajduszoboszlo.hu\/?p=339\">Egy kattint\u00e1s ide a folytat\u00e1shoz&#8230;. <span class=\"meta-nav\">&rarr;<\/span><\/a><\/p>\n","protected":false},"author":2,"featured_media":340,"comment_status":"open","ping_status":"open","sticky":false,"template":"","format":"standard","meta":{"_monsterinsights_skip_tracking":false,"_monsterinsights_sitenote_active":false,"_monsterinsights_sitenote_note":"","_monsterinsights_sitenote_category":0,"footnotes":""},"categories":[5],"tags":[],"yoast_head":"<!-- This site is optimized with the Yoast SEO plugin v21.8.1 - https:\/\/yoast.com\/wordpress\/plugins\/seo\/ -->\n<title>Zelizi Mikl\u00f3ssal a serd\u00fcl\u0151 \u00e9s feln\u0151tt csapatunk edz\u0151j\u00e9vel besz\u00e9lget\u00fcnk. - K\u00e9zilabda Klub Hajd\u00faszoboszl\u00f3<\/title>\n<meta name=\"robots\" content=\"index, follow, max-snippet:-1, max-image-preview:large, max-video-preview:-1\" \/>\n<link rel=\"canonical\" href=\"https:\/\/kezilabdahajduszoboszlo.hu\/?p=339\" \/>\n<meta property=\"og:locale\" content=\"hu_HU\" \/>\n<meta property=\"og:type\" content=\"article\" \/>\n<meta property=\"og:title\" content=\"Zelizi Mikl\u00f3ssal a serd\u00fcl\u0151 \u00e9s feln\u0151tt csapatunk edz\u0151j\u00e9vel besz\u00e9lget\u00fcnk. - K\u00e9zilabda Klub Hajd\u00faszoboszl\u00f3\" \/>\n<meta property=\"og:description\" content=\"A Klub hajd\u00faszoboszl\u00f3i kezdete \u00f3ta r\u00e9szt v\u00e1llalsz a gyermekek oktat\u00e1s\u00e1ban, versenyeztet\u00e9s\u00e9ben. Akik ismernek, tudj\u00e1k, hogy a k\u00e9zilabda szeretete m\u00e1r gyermekkorodban kialakult! K\u00e9rlek, egy picit mutasd be magad! 12 \u00e9vesen a szomsz\u00e9dos kis faluban, Ebesen ismerkedtem meg a k\u00e9zilabda sz\u00e9ps\u00e9g\u00e9vel, az\u00f3ta &hellip; Egy kattint\u00e1s ide a folytat\u00e1shoz.... &rarr;\" \/>\n<meta property=\"og:url\" content=\"https:\/\/kezilabdahajduszoboszlo.hu\/?p=339\" \/>\n<meta property=\"og:site_name\" content=\"K\u00e9zilabda Klub Hajd\u00faszoboszl\u00f3\" \/>\n<meta property=\"article:published_time\" content=\"2019-10-22T08:46:03+00:00\" \/>\n<meta property=\"article:modified_time\" content=\"2019-10-22T09:19:29+00:00\" \/>\n<meta property=\"og:image\" content=\"https:\/\/kezilabdahajduszoboszlo.hu\/wp-content\/uploads\/2019\/10\/71957040_2381073798825218_8922007212625231872_n.jpg\" \/>\n\t<meta property=\"og:image:width\" content=\"960\" \/>\n\t<meta property=\"og:image:height\" content=\"720\" \/>\n\t<meta property=\"og:image:type\" content=\"image\/jpeg\" \/>\n<meta name=\"author\" content=\"Kapusi Kriszti\u00e1n\" \/>\n<meta name=\"twitter:card\" content=\"summary_large_image\" \/>\n<meta name=\"twitter:label1\" content=\"Szerz\u0151:\" \/>\n\t<meta name=\"twitter:data1\" content=\"Kapusi Kriszti\u00e1n\" \/>\n\t<meta name=\"twitter:label2\" content=\"Becs\u00fclt olvas\u00e1si id\u0151\" \/>\n\t<meta name=\"twitter:data2\" content=\"4 perc\" \/>\n<script type=\"application\/ld+json\" class=\"yoast-schema-graph\">{\"@context\":\"https:\/\/schema.org\",\"@graph\":[{\"@type\":\"WebPage\",\"@id\":\"https:\/\/kezilabdahajduszoboszlo.hu\/?p=339\",\"url\":\"https:\/\/kezilabdahajduszoboszlo.hu\/?p=339\",\"name\":\"Zelizi Mikl\u00f3ssal a serd\u00fcl\u0151 \u00e9s feln\u0151tt csapatunk edz\u0151j\u00e9vel besz\u00e9lget\u00fcnk. - K\u00e9zilabda Klub Hajd\u00faszoboszl\u00f3\",\"isPartOf\":{\"@id\":\"https:\/\/kezilabdahajduszoboszlo.hu\/#website\"},\"datePublished\":\"2019-10-22T08:46:03+00:00\",\"dateModified\":\"2019-10-22T09:19:29+00:00\",\"author\":{\"@id\":\"https:\/\/kezilabdahajduszoboszlo.hu\/#\/schema\/person\/5ec50fcc18790ccded9abbc4a29d0336\"},\"breadcrumb\":{\"@id\":\"https:\/\/kezilabdahajduszoboszlo.hu\/?p=339#breadcrumb\"},\"inLanguage\":\"hu\",\"potentialAction\":[{\"@type\":\"ReadAction\",\"target\":[\"https:\/\/kezilabdahajduszoboszlo.hu\/?p=339\"]}]},{\"@type\":\"BreadcrumbList\",\"@id\":\"https:\/\/kezilabdahajduszoboszlo.hu\/?p=339#breadcrumb\",\"itemListElement\":[{\"@type\":\"ListItem\",\"position\":1,\"name\":\"Home\",\"item\":\"https:\/\/kezilabdahajduszoboszlo.hu\/\"},{\"@type\":\"ListItem\",\"position\":2,\"name\":\"Zelizi Mikl\u00f3ssal a serd\u00fcl\u0151 \u00e9s feln\u0151tt csapatunk edz\u0151j\u00e9vel besz\u00e9lget\u00fcnk.\"}]},{\"@type\":\"WebSite\",\"@id\":\"https:\/\/kezilabdahajduszoboszlo.hu\/#website\",\"url\":\"https:\/\/kezilabdahajduszoboszlo.hu\/\",\"name\":\"K\u00e9zilabda Klub Hajd\u00faszoboszl\u00f3\",\"description\":\"\",\"potentialAction\":[{\"@type\":\"SearchAction\",\"target\":{\"@type\":\"EntryPoint\",\"urlTemplate\":\"https:\/\/kezilabdahajduszoboszlo.hu\/?s={search_term_string}\"},\"query-input\":\"required name=search_term_string\"}],\"inLanguage\":\"hu\"},{\"@type\":\"Person\",\"@id\":\"https:\/\/kezilabdahajduszoboszlo.hu\/#\/schema\/person\/5ec50fcc18790ccded9abbc4a29d0336\",\"name\":\"Kapusi Kriszti\u00e1n\",\"image\":{\"@type\":\"ImageObject\",\"inLanguage\":\"hu\",\"@id\":\"https:\/\/kezilabdahajduszoboszlo.hu\/#\/schema\/person\/image\/\",\"url\":\"https:\/\/secure.gravatar.com\/avatar\/3105527c52c6c13b3dacf30efd34a992?s=96&d=mm&r=g\",\"contentUrl\":\"https:\/\/secure.gravatar.com\/avatar\/3105527c52c6c13b3dacf30efd34a992?s=96&d=mm&r=g\",\"caption\":\"Kapusi Kriszti\u00e1n\"},\"sameAs\":[\"http:\/\/kezilabdahajduszoboszlo\"],\"url\":\"https:\/\/kezilabdahajduszoboszlo.hu\/?author=2\"}]}<\/script>\n<!-- \/ Yoast SEO plugin. -->","yoast_head_json":{"title":"Zelizi Mikl\u00f3ssal a serd\u00fcl\u0151 \u00e9s feln\u0151tt csapatunk edz\u0151j\u00e9vel besz\u00e9lget\u00fcnk. - K\u00e9zilabda Klub Hajd\u00faszoboszl\u00f3","robots":{"index":"index","follow":"follow","max-snippet":"max-snippet:-1","max-image-preview":"max-image-preview:large","max-video-preview":"max-video-preview:-1"},"canonical":"https:\/\/kezilabdahajduszoboszlo.hu\/?p=339","og_locale":"hu_HU","og_type":"article","og_title":"Zelizi Mikl\u00f3ssal a serd\u00fcl\u0151 \u00e9s feln\u0151tt csapatunk edz\u0151j\u00e9vel besz\u00e9lget\u00fcnk. - K\u00e9zilabda Klub Hajd\u00faszoboszl\u00f3","og_description":"A Klub hajd\u00faszoboszl\u00f3i kezdete \u00f3ta r\u00e9szt v\u00e1llalsz a gyermekek oktat\u00e1s\u00e1ban, versenyeztet\u00e9s\u00e9ben. Akik ismernek, tudj\u00e1k, hogy a k\u00e9zilabda szeretete m\u00e1r gyermekkorodban kialakult! K\u00e9rlek, egy picit mutasd be magad! 12 \u00e9vesen a szomsz\u00e9dos kis faluban, Ebesen ismerkedtem meg a k\u00e9zilabda sz\u00e9ps\u00e9g\u00e9vel, az\u00f3ta &hellip; Egy kattint\u00e1s ide a folytat\u00e1shoz.... &rarr;","og_url":"https:\/\/kezilabdahajduszoboszlo.hu\/?p=339","og_site_name":"K\u00e9zilabda Klub Hajd\u00faszoboszl\u00f3","article_published_time":"2019-10-22T08:46:03+00:00","article_modified_time":"2019-10-22T09:19:29+00:00","og_image":[{"width":960,"height":720,"url":"https:\/\/kezilabdahajduszoboszlo.hu\/wp-content\/uploads\/2019\/10\/71957040_2381073798825218_8922007212625231872_n.jpg","type":"image\/jpeg"}],"author":"Kapusi Kriszti\u00e1n","twitter_card":"summary_large_image","twitter_misc":{"Szerz\u0151:":"Kapusi Kriszti\u00e1n","Becs\u00fclt olvas\u00e1si id\u0151":"4 perc"},"schema":{"@context":"https:\/\/schema.org","@graph":[{"@type":"WebPage","@id":"https:\/\/kezilabdahajduszoboszlo.hu\/?p=339","url":"https:\/\/kezilabdahajduszoboszlo.hu\/?p=339","name":"Zelizi Mikl\u00f3ssal a serd\u00fcl\u0151 \u00e9s feln\u0151tt csapatunk edz\u0151j\u00e9vel besz\u00e9lget\u00fcnk. - K\u00e9zilabda Klub Hajd\u00faszoboszl\u00f3","isPartOf":{"@id":"https:\/\/kezilabdahajduszoboszlo.hu\/#website"},"datePublished":"2019-10-22T08:46:03+00:00","dateModified":"2019-10-22T09:19:29+00:00","author":{"@id":"https:\/\/kezilabdahajduszoboszlo.hu\/#\/schema\/person\/5ec50fcc18790ccded9abbc4a29d0336"},"breadcrumb":{"@id":"https:\/\/kezilabdahajduszoboszlo.hu\/?p=339#breadcrumb"},"inLanguage":"hu","potentialAction":[{"@type":"ReadAction","target":["https:\/\/kezilabdahajduszoboszlo.hu\/?p=339"]}]},{"@type":"BreadcrumbList","@id":"https:\/\/kezilabdahajduszoboszlo.hu\/?p=339#breadcrumb","itemListElement":[{"@type":"ListItem","position":1,"name":"Home","item":"https:\/\/kezilabdahajduszoboszlo.hu\/"},{"@type":"ListItem","position":2,"name":"Zelizi Mikl\u00f3ssal a serd\u00fcl\u0151 \u00e9s feln\u0151tt csapatunk edz\u0151j\u00e9vel besz\u00e9lget\u00fcnk."}]},{"@type":"WebSite","@id":"https:\/\/kezilabdahajduszoboszlo.hu\/#website","url":"https:\/\/kezilabdahajduszoboszlo.hu\/","name":"K\u00e9zilabda Klub Hajd\u00faszoboszl\u00f3","description":"","potentialAction":[{"@type":"SearchAction","target":{"@type":"EntryPoint","urlTemplate":"https:\/\/kezilabdahajduszoboszlo.hu\/?s={search_term_string}"},"query-input":"required name=search_term_string"}],"inLanguage":"hu"},{"@type":"Person","@id":"https:\/\/kezilabdahajduszoboszlo.hu\/#\/schema\/person\/5ec50fcc18790ccded9abbc4a29d0336","name":"Kapusi Kriszti\u00e1n","image":{"@type":"ImageObject","inLanguage":"hu","@id":"https:\/\/kezilabdahajduszoboszlo.hu\/#\/schema\/person\/image\/","url":"https:\/\/secure.gravatar.com\/avatar\/3105527c52c6c13b3dacf30efd34a992?s=96&d=mm&r=g","contentUrl":"https:\/\/secure.gravatar.com\/avatar\/3105527c52c6c13b3dacf30efd34a992?s=96&d=mm&r=g","caption":"Kapusi Kriszti\u00e1n"},"sameAs":["http:\/\/kezilabdahajduszoboszlo"],"url":"https:\/\/kezilabdahajduszoboszlo.hu\/?author=2"}]}},"_links":{"self":[{"href":"https:\/\/kezilabdahajduszoboszlo.hu\/index.php?rest_route=\/wp\/v2\/posts\/339"}],"collection":[{"href":"https:\/\/kezilabdahajduszoboszlo.hu\/index.php?rest_route=\/wp\/v2\/posts"}],"about":[{"href":"https:\/\/kezilabdahajduszoboszlo.hu\/index.php?rest_route=\/wp\/v2\/types\/post"}],"author":[{"embeddable":true,"href":"https:\/\/kezilabdahajduszoboszlo.hu\/index.php?rest_route=\/wp\/v2\/users\/2"}],"replies":[{"embeddable":true,"href":"https:\/\/kezilabdahajduszoboszlo.hu\/index.php?rest_route=%2Fwp%2Fv2%2Fcomments&post=339"}],"version-history":[{"count":3,"href":"https:\/\/kezilabdahajduszoboszlo.hu\/index.php?rest_route=\/wp\/v2\/posts\/339\/revisions"}],"predecessor-version":[{"id":343,"href":"https:\/\/kezilabdahajduszoboszlo.hu\/index.php?rest_route=\/wp\/v2\/posts\/339\/revisions\/343"}],"wp:featuredmedia":[{"embeddable":true,"href":"https:\/\/kezilabdahajduszoboszlo.hu\/index.php?rest_route=\/wp\/v2\/media\/340"}],"wp:attachment":[{"href":"https:\/\/kezilabdahajduszoboszlo.hu\/index.php?rest_route=%2Fwp%2Fv2%2Fmedia&parent=339"}],"wp:term":[{"taxonomy":"category","embeddable":true,"href":"https:\/\/kezilabdahajduszoboszlo.hu\/index.php?rest_route=%2Fwp%2Fv2%2Fcategories&post=339"},{"taxonomy":"post_tag","embeddable":true,"href":"https:\/\/kezilabdahajduszoboszlo.hu\/index.php?rest_route=%2Fwp%2Fv2%2Ftags&post=339"}],"curies":[{"name":"wp","href":"https:\/\/api.w.org\/{rel}","templated":true}]}}