{"id":369,"date":"2019-11-06T08:54:12","date_gmt":"2019-11-06T08:54:12","guid":{"rendered":"http:\/\/kezilabdahajduszoboszlo.hu\/?p=369"},"modified":"2019-11-06T08:54:12","modified_gmt":"2019-11-06T08:54:12","slug":"bemutatkozik-lajtos-boglarka-az-u9-es-csapatunk-edzoje","status":"publish","type":"post","link":"https:\/\/kezilabdahajduszoboszlo.hu\/?p=369","title":{"rendered":"Bemutatkozik Lajtos Bogl\u00e1rka, az U9-es csapatunk edz\u0151je."},"content":{"rendered":"<p>Egyes\u00fclet\u00fcnkben dolgoz\u00f3 szakemberek \u00e9s koroszt\u00e1lyaik bemutat\u00e1sa a v\u00e9g\u00e9hez \u00e9rt\u2026m\u00e1r csak az U9-es csoport bemutat\u00e1sa maradt h\u00e1tra!<\/p>\n<p>A legkisebb koroszt\u00e1ly edz\u0151j\u00e9vel, Lajtos Bogl\u00e1rk\u00e1val besz\u00e9lget\u00fcnk.<\/p>\n<p><strong>T\u00f6bbsz\u00f6r pr\u00f3b\u00e1lt a klub vezet\u0151je \u201eide csalogatni\u201d, de sok\u00e1ig ellen\u00e1llt\u00e1l. Mi volt az oka ennek?<\/strong><\/p>\n<p>Igen, sok\u00e1ig kitartottam, az el\u0151z\u0151 klubomn\u00e1l, nem vagyok az a csapong\u00f3 t\u00edpus. Sok \u00e9vet leh\u00faztam a P\u00fcsp\u00f6klad\u00e1nyi K\u00e9zilabda Egyes\u00fcletn\u00e9l. Majd egy s\u00e9r\u00fcl\u00e9semb\u0151l ad\u00f3d\u00f3an k\u00e9nyszerpihen\u0151re kellett mennem, ekkor kezdtem el az edz\u0151i \u201ep\u00e1lyafut\u00e1som\u201d.<\/p>\n<p><strong>P\u00fcsp\u00f6klad\u00e1nyi vagy \u00e9s ott is van a civil \u00e1ll\u00e1sod. Mennyire okoz neked gondot az edz\u00e9sekre val\u00f3 \u00e1tj\u00e1r\u00e1s?<\/strong><\/p>\n<p>A p\u00e1romnak \u00e9s a munkahelyemnek k\u00f6sz\u00f6nhet\u0151en az edz\u00e9sekre val\u00f3 \u00e1tj\u00e1r\u00e1s egy\u00e1ltal\u00e1n nem okoz nekem gondot. Minden szervez\u00e9sen \u00e9s kommunik\u00e1ci\u00f3n m\u00falik, n\u00e1lunk ez is m\u0171k\u00f6dik. M\u00edg \u0151 a futball vil\u00e1g\u00e1ban, addig \u00e9n a k\u00e9zilabd\u00e1ban tal\u00e1ltam meg a m\u00e1sodik otthonomat.<\/p>\n<p><strong>Sok\u00e1ig volt\u00e1l j\u00e1t\u00e9kosk\u00e9nt meghat\u00e1roz\u00f3 egy\u00e9nis\u00e9ge a P\u00fcsp\u00f6klad\u00e1nyi KE csapat\u00e1nak. Jelenleg a Klubunk feln\u0151tt egy\u00fcttes\u00e9nek is tagja vagy. Akt\u00edvan is r\u00e9szt veszel a csapat \u00e9let\u00e9ben?<\/strong><\/p>\n<p>A K\u00e9zilabda Klub Hajd\u00faszoboszl\u00f3 egyes\u00fclethez, el\u0151sz\u00f6r, mint edz\u0151 ker\u00fcltem, majd a tavalyi \u00e9vben csatlakoztam a feln\u0151tt csapathoz j\u00e1t\u00e9kosk\u00e9nt is. Amennyi id\u0151m engedi, r\u00e9szt veszek edz\u00e9seken \u00e9s meccseken.<\/p>\n<p><strong>Mikor szerezted meg az edz\u0151i v\u00e9gzetts\u00e9get \u00e9s mi vez\u00e9relt erre a p\u00e1ly\u00e1ra?<\/strong><\/p>\n<p>2017 nyar\u00e1n szereztem meg edz\u0151i pap\u00edromat, amit Balogh S\u00e1ndor eln\u00f6k \u00farnak k\u00f6sz\u00f6nhetek. Hiszen egy kisebb s\u00e9r\u00fcl\u00e9sem miatt az k\u00e9zilabda \u201ep\u00e1lyafut\u00e1somat\u201d sz\u00fcneteltetnem kellett. Ekkor \u00e9rkezett a megkeres\u00e9s t\u0151le, hogy meg\u00fcresedett egy edz\u0151i poszt a KKHSZ U8-as csapat\u00e1n\u00e1l. Megtisztelt bizalm\u00e1val \u00e9s t\u00e1mogatott is az iskola elv\u00e9gz\u00e9s\u00e9ben, ami\u00e9rt h\u00e1l\u00e1val \u00e9s k\u00f6sz\u00f6nettel tartozom neki. Hiszen \u00edgy a k\u00e9zilabda mellett tudtam maradni, valamint sok \u00e9v kihagy\u00e1s ut\u00e1n, mint sportol\u00f3 is vissza tudtam t\u00e9rni a p\u00e1ly\u00e1ra.<\/p>\n<p><strong>Az U9-es csapat \u00e9let\u00e9nek vagy \u201ef\u0151szervez\u0151je\u201d, milyen vel\u00fck az \u201e\u00e9let\u201d?<\/strong><\/p>\n<p>Ett\u0151l a szezont\u00f3l csak az U9-es csapat van az ir\u00e1ny\u00edt\u00e1som alatt. C\u00e9lom, megszerettetni a gyerekekkel a mozg\u00e1st, \u00e9s sokkal ink\u00e1bb j\u00f3 sportol\u00f3kat nevelni, majd ezut\u00e1n k\u00e9zilabd\u00e1z\u00f3kat. Minden edz\u00e9sbe sz\u00edvem, lelkem \u00e9s tud\u00e1som beleadom, amit a mosolyukkal \u00e9s \u00f6lel\u00e9s\u00fckkel viszonoznak. Ebben a sport\u00e1gban is nagyon fontos a hiteless\u00e9g, egy edz\u0151nek a legfontosabb munkaeszk\u00f6ze a saj\u00e1t szem\u00e9lyis\u00e9ge.<\/p>\n<p><strong>Hetente mennyi edz\u00e9ssel k\u00e9sz\u00fclt\u00f6k? Hol vannak ezek \u00e9s hogyan lehet jelentkezni, ha valaki kedvet \u00e9rez megismerkedni ezzel a csod\u00e1latos sport\u00e1ggal?<\/strong><\/p>\n<p>Heti k\u00e9t alkalommal tal\u00e1lkozunk a l\u00e1nyokkal, Hajd\u00faszoboszl\u00f3n a G\u00f6nczy P\u00e1l \u00c1ltal\u00e1nos Iskola G1-es tornaterm\u00e9ben. Szerda \u00e9s cs\u00fct\u00f6rt\u00f6k 15.30-17.00 id\u0151pontban.<\/p>\n<p>Bizalommal kereshetnek engem szem\u00e9lyesen illetve telefonon:<\/p>\n<p>Lajtos Bogl\u00e1rka Tel.:06\/30-9871443<\/p>\n<p><strong>Az edz\u00e9sek kiteljesed\u00e9se a versenyz\u00e9s. Milyen lehet\u0151s\u00e9getek van a megm\u00e9rettet\u00e9sre?<\/strong><\/p>\n<p>A Magyar K\u00e9zilabda Sz\u00f6vets\u00e9g- Vel\u00fcnk kerek a vil\u00e1g Tanuld a k\u00e9zilabd\u00e1t- \u00e1ltal ki\u00edrt kisiskol\u00e1s bajnoks\u00e1gban van lehet\u0151s\u00e9g\u00fcnk versenyezni.<\/p>\n<p><strong>Mi\u00e9rt j\u00f3 ennek a Klubnak a tagj\u00e1nak lenni?<\/strong><\/p>\n<p>Nagy \u00f6r\u00f6mmel t\u00f6lt el, hogy ennek a klubnak lehetek tagja, hiszen nemcsak mint edz\u0151, hanem mint j\u00e1t\u00e9kos is lehet\u0151s\u00e9gem van p\u00e1ly\u00e1ra l\u00e9pni, ugyanazon az egyes\u00fcleten bel\u00fcl.<\/p>\n<p>Edz\u0151koll\u00e9g\u00e1kkal kiv\u00e1l\u00f3 kapcsolatot \u00e1polunk, seg\u00edtj\u00fck egym\u00e1st, amiben tudjuk. Klubunkban a tavalyi \u00e9s az idei \u00e9vben is heti rendszeress\u00e9ggel van kapusedz\u00e9s, ami minden koroszt\u00e1ly sz\u00e1m\u00e1ra el\u00e9rhet\u0151. Valamint ett\u0151l az \u00e9vt\u0151l b\u00fcszk\u00e9n elmondhatjuk, hogy az egyes\u00fclet\u00fcnk gy\u00f3gytorn\u00e1sz seg\u00edts\u00e9g\u00e9vel tud k\u00e9sz\u00fclni a bajnoks\u00e1gra. \u00dagy gondolom, hogy a prevenci\u00f3 ebben a sport\u00e1gban, \u00e9s ebben a rohan\u00f3 vil\u00e1gban m\u00e9g ink\u00e1bb fontos.<\/p>\n<p><strong>Mit szeretn\u00e9l \u00e1tadni, mi az \u00fczeneted sportol\u00f3id fel\u00e9?<\/strong><\/p>\n<p>\u00c9n is ilyen fiatalon kezdtem ezt a sportot, mint amilyenek a mostani csapatom. Azt a tud\u00e1st \u00e9s mentalit\u00e1st szeretn\u00e9m \u00e1tadni nekik, amit \u00e9n kaptam annak idej\u00e9n, \u00e9s amit k\u00f6sz\u00f6n\u00f6k az edz\u0151imnek. A k\u00e9zilabda egy csapatj\u00e1t\u00e9k, amiben mindenkinek hozz\u00e1 kell tennie a kitart\u00e1s\u00e1t \u00e9s a sz\u00edv\u00e9t, ezzel a k\u00e9t tulajdons\u00e1ggal messzire el lehet jutni. K\u00f6z\u00f6sen harcolunk egy c\u00e9l\u00e9rt!<\/p>\n<p>Mindenkib\u0151l nem lesz v\u00e1logatott j\u00e1t\u00e9kos ez t\u00e9ny, de a csapatsport megtan\u00edtja az embert a k\u00f6z\u00f6ss\u00e9gben \u00e9lni, alkalmazkod\u00e1sra, a fegyelemre, a figyelemre, koncentr\u00e1ci\u00f3ra, b\u00e1tors\u00e1gra, nyitotts\u00e1gra, elfogad\u00e1sra, sz\u00f3val sok mindenre, de szerintem a l\u00e9nyeg, hogy \u00e9lvezz\u00fck, amit csin\u00e1lunk.<\/p>\n<p>Amit pr\u00f3b\u00e1lok \u00e1tadni nekik, azt nem csak kommunik\u00e1lom, hanem a p\u00e1ly\u00e1n is igyekszek fel\u00e9j\u00fck k\u00f6zvet\u00edteni, hiszen akkor \u0151k figyelnek engem, szurkolnak nekem a lel\u00e1t\u00f3n.<\/p>\n<p>Hajr\u00e1 KKHSZ!!!<\/p>\n<p>&nbsp;<\/p>\n","protected":false},"excerpt":{"rendered":"<p>Egyes\u00fclet\u00fcnkben dolgoz\u00f3 szakemberek \u00e9s koroszt\u00e1lyaik bemutat\u00e1sa a v\u00e9g\u00e9hez \u00e9rt\u2026m\u00e1r csak az U9-es csoport bemutat\u00e1sa maradt h\u00e1tra! A legkisebb koroszt\u00e1ly edz\u0151j\u00e9vel, Lajtos Bogl\u00e1rk\u00e1val besz\u00e9lget\u00fcnk. T\u00f6bbsz\u00f6r pr\u00f3b\u00e1lt a klub vezet\u0151je \u201eide csalogatni\u201d, de sok\u00e1ig ellen\u00e1llt\u00e1l. Mi volt az oka ennek? Igen, sok\u00e1ig &hellip; <a href=\"https:\/\/kezilabdahajduszoboszlo.hu\/?p=369\">Egy kattint\u00e1s ide a folytat\u00e1shoz&#8230;. <span class=\"meta-nav\">&rarr;<\/span><\/a><\/p>\n","protected":false},"author":2,"featured_media":370,"comment_status":"open","ping_status":"open","sticky":false,"template":"","format":"standard","meta":{"_monsterinsights_skip_tracking":false,"_monsterinsights_sitenote_active":false,"_monsterinsights_sitenote_note":"","_monsterinsights_sitenote_category":0,"footnotes":""},"categories":[5],"tags":[],"yoast_head":"<!-- This site is optimized with the Yoast SEO plugin v21.8.1 - https:\/\/yoast.com\/wordpress\/plugins\/seo\/ -->\n<title>Bemutatkozik Lajtos Bogl\u00e1rka, az U9-es csapatunk edz\u0151je. - K\u00e9zilabda Klub Hajd\u00faszoboszl\u00f3<\/title>\n<meta name=\"robots\" content=\"index, follow, max-snippet:-1, max-image-preview:large, max-video-preview:-1\" \/>\n<link rel=\"canonical\" href=\"https:\/\/kezilabdahajduszoboszlo.hu\/?p=369\" \/>\n<meta property=\"og:locale\" content=\"hu_HU\" \/>\n<meta property=\"og:type\" content=\"article\" \/>\n<meta property=\"og:title\" content=\"Bemutatkozik Lajtos Bogl\u00e1rka, az U9-es csapatunk edz\u0151je. - K\u00e9zilabda Klub Hajd\u00faszoboszl\u00f3\" \/>\n<meta property=\"og:description\" content=\"Egyes\u00fclet\u00fcnkben dolgoz\u00f3 szakemberek \u00e9s koroszt\u00e1lyaik bemutat\u00e1sa a v\u00e9g\u00e9hez \u00e9rt\u2026m\u00e1r csak az U9-es csoport bemutat\u00e1sa maradt h\u00e1tra! A legkisebb koroszt\u00e1ly edz\u0151j\u00e9vel, Lajtos Bogl\u00e1rk\u00e1val besz\u00e9lget\u00fcnk. T\u00f6bbsz\u00f6r pr\u00f3b\u00e1lt a klub vezet\u0151je \u201eide csalogatni\u201d, de sok\u00e1ig ellen\u00e1llt\u00e1l. Mi volt az oka ennek? Igen, sok\u00e1ig &hellip; Egy kattint\u00e1s ide a folytat\u00e1shoz.... &rarr;\" \/>\n<meta property=\"og:url\" content=\"https:\/\/kezilabdahajduszoboszlo.hu\/?p=369\" \/>\n<meta property=\"og:site_name\" content=\"K\u00e9zilabda Klub Hajd\u00faszoboszl\u00f3\" \/>\n<meta property=\"article:published_time\" content=\"2019-11-06T08:54:12+00:00\" \/>\n<meta property=\"og:image\" content=\"https:\/\/kezilabdahajduszoboszlo.hu\/wp-content\/uploads\/2019\/11\/74609442_2436069426660562_7234576976491577344_n.jpg\" \/>\n\t<meta property=\"og:image:width\" content=\"1920\" \/>\n\t<meta property=\"og:image:height\" content=\"1920\" \/>\n\t<meta property=\"og:image:type\" content=\"image\/jpeg\" \/>\n<meta name=\"author\" content=\"Kapusi Kriszti\u00e1n\" \/>\n<meta name=\"twitter:card\" content=\"summary_large_image\" \/>\n<meta name=\"twitter:label1\" content=\"Szerz\u0151:\" \/>\n\t<meta name=\"twitter:data1\" content=\"Kapusi Kriszti\u00e1n\" \/>\n\t<meta name=\"twitter:label2\" content=\"Becs\u00fclt olvas\u00e1si id\u0151\" \/>\n\t<meta name=\"twitter:data2\" content=\"5 perc\" \/>\n<script type=\"application\/ld+json\" class=\"yoast-schema-graph\">{\"@context\":\"https:\/\/schema.org\",\"@graph\":[{\"@type\":\"WebPage\",\"@id\":\"https:\/\/kezilabdahajduszoboszlo.hu\/?p=369\",\"url\":\"https:\/\/kezilabdahajduszoboszlo.hu\/?p=369\",\"name\":\"Bemutatkozik Lajtos Bogl\u00e1rka, az U9-es csapatunk edz\u0151je. - K\u00e9zilabda Klub Hajd\u00faszoboszl\u00f3\",\"isPartOf\":{\"@id\":\"https:\/\/kezilabdahajduszoboszlo.hu\/#website\"},\"datePublished\":\"2019-11-06T08:54:12+00:00\",\"dateModified\":\"2019-11-06T08:54:12+00:00\",\"author\":{\"@id\":\"https:\/\/kezilabdahajduszoboszlo.hu\/#\/schema\/person\/5ec50fcc18790ccded9abbc4a29d0336\"},\"breadcrumb\":{\"@id\":\"https:\/\/kezilabdahajduszoboszlo.hu\/?p=369#breadcrumb\"},\"inLanguage\":\"hu\",\"potentialAction\":[{\"@type\":\"ReadAction\",\"target\":[\"https:\/\/kezilabdahajduszoboszlo.hu\/?p=369\"]}]},{\"@type\":\"BreadcrumbList\",\"@id\":\"https:\/\/kezilabdahajduszoboszlo.hu\/?p=369#breadcrumb\",\"itemListElement\":[{\"@type\":\"ListItem\",\"position\":1,\"name\":\"Home\",\"item\":\"https:\/\/kezilabdahajduszoboszlo.hu\/\"},{\"@type\":\"ListItem\",\"position\":2,\"name\":\"Bemutatkozik Lajtos Bogl\u00e1rka, az U9-es csapatunk edz\u0151je.\"}]},{\"@type\":\"WebSite\",\"@id\":\"https:\/\/kezilabdahajduszoboszlo.hu\/#website\",\"url\":\"https:\/\/kezilabdahajduszoboszlo.hu\/\",\"name\":\"K\u00e9zilabda Klub Hajd\u00faszoboszl\u00f3\",\"description\":\"\",\"potentialAction\":[{\"@type\":\"SearchAction\",\"target\":{\"@type\":\"EntryPoint\",\"urlTemplate\":\"https:\/\/kezilabdahajduszoboszlo.hu\/?s={search_term_string}\"},\"query-input\":\"required name=search_term_string\"}],\"inLanguage\":\"hu\"},{\"@type\":\"Person\",\"@id\":\"https:\/\/kezilabdahajduszoboszlo.hu\/#\/schema\/person\/5ec50fcc18790ccded9abbc4a29d0336\",\"name\":\"Kapusi Kriszti\u00e1n\",\"image\":{\"@type\":\"ImageObject\",\"inLanguage\":\"hu\",\"@id\":\"https:\/\/kezilabdahajduszoboszlo.hu\/#\/schema\/person\/image\/\",\"url\":\"https:\/\/secure.gravatar.com\/avatar\/3105527c52c6c13b3dacf30efd34a992?s=96&d=mm&r=g\",\"contentUrl\":\"https:\/\/secure.gravatar.com\/avatar\/3105527c52c6c13b3dacf30efd34a992?s=96&d=mm&r=g\",\"caption\":\"Kapusi Kriszti\u00e1n\"},\"sameAs\":[\"http:\/\/kezilabdahajduszoboszlo\"],\"url\":\"https:\/\/kezilabdahajduszoboszlo.hu\/?author=2\"}]}<\/script>\n<!-- \/ Yoast SEO plugin. -->","yoast_head_json":{"title":"Bemutatkozik Lajtos Bogl\u00e1rka, az U9-es csapatunk edz\u0151je. - K\u00e9zilabda Klub Hajd\u00faszoboszl\u00f3","robots":{"index":"index","follow":"follow","max-snippet":"max-snippet:-1","max-image-preview":"max-image-preview:large","max-video-preview":"max-video-preview:-1"},"canonical":"https:\/\/kezilabdahajduszoboszlo.hu\/?p=369","og_locale":"hu_HU","og_type":"article","og_title":"Bemutatkozik Lajtos Bogl\u00e1rka, az U9-es csapatunk edz\u0151je. - K\u00e9zilabda Klub Hajd\u00faszoboszl\u00f3","og_description":"Egyes\u00fclet\u00fcnkben dolgoz\u00f3 szakemberek \u00e9s koroszt\u00e1lyaik bemutat\u00e1sa a v\u00e9g\u00e9hez \u00e9rt\u2026m\u00e1r csak az U9-es csoport bemutat\u00e1sa maradt h\u00e1tra! A legkisebb koroszt\u00e1ly edz\u0151j\u00e9vel, Lajtos Bogl\u00e1rk\u00e1val besz\u00e9lget\u00fcnk. T\u00f6bbsz\u00f6r pr\u00f3b\u00e1lt a klub vezet\u0151je \u201eide csalogatni\u201d, de sok\u00e1ig ellen\u00e1llt\u00e1l. Mi volt az oka ennek? Igen, sok\u00e1ig &hellip; Egy kattint\u00e1s ide a folytat\u00e1shoz.... &rarr;","og_url":"https:\/\/kezilabdahajduszoboszlo.hu\/?p=369","og_site_name":"K\u00e9zilabda Klub Hajd\u00faszoboszl\u00f3","article_published_time":"2019-11-06T08:54:12+00:00","og_image":[{"width":1920,"height":1920,"url":"https:\/\/kezilabdahajduszoboszlo.hu\/wp-content\/uploads\/2019\/11\/74609442_2436069426660562_7234576976491577344_n.jpg","type":"image\/jpeg"}],"author":"Kapusi Kriszti\u00e1n","twitter_card":"summary_large_image","twitter_misc":{"Szerz\u0151:":"Kapusi Kriszti\u00e1n","Becs\u00fclt olvas\u00e1si id\u0151":"5 perc"},"schema":{"@context":"https:\/\/schema.org","@graph":[{"@type":"WebPage","@id":"https:\/\/kezilabdahajduszoboszlo.hu\/?p=369","url":"https:\/\/kezilabdahajduszoboszlo.hu\/?p=369","name":"Bemutatkozik Lajtos Bogl\u00e1rka, az U9-es csapatunk edz\u0151je. - K\u00e9zilabda Klub Hajd\u00faszoboszl\u00f3","isPartOf":{"@id":"https:\/\/kezilabdahajduszoboszlo.hu\/#website"},"datePublished":"2019-11-06T08:54:12+00:00","dateModified":"2019-11-06T08:54:12+00:00","author":{"@id":"https:\/\/kezilabdahajduszoboszlo.hu\/#\/schema\/person\/5ec50fcc18790ccded9abbc4a29d0336"},"breadcrumb":{"@id":"https:\/\/kezilabdahajduszoboszlo.hu\/?p=369#breadcrumb"},"inLanguage":"hu","potentialAction":[{"@type":"ReadAction","target":["https:\/\/kezilabdahajduszoboszlo.hu\/?p=369"]}]},{"@type":"BreadcrumbList","@id":"https:\/\/kezilabdahajduszoboszlo.hu\/?p=369#breadcrumb","itemListElement":[{"@type":"ListItem","position":1,"name":"Home","item":"https:\/\/kezilabdahajduszoboszlo.hu\/"},{"@type":"ListItem","position":2,"name":"Bemutatkozik Lajtos Bogl\u00e1rka, az U9-es csapatunk edz\u0151je."}]},{"@type":"WebSite","@id":"https:\/\/kezilabdahajduszoboszlo.hu\/#website","url":"https:\/\/kezilabdahajduszoboszlo.hu\/","name":"K\u00e9zilabda Klub Hajd\u00faszoboszl\u00f3","description":"","potentialAction":[{"@type":"SearchAction","target":{"@type":"EntryPoint","urlTemplate":"https:\/\/kezilabdahajduszoboszlo.hu\/?s={search_term_string}"},"query-input":"required name=search_term_string"}],"inLanguage":"hu"},{"@type":"Person","@id":"https:\/\/kezilabdahajduszoboszlo.hu\/#\/schema\/person\/5ec50fcc18790ccded9abbc4a29d0336","name":"Kapusi Kriszti\u00e1n","image":{"@type":"ImageObject","inLanguage":"hu","@id":"https:\/\/kezilabdahajduszoboszlo.hu\/#\/schema\/person\/image\/","url":"https:\/\/secure.gravatar.com\/avatar\/3105527c52c6c13b3dacf30efd34a992?s=96&d=mm&r=g","contentUrl":"https:\/\/secure.gravatar.com\/avatar\/3105527c52c6c13b3dacf30efd34a992?s=96&d=mm&r=g","caption":"Kapusi Kriszti\u00e1n"},"sameAs":["http:\/\/kezilabdahajduszoboszlo"],"url":"https:\/\/kezilabdahajduszoboszlo.hu\/?author=2"}]}},"_links":{"self":[{"href":"https:\/\/kezilabdahajduszoboszlo.hu\/index.php?rest_route=\/wp\/v2\/posts\/369"}],"collection":[{"href":"https:\/\/kezilabdahajduszoboszlo.hu\/index.php?rest_route=\/wp\/v2\/posts"}],"about":[{"href":"https:\/\/kezilabdahajduszoboszlo.hu\/index.php?rest_route=\/wp\/v2\/types\/post"}],"author":[{"embeddable":true,"href":"https:\/\/kezilabdahajduszoboszlo.hu\/index.php?rest_route=\/wp\/v2\/users\/2"}],"replies":[{"embeddable":true,"href":"https:\/\/kezilabdahajduszoboszlo.hu\/index.php?rest_route=%2Fwp%2Fv2%2Fcomments&post=369"}],"version-history":[{"count":1,"href":"https:\/\/kezilabdahajduszoboszlo.hu\/index.php?rest_route=\/wp\/v2\/posts\/369\/revisions"}],"predecessor-version":[{"id":371,"href":"https:\/\/kezilabdahajduszoboszlo.hu\/index.php?rest_route=\/wp\/v2\/posts\/369\/revisions\/371"}],"wp:featuredmedia":[{"embeddable":true,"href":"https:\/\/kezilabdahajduszoboszlo.hu\/index.php?rest_route=\/wp\/v2\/media\/370"}],"wp:attachment":[{"href":"https:\/\/kezilabdahajduszoboszlo.hu\/index.php?rest_route=%2Fwp%2Fv2%2Fmedia&parent=369"}],"wp:term":[{"taxonomy":"category","embeddable":true,"href":"https:\/\/kezilabdahajduszoboszlo.hu\/index.php?rest_route=%2Fwp%2Fv2%2Fcategories&post=369"},{"taxonomy":"post_tag","embeddable":true,"href":"https:\/\/kezilabdahajduszoboszlo.hu\/index.php?rest_route=%2Fwp%2Fv2%2Ftags&post=369"}],"curies":[{"name":"wp","href":"https:\/\/api.w.org\/{rel}","templated":true}]}}