{"id":386,"date":"2019-11-25T16:52:21","date_gmt":"2019-11-25T16:52:21","guid":{"rendered":"http:\/\/kezilabdahajduszoboszlo.hu\/?p=386"},"modified":"2019-11-25T16:54:16","modified_gmt":"2019-11-25T16:54:16","slug":"az-elmult-hete-eredmenyei","status":"publish","type":"post","link":"https:\/\/kezilabdahajduszoboszlo.hu\/?p=386","title":{"rendered":"Az elm\u00falt h\u00e9t eredm\u00e9nyei"},"content":{"rendered":"<p><strong>Megyei feln\u0151tt bajnoks\u00e1g<\/strong><\/p>\n<p>2019. november 22.<\/p>\n<p>Ny\u00edradony VVTK &#8211; <strong>KK Hajd\u00faszoboszl\u00f3<\/strong> 33- 39 ( 16 &#8211; 20)<\/p>\n<p>Zelizi Mikl\u00f3s edz\u0151 :<br \/>\nP\u00e9ntek d\u00e9lut\u00e1n \u00fajb\u00f3l bajnoki m\u00e9rk\u0151z\u00e9st j\u00e1tszottunk. Most a Ny\u00edradony csapata l\u00e1tott minket vend\u00e9g\u00fcl! Egy fontos m\u00e9rk\u0151z\u00e9st siker\u00fclt megnyern\u00fcnk! De nem volt olyan sima m\u00e9rk\u0151z\u00e9s, mint az el\u0151z\u0151 hazai. Hektikus, kev\u00e9s v\u00e9dekez\u00e9st, sok t\u00e1mad\u00e1s l\u00e1thattunk a k\u00e9t csapat r\u00e9sz\u00e9r\u0151l. Ebb\u0151l mi j\u00f6tt\u00fcnk ki gy\u0151ztesen! V\u00e9gig vezetve, hoztuk a k\u00f6telez\u0151t! Amit tudjuk, a legnehezebb megnyerni!<\/p>\n<p>&nbsp;<\/p>\n<p><strong>Gyermekbajnoks\u00e1g U11<\/strong><\/p>\n<p>2019. november 23.<\/p>\n<p><strong>KK Hajd\u00faszoboszl\u00f3<\/strong>-S\u00e1rospataki USI 10-2<br \/>\n<strong>KK Hajd\u00faszoboszl\u00f3<\/strong> &#8211; Ny\u00edrb\u00e1tor 8-8<\/p>\n<p>Kapusi Kriszti\u00e1n edz\u0151:<br \/>\nMindk\u00e9t m\u00e9rk\u0151z\u00e9sen b\u00e1tran, nagyot k\u00fczdve j\u00e1tszottunk! Mindenki meg\u00e9rdemli a dics\u00e9retet, mert egyre jobban csapatk\u00e9nt m\u0171k\u00f6d\u00fcnk.<\/p>\n<p>&nbsp;<\/p>\n<p><strong>Gyermekbajnoks\u00e1g U13<\/strong><\/p>\n<p>2019. november 24.<\/p>\n<p>Hajd\u00fan\u00e1n\u00e1s \u2013 <strong>KK Hajd\u00faszoboszl\u00f3<\/strong> 26-18<br \/>\n<strong>KK Hajd\u00faszoboszl\u00f3<\/strong> &#8211; Csenger 16- 3<\/p>\n<p>Bana Anik\u00f3 edz\u0151:<\/p>\n<p>Mai nap k\u00e9t \u00e9rdekes m\u00e9rk\u0151z\u00e9st j\u00e1tszottunk. Mindk\u00e9t meccsb\u0151l tanulhatunk, fejl\u0151dhet\u00fcnk.<br \/>\nNagyon j\u00f3 \u00e9rz\u00e9ssel t\u00f6lt el, hogy m\u00e1r nem egy-k\u00e9t j\u00e1t\u00e9kos vitte a h\u00e1t\u00e1n a csapatot.<br \/>\nMindenki oda tette mag\u00e1t a g\u00f3lszerz\u00e9sben \u00e9s a v\u00e9dekez\u00e9sben is.<\/p>\n","protected":false},"excerpt":{"rendered":"<p>Megyei feln\u0151tt bajnoks\u00e1g 2019. november 22. Ny\u00edradony VVTK &#8211; KK Hajd\u00faszoboszl\u00f3 33- 39 ( 16 &#8211; 20) Zelizi Mikl\u00f3s edz\u0151 : P\u00e9ntek d\u00e9lut\u00e1n \u00fajb\u00f3l bajnoki m\u00e9rk\u0151z\u00e9st j\u00e1tszottunk. Most a Ny\u00edradony csapata l\u00e1tott minket vend\u00e9g\u00fcl! Egy fontos m\u00e9rk\u0151z\u00e9st siker\u00fclt megnyern\u00fcnk! De &hellip; <a href=\"https:\/\/kezilabdahajduszoboszlo.hu\/?p=386\">Egy kattint\u00e1s ide a folytat\u00e1shoz&#8230;. <span class=\"meta-nav\">&rarr;<\/span><\/a><\/p>\n","protected":false},"author":2,"featured_media":262,"comment_status":"open","ping_status":"open","sticky":false,"template":"","format":"standard","meta":{"_monsterinsights_skip_tracking":false,"_monsterinsights_sitenote_active":false,"_monsterinsights_sitenote_note":"","_monsterinsights_sitenote_category":0,"footnotes":""},"categories":[5],"tags":[],"yoast_head":"<!-- This site is optimized with the Yoast SEO plugin v21.8.1 - https:\/\/yoast.com\/wordpress\/plugins\/seo\/ -->\n<title>Az elm\u00falt h\u00e9t eredm\u00e9nyei - K\u00e9zilabda Klub Hajd\u00faszoboszl\u00f3<\/title>\n<meta name=\"robots\" content=\"index, follow, max-snippet:-1, max-image-preview:large, max-video-preview:-1\" \/>\n<link rel=\"canonical\" href=\"https:\/\/kezilabdahajduszoboszlo.hu\/?p=386\" \/>\n<meta property=\"og:locale\" content=\"hu_HU\" \/>\n<meta property=\"og:type\" content=\"article\" \/>\n<meta property=\"og:title\" content=\"Az elm\u00falt h\u00e9t eredm\u00e9nyei - K\u00e9zilabda Klub Hajd\u00faszoboszl\u00f3\" \/>\n<meta property=\"og:description\" content=\"Megyei feln\u0151tt bajnoks\u00e1g 2019. november 22. Ny\u00edradony VVTK &#8211; KK Hajd\u00faszoboszl\u00f3 33- 39 ( 16 &#8211; 20) Zelizi Mikl\u00f3s edz\u0151 : P\u00e9ntek d\u00e9lut\u00e1n \u00fajb\u00f3l bajnoki m\u00e9rk\u0151z\u00e9st j\u00e1tszottunk. Most a Ny\u00edradony csapata l\u00e1tott minket vend\u00e9g\u00fcl! Egy fontos m\u00e9rk\u0151z\u00e9st siker\u00fclt megnyern\u00fcnk! De &hellip; Egy kattint\u00e1s ide a folytat\u00e1shoz.... &rarr;\" \/>\n<meta property=\"og:url\" content=\"https:\/\/kezilabdahajduszoboszlo.hu\/?p=386\" \/>\n<meta property=\"og:site_name\" content=\"K\u00e9zilabda Klub Hajd\u00faszoboszl\u00f3\" \/>\n<meta property=\"article:published_time\" content=\"2019-11-25T16:52:21+00:00\" \/>\n<meta property=\"article:modified_time\" content=\"2019-11-25T16:54:16+00:00\" \/>\n<meta property=\"og:image\" content=\"https:\/\/kezilabdahajduszoboszlo.hu\/wp-content\/uploads\/2019\/10\/k\u00e9zilabda.jpeg\" \/>\n\t<meta property=\"og:image:width\" content=\"1024\" \/>\n\t<meta property=\"og:image:height\" content=\"768\" \/>\n\t<meta property=\"og:image:type\" content=\"image\/jpeg\" \/>\n<meta name=\"author\" content=\"Kapusi Kriszti\u00e1n\" \/>\n<meta name=\"twitter:card\" content=\"summary_large_image\" \/>\n<meta name=\"twitter:label1\" content=\"Szerz\u0151:\" \/>\n\t<meta name=\"twitter:data1\" content=\"Kapusi Kriszti\u00e1n\" \/>\n\t<meta name=\"twitter:label2\" content=\"Becs\u00fclt olvas\u00e1si id\u0151\" \/>\n\t<meta name=\"twitter:data2\" content=\"1 perc\" \/>\n<script type=\"application\/ld+json\" class=\"yoast-schema-graph\">{\"@context\":\"https:\/\/schema.org\",\"@graph\":[{\"@type\":\"WebPage\",\"@id\":\"https:\/\/kezilabdahajduszoboszlo.hu\/?p=386\",\"url\":\"https:\/\/kezilabdahajduszoboszlo.hu\/?p=386\",\"name\":\"Az elm\u00falt h\u00e9t eredm\u00e9nyei - K\u00e9zilabda Klub Hajd\u00faszoboszl\u00f3\",\"isPartOf\":{\"@id\":\"https:\/\/kezilabdahajduszoboszlo.hu\/#website\"},\"datePublished\":\"2019-11-25T16:52:21+00:00\",\"dateModified\":\"2019-11-25T16:54:16+00:00\",\"author\":{\"@id\":\"https:\/\/kezilabdahajduszoboszlo.hu\/#\/schema\/person\/5ec50fcc18790ccded9abbc4a29d0336\"},\"breadcrumb\":{\"@id\":\"https:\/\/kezilabdahajduszoboszlo.hu\/?p=386#breadcrumb\"},\"inLanguage\":\"hu\",\"potentialAction\":[{\"@type\":\"ReadAction\",\"target\":[\"https:\/\/kezilabdahajduszoboszlo.hu\/?p=386\"]}]},{\"@type\":\"BreadcrumbList\",\"@id\":\"https:\/\/kezilabdahajduszoboszlo.hu\/?p=386#breadcrumb\",\"itemListElement\":[{\"@type\":\"ListItem\",\"position\":1,\"name\":\"Home\",\"item\":\"https:\/\/kezilabdahajduszoboszlo.hu\/\"},{\"@type\":\"ListItem\",\"position\":2,\"name\":\"Az elm\u00falt h\u00e9t eredm\u00e9nyei\"}]},{\"@type\":\"WebSite\",\"@id\":\"https:\/\/kezilabdahajduszoboszlo.hu\/#website\",\"url\":\"https:\/\/kezilabdahajduszoboszlo.hu\/\",\"name\":\"K\u00e9zilabda Klub Hajd\u00faszoboszl\u00f3\",\"description\":\"\",\"potentialAction\":[{\"@type\":\"SearchAction\",\"target\":{\"@type\":\"EntryPoint\",\"urlTemplate\":\"https:\/\/kezilabdahajduszoboszlo.hu\/?s={search_term_string}\"},\"query-input\":\"required name=search_term_string\"}],\"inLanguage\":\"hu\"},{\"@type\":\"Person\",\"@id\":\"https:\/\/kezilabdahajduszoboszlo.hu\/#\/schema\/person\/5ec50fcc18790ccded9abbc4a29d0336\",\"name\":\"Kapusi Kriszti\u00e1n\",\"image\":{\"@type\":\"ImageObject\",\"inLanguage\":\"hu\",\"@id\":\"https:\/\/kezilabdahajduszoboszlo.hu\/#\/schema\/person\/image\/\",\"url\":\"https:\/\/secure.gravatar.com\/avatar\/3105527c52c6c13b3dacf30efd34a992?s=96&d=mm&r=g\",\"contentUrl\":\"https:\/\/secure.gravatar.com\/avatar\/3105527c52c6c13b3dacf30efd34a992?s=96&d=mm&r=g\",\"caption\":\"Kapusi Kriszti\u00e1n\"},\"sameAs\":[\"http:\/\/kezilabdahajduszoboszlo\"],\"url\":\"https:\/\/kezilabdahajduszoboszlo.hu\/?author=2\"}]}<\/script>\n<!-- \/ Yoast SEO plugin. -->","yoast_head_json":{"title":"Az elm\u00falt h\u00e9t eredm\u00e9nyei - K\u00e9zilabda Klub Hajd\u00faszoboszl\u00f3","robots":{"index":"index","follow":"follow","max-snippet":"max-snippet:-1","max-image-preview":"max-image-preview:large","max-video-preview":"max-video-preview:-1"},"canonical":"https:\/\/kezilabdahajduszoboszlo.hu\/?p=386","og_locale":"hu_HU","og_type":"article","og_title":"Az elm\u00falt h\u00e9t eredm\u00e9nyei - K\u00e9zilabda Klub Hajd\u00faszoboszl\u00f3","og_description":"Megyei feln\u0151tt bajnoks\u00e1g 2019. november 22. Ny\u00edradony VVTK &#8211; KK Hajd\u00faszoboszl\u00f3 33- 39 ( 16 &#8211; 20) Zelizi Mikl\u00f3s edz\u0151 : P\u00e9ntek d\u00e9lut\u00e1n \u00fajb\u00f3l bajnoki m\u00e9rk\u0151z\u00e9st j\u00e1tszottunk. Most a Ny\u00edradony csapata l\u00e1tott minket vend\u00e9g\u00fcl! Egy fontos m\u00e9rk\u0151z\u00e9st siker\u00fclt megnyern\u00fcnk! De &hellip; Egy kattint\u00e1s ide a folytat\u00e1shoz.... &rarr;","og_url":"https:\/\/kezilabdahajduszoboszlo.hu\/?p=386","og_site_name":"K\u00e9zilabda Klub Hajd\u00faszoboszl\u00f3","article_published_time":"2019-11-25T16:52:21+00:00","article_modified_time":"2019-11-25T16:54:16+00:00","og_image":[{"width":1024,"height":768,"url":"https:\/\/kezilabdahajduszoboszlo.hu\/wp-content\/uploads\/2019\/10\/k\u00e9zilabda.jpeg","type":"image\/jpeg"}],"author":"Kapusi Kriszti\u00e1n","twitter_card":"summary_large_image","twitter_misc":{"Szerz\u0151:":"Kapusi Kriszti\u00e1n","Becs\u00fclt olvas\u00e1si id\u0151":"1 perc"},"schema":{"@context":"https:\/\/schema.org","@graph":[{"@type":"WebPage","@id":"https:\/\/kezilabdahajduszoboszlo.hu\/?p=386","url":"https:\/\/kezilabdahajduszoboszlo.hu\/?p=386","name":"Az elm\u00falt h\u00e9t eredm\u00e9nyei - K\u00e9zilabda Klub Hajd\u00faszoboszl\u00f3","isPartOf":{"@id":"https:\/\/kezilabdahajduszoboszlo.hu\/#website"},"datePublished":"2019-11-25T16:52:21+00:00","dateModified":"2019-11-25T16:54:16+00:00","author":{"@id":"https:\/\/kezilabdahajduszoboszlo.hu\/#\/schema\/person\/5ec50fcc18790ccded9abbc4a29d0336"},"breadcrumb":{"@id":"https:\/\/kezilabdahajduszoboszlo.hu\/?p=386#breadcrumb"},"inLanguage":"hu","potentialAction":[{"@type":"ReadAction","target":["https:\/\/kezilabdahajduszoboszlo.hu\/?p=386"]}]},{"@type":"BreadcrumbList","@id":"https:\/\/kezilabdahajduszoboszlo.hu\/?p=386#breadcrumb","itemListElement":[{"@type":"ListItem","position":1,"name":"Home","item":"https:\/\/kezilabdahajduszoboszlo.hu\/"},{"@type":"ListItem","position":2,"name":"Az elm\u00falt h\u00e9t eredm\u00e9nyei"}]},{"@type":"WebSite","@id":"https:\/\/kezilabdahajduszoboszlo.hu\/#website","url":"https:\/\/kezilabdahajduszoboszlo.hu\/","name":"K\u00e9zilabda Klub Hajd\u00faszoboszl\u00f3","description":"","potentialAction":[{"@type":"SearchAction","target":{"@type":"EntryPoint","urlTemplate":"https:\/\/kezilabdahajduszoboszlo.hu\/?s={search_term_string}"},"query-input":"required name=search_term_string"}],"inLanguage":"hu"},{"@type":"Person","@id":"https:\/\/kezilabdahajduszoboszlo.hu\/#\/schema\/person\/5ec50fcc18790ccded9abbc4a29d0336","name":"Kapusi Kriszti\u00e1n","image":{"@type":"ImageObject","inLanguage":"hu","@id":"https:\/\/kezilabdahajduszoboszlo.hu\/#\/schema\/person\/image\/","url":"https:\/\/secure.gravatar.com\/avatar\/3105527c52c6c13b3dacf30efd34a992?s=96&d=mm&r=g","contentUrl":"https:\/\/secure.gravatar.com\/avatar\/3105527c52c6c13b3dacf30efd34a992?s=96&d=mm&r=g","caption":"Kapusi Kriszti\u00e1n"},"sameAs":["http:\/\/kezilabdahajduszoboszlo"],"url":"https:\/\/kezilabdahajduszoboszlo.hu\/?author=2"}]}},"_links":{"self":[{"href":"https:\/\/kezilabdahajduszoboszlo.hu\/index.php?rest_route=\/wp\/v2\/posts\/386"}],"collection":[{"href":"https:\/\/kezilabdahajduszoboszlo.hu\/index.php?rest_route=\/wp\/v2\/posts"}],"about":[{"href":"https:\/\/kezilabdahajduszoboszlo.hu\/index.php?rest_route=\/wp\/v2\/types\/post"}],"author":[{"embeddable":true,"href":"https:\/\/kezilabdahajduszoboszlo.hu\/index.php?rest_route=\/wp\/v2\/users\/2"}],"replies":[{"embeddable":true,"href":"https:\/\/kezilabdahajduszoboszlo.hu\/index.php?rest_route=%2Fwp%2Fv2%2Fcomments&post=386"}],"version-history":[{"count":3,"href":"https:\/\/kezilabdahajduszoboszlo.hu\/index.php?rest_route=\/wp\/v2\/posts\/386\/revisions"}],"predecessor-version":[{"id":389,"href":"https:\/\/kezilabdahajduszoboszlo.hu\/index.php?rest_route=\/wp\/v2\/posts\/386\/revisions\/389"}],"wp:featuredmedia":[{"embeddable":true,"href":"https:\/\/kezilabdahajduszoboszlo.hu\/index.php?rest_route=\/wp\/v2\/media\/262"}],"wp:attachment":[{"href":"https:\/\/kezilabdahajduszoboszlo.hu\/index.php?rest_route=%2Fwp%2Fv2%2Fmedia&parent=386"}],"wp:term":[{"taxonomy":"category","embeddable":true,"href":"https:\/\/kezilabdahajduszoboszlo.hu\/index.php?rest_route=%2Fwp%2Fv2%2Fcategories&post=386"},{"taxonomy":"post_tag","embeddable":true,"href":"https:\/\/kezilabdahajduszoboszlo.hu\/index.php?rest_route=%2Fwp%2Fv2%2Ftags&post=386"}],"curies":[{"name":"wp","href":"https:\/\/api.w.org\/{rel}","templated":true}]}}