{"id":392,"date":"2019-11-28T08:33:25","date_gmt":"2019-11-28T08:33:25","guid":{"rendered":"http:\/\/kezilabdahajduszoboszlo.hu\/?p=392"},"modified":"2019-11-28T08:33:25","modified_gmt":"2019-11-28T08:33:25","slug":"az-u13-csapatunk-oszi-szezonjanak-attekintese","status":"publish","type":"post","link":"https:\/\/kezilabdahajduszoboszlo.hu\/?p=392","title":{"rendered":"Az U13-as csapatunk \u0151szi szezonj\u00e1nak \u00e1ttekint\u00e9se."},"content":{"rendered":"<p><strong>U13 koroszt\u00e1ly lassan befejezi az ez \u00e9vi megm\u00e9rettet\u00e9seit, \u00edgy Bana Anik\u00f3 edz\u0151n\u0151t k\u00e9rt\u00fck meg, hogy p\u00e1r gondolatot osszon meg vel\u00fcnk az elm\u00falt id\u0151szakr\u00f3l!<\/strong><\/p>\n<p>&nbsp;<\/p>\n<p>U13-as csapatunk augusztusban kezdt\u00fck meg a felk\u00e9sz\u00fcl\u00e9st a 2019\/2020-as id\u00e9nyre. Heti 4 edz\u00e9ssel \u00e9s 11 igazolt j\u00e1t\u00e9kossal k\u00e9sz\u00fcl\u00fcnk a versenyekre.<br \/>\nAz MKSZ gyermekbajnoks\u00e1g \u0151szi fordul\u00f3j\u00e1nak lassan befejez\u0151dik.<br \/>\n8 m\u00e9rk\u0151z\u00e9s van m\u00e1r a l\u00e1bunkban, ahol volt r\u00e9sz\u00fcnk sikerben \u00e9s volt r\u00e9sz\u00fcnk sikertelens\u00e9gben is. Hull\u00e1mz\u00f3 teljes\u00edtm\u00e9nnyel,de szinte a r\u00e9gi\u00f3 legtehets\u00e9gesebb csapatai ellen m\u00e9rk\u0151z\u00fcnk meg h\u00e9tr\u0151l h\u00e9tre. Ez remek alkalom arra, hogy tudjunk fejl\u0151dni. Igazi tapasztalatokat itt szerezhet\u00fcnk, ebb\u0151l tudunk \u00e9p\u00edtkezni.<\/p>\n<p>M\u00e9rk\u0151z\u00e9seken l\u00e1thattunk m\u00e1r csapatj\u00e1t\u00e9kot, de m\u00e9g az egy-egy elleni harc jellemz\u0151 a l\u00e1nyok t\u00e1mad\u00e1s\u00e1ra. Az iramj\u00e1t\u00e9k, lerohan\u00e1s a mi fegyver\u00fcnk, de sajnos ezt csere n\u00e9lk\u00fcl neh\u00e9z 40 percig fegyelmezetten, hib\u00e1k n\u00e9lk\u00fcl megval\u00f3s\u00edtani.<br \/>\nVannak nagy sz\u00e9p mozdulatok, \u00f6sszj\u00e1t\u00e9kok, par\u00e1d\u00e9s g\u00f3lok \u00e9s nem utols\u00f3 sorban nagyon j\u00f3 kapus teljes\u00edtm\u00e9ny a versenyeken. Nyitott v\u00e9dekez\u00e9st is egyre jobban \u00e9rzik a l\u00e1nyok, beseg\u00edtenek egym\u00e1snak.<br \/>\nM\u00e1r\u00a0 nagyon v\u00e1rjuk, hogy a kem\u00e9ny munka meghozza gy\u00fcm\u00f6lcs\u00e9t.<\/p>\n<p>A 2019-es \u00e9v, z\u00e1r\u00f3 fordul\u00f3j\u00e1nak mi adunk otthont a hajd\u00faszoboszl\u00f3i v\u00e1rosi sporth\u00e1zban december 8.-\u00e1n, ahov\u00e1 mindenkit\u00a0 szeretettel v\u00e1runk!<\/p>\n<p>Szeretn\u00e9m m\u00e9g elmondani, hogy sok szeretettel v\u00e1runk k\u00e9zilabd\u00e1zni v\u00e1gy\u00f3 2007-2008-as sz\u00fclet\u00e9s\u0171 l\u00e1nyokat \u2013 nem csak hajd\u00faszoboszl\u00f3iakat &#8211;\u00a0 csapatunkba!<\/p>\n","protected":false},"excerpt":{"rendered":"<p>U13 koroszt\u00e1ly lassan befejezi az ez \u00e9vi megm\u00e9rettet\u00e9seit, \u00edgy Bana Anik\u00f3 edz\u0151n\u0151t k\u00e9rt\u00fck meg, hogy p\u00e1r gondolatot osszon meg vel\u00fcnk az elm\u00falt id\u0151szakr\u00f3l! &nbsp; U13-as csapatunk augusztusban kezdt\u00fck meg a felk\u00e9sz\u00fcl\u00e9st a 2019\/2020-as id\u00e9nyre. Heti 4 edz\u00e9ssel \u00e9s 11 igazolt &hellip; <a href=\"https:\/\/kezilabdahajduszoboszlo.hu\/?p=392\">Egy kattint\u00e1s ide a folytat\u00e1shoz&#8230;. <span class=\"meta-nav\">&rarr;<\/span><\/a><\/p>\n","protected":false},"author":2,"featured_media":161,"comment_status":"open","ping_status":"open","sticky":false,"template":"","format":"standard","meta":{"_monsterinsights_skip_tracking":false,"_monsterinsights_sitenote_active":false,"_monsterinsights_sitenote_note":"","_monsterinsights_sitenote_category":0,"footnotes":""},"categories":[5],"tags":[],"yoast_head":"<!-- This site is optimized with the Yoast SEO plugin v21.8.1 - https:\/\/yoast.com\/wordpress\/plugins\/seo\/ -->\n<title>Az U13-as csapatunk \u0151szi szezonj\u00e1nak \u00e1ttekint\u00e9se. - K\u00e9zilabda Klub Hajd\u00faszoboszl\u00f3<\/title>\n<meta name=\"robots\" content=\"index, follow, max-snippet:-1, max-image-preview:large, max-video-preview:-1\" \/>\n<link rel=\"canonical\" href=\"https:\/\/kezilabdahajduszoboszlo.hu\/?p=392\" \/>\n<meta property=\"og:locale\" content=\"hu_HU\" \/>\n<meta property=\"og:type\" content=\"article\" \/>\n<meta property=\"og:title\" content=\"Az U13-as csapatunk \u0151szi szezonj\u00e1nak \u00e1ttekint\u00e9se. - K\u00e9zilabda Klub Hajd\u00faszoboszl\u00f3\" \/>\n<meta property=\"og:description\" content=\"U13 koroszt\u00e1ly lassan befejezi az ez \u00e9vi megm\u00e9rettet\u00e9seit, \u00edgy Bana Anik\u00f3 edz\u0151n\u0151t k\u00e9rt\u00fck meg, hogy p\u00e1r gondolatot osszon meg vel\u00fcnk az elm\u00falt id\u0151szakr\u00f3l! &nbsp; U13-as csapatunk augusztusban kezdt\u00fck meg a felk\u00e9sz\u00fcl\u00e9st a 2019\/2020-as id\u00e9nyre. Heti 4 edz\u00e9ssel \u00e9s 11 igazolt &hellip; Egy kattint\u00e1s ide a folytat\u00e1shoz.... &rarr;\" \/>\n<meta property=\"og:url\" content=\"https:\/\/kezilabdahajduszoboszlo.hu\/?p=392\" \/>\n<meta property=\"og:site_name\" content=\"K\u00e9zilabda Klub Hajd\u00faszoboszl\u00f3\" \/>\n<meta property=\"article:published_time\" content=\"2019-11-28T08:33:25+00:00\" \/>\n<meta property=\"og:image\" content=\"https:\/\/kezilabdahajduszoboszlo.hu\/wp-content\/uploads\/2019\/09\/70276806_2244649485645915_611301604317986816_n.jpg\" \/>\n\t<meta property=\"og:image:width\" content=\"1440\" \/>\n\t<meta property=\"og:image:height\" content=\"1080\" \/>\n\t<meta property=\"og:image:type\" content=\"image\/jpeg\" \/>\n<meta name=\"author\" content=\"Kapusi Kriszti\u00e1n\" \/>\n<meta name=\"twitter:card\" content=\"summary_large_image\" \/>\n<meta name=\"twitter:label1\" content=\"Szerz\u0151:\" \/>\n\t<meta name=\"twitter:data1\" content=\"Kapusi Kriszti\u00e1n\" \/>\n\t<meta name=\"twitter:label2\" content=\"Becs\u00fclt olvas\u00e1si id\u0151\" \/>\n\t<meta name=\"twitter:data2\" content=\"2 perc\" \/>\n<script type=\"application\/ld+json\" class=\"yoast-schema-graph\">{\"@context\":\"https:\/\/schema.org\",\"@graph\":[{\"@type\":\"WebPage\",\"@id\":\"https:\/\/kezilabdahajduszoboszlo.hu\/?p=392\",\"url\":\"https:\/\/kezilabdahajduszoboszlo.hu\/?p=392\",\"name\":\"Az U13-as csapatunk \u0151szi szezonj\u00e1nak \u00e1ttekint\u00e9se. - K\u00e9zilabda Klub Hajd\u00faszoboszl\u00f3\",\"isPartOf\":{\"@id\":\"https:\/\/kezilabdahajduszoboszlo.hu\/#website\"},\"datePublished\":\"2019-11-28T08:33:25+00:00\",\"dateModified\":\"2019-11-28T08:33:25+00:00\",\"author\":{\"@id\":\"https:\/\/kezilabdahajduszoboszlo.hu\/#\/schema\/person\/5ec50fcc18790ccded9abbc4a29d0336\"},\"breadcrumb\":{\"@id\":\"https:\/\/kezilabdahajduszoboszlo.hu\/?p=392#breadcrumb\"},\"inLanguage\":\"hu\",\"potentialAction\":[{\"@type\":\"ReadAction\",\"target\":[\"https:\/\/kezilabdahajduszoboszlo.hu\/?p=392\"]}]},{\"@type\":\"BreadcrumbList\",\"@id\":\"https:\/\/kezilabdahajduszoboszlo.hu\/?p=392#breadcrumb\",\"itemListElement\":[{\"@type\":\"ListItem\",\"position\":1,\"name\":\"Home\",\"item\":\"https:\/\/kezilabdahajduszoboszlo.hu\/\"},{\"@type\":\"ListItem\",\"position\":2,\"name\":\"Az U13-as csapatunk \u0151szi szezonj\u00e1nak \u00e1ttekint\u00e9se.\"}]},{\"@type\":\"WebSite\",\"@id\":\"https:\/\/kezilabdahajduszoboszlo.hu\/#website\",\"url\":\"https:\/\/kezilabdahajduszoboszlo.hu\/\",\"name\":\"K\u00e9zilabda Klub Hajd\u00faszoboszl\u00f3\",\"description\":\"\",\"potentialAction\":[{\"@type\":\"SearchAction\",\"target\":{\"@type\":\"EntryPoint\",\"urlTemplate\":\"https:\/\/kezilabdahajduszoboszlo.hu\/?s={search_term_string}\"},\"query-input\":\"required name=search_term_string\"}],\"inLanguage\":\"hu\"},{\"@type\":\"Person\",\"@id\":\"https:\/\/kezilabdahajduszoboszlo.hu\/#\/schema\/person\/5ec50fcc18790ccded9abbc4a29d0336\",\"name\":\"Kapusi Kriszti\u00e1n\",\"image\":{\"@type\":\"ImageObject\",\"inLanguage\":\"hu\",\"@id\":\"https:\/\/kezilabdahajduszoboszlo.hu\/#\/schema\/person\/image\/\",\"url\":\"https:\/\/secure.gravatar.com\/avatar\/3105527c52c6c13b3dacf30efd34a992?s=96&d=mm&r=g\",\"contentUrl\":\"https:\/\/secure.gravatar.com\/avatar\/3105527c52c6c13b3dacf30efd34a992?s=96&d=mm&r=g\",\"caption\":\"Kapusi Kriszti\u00e1n\"},\"sameAs\":[\"http:\/\/kezilabdahajduszoboszlo\"],\"url\":\"https:\/\/kezilabdahajduszoboszlo.hu\/?author=2\"}]}<\/script>\n<!-- \/ Yoast SEO plugin. -->","yoast_head_json":{"title":"Az U13-as csapatunk \u0151szi szezonj\u00e1nak \u00e1ttekint\u00e9se. - K\u00e9zilabda Klub Hajd\u00faszoboszl\u00f3","robots":{"index":"index","follow":"follow","max-snippet":"max-snippet:-1","max-image-preview":"max-image-preview:large","max-video-preview":"max-video-preview:-1"},"canonical":"https:\/\/kezilabdahajduszoboszlo.hu\/?p=392","og_locale":"hu_HU","og_type":"article","og_title":"Az U13-as csapatunk \u0151szi szezonj\u00e1nak \u00e1ttekint\u00e9se. - K\u00e9zilabda Klub Hajd\u00faszoboszl\u00f3","og_description":"U13 koroszt\u00e1ly lassan befejezi az ez \u00e9vi megm\u00e9rettet\u00e9seit, \u00edgy Bana Anik\u00f3 edz\u0151n\u0151t k\u00e9rt\u00fck meg, hogy p\u00e1r gondolatot osszon meg vel\u00fcnk az elm\u00falt id\u0151szakr\u00f3l! &nbsp; U13-as csapatunk augusztusban kezdt\u00fck meg a felk\u00e9sz\u00fcl\u00e9st a 2019\/2020-as id\u00e9nyre. Heti 4 edz\u00e9ssel \u00e9s 11 igazolt &hellip; Egy kattint\u00e1s ide a folytat\u00e1shoz.... &rarr;","og_url":"https:\/\/kezilabdahajduszoboszlo.hu\/?p=392","og_site_name":"K\u00e9zilabda Klub Hajd\u00faszoboszl\u00f3","article_published_time":"2019-11-28T08:33:25+00:00","og_image":[{"width":1440,"height":1080,"url":"https:\/\/kezilabdahajduszoboszlo.hu\/wp-content\/uploads\/2019\/09\/70276806_2244649485645915_611301604317986816_n.jpg","type":"image\/jpeg"}],"author":"Kapusi Kriszti\u00e1n","twitter_card":"summary_large_image","twitter_misc":{"Szerz\u0151:":"Kapusi Kriszti\u00e1n","Becs\u00fclt olvas\u00e1si id\u0151":"2 perc"},"schema":{"@context":"https:\/\/schema.org","@graph":[{"@type":"WebPage","@id":"https:\/\/kezilabdahajduszoboszlo.hu\/?p=392","url":"https:\/\/kezilabdahajduszoboszlo.hu\/?p=392","name":"Az U13-as csapatunk \u0151szi szezonj\u00e1nak \u00e1ttekint\u00e9se. - K\u00e9zilabda Klub Hajd\u00faszoboszl\u00f3","isPartOf":{"@id":"https:\/\/kezilabdahajduszoboszlo.hu\/#website"},"datePublished":"2019-11-28T08:33:25+00:00","dateModified":"2019-11-28T08:33:25+00:00","author":{"@id":"https:\/\/kezilabdahajduszoboszlo.hu\/#\/schema\/person\/5ec50fcc18790ccded9abbc4a29d0336"},"breadcrumb":{"@id":"https:\/\/kezilabdahajduszoboszlo.hu\/?p=392#breadcrumb"},"inLanguage":"hu","potentialAction":[{"@type":"ReadAction","target":["https:\/\/kezilabdahajduszoboszlo.hu\/?p=392"]}]},{"@type":"BreadcrumbList","@id":"https:\/\/kezilabdahajduszoboszlo.hu\/?p=392#breadcrumb","itemListElement":[{"@type":"ListItem","position":1,"name":"Home","item":"https:\/\/kezilabdahajduszoboszlo.hu\/"},{"@type":"ListItem","position":2,"name":"Az U13-as csapatunk \u0151szi szezonj\u00e1nak \u00e1ttekint\u00e9se."}]},{"@type":"WebSite","@id":"https:\/\/kezilabdahajduszoboszlo.hu\/#website","url":"https:\/\/kezilabdahajduszoboszlo.hu\/","name":"K\u00e9zilabda Klub Hajd\u00faszoboszl\u00f3","description":"","potentialAction":[{"@type":"SearchAction","target":{"@type":"EntryPoint","urlTemplate":"https:\/\/kezilabdahajduszoboszlo.hu\/?s={search_term_string}"},"query-input":"required name=search_term_string"}],"inLanguage":"hu"},{"@type":"Person","@id":"https:\/\/kezilabdahajduszoboszlo.hu\/#\/schema\/person\/5ec50fcc18790ccded9abbc4a29d0336","name":"Kapusi Kriszti\u00e1n","image":{"@type":"ImageObject","inLanguage":"hu","@id":"https:\/\/kezilabdahajduszoboszlo.hu\/#\/schema\/person\/image\/","url":"https:\/\/secure.gravatar.com\/avatar\/3105527c52c6c13b3dacf30efd34a992?s=96&d=mm&r=g","contentUrl":"https:\/\/secure.gravatar.com\/avatar\/3105527c52c6c13b3dacf30efd34a992?s=96&d=mm&r=g","caption":"Kapusi Kriszti\u00e1n"},"sameAs":["http:\/\/kezilabdahajduszoboszlo"],"url":"https:\/\/kezilabdahajduszoboszlo.hu\/?author=2"}]}},"_links":{"self":[{"href":"https:\/\/kezilabdahajduszoboszlo.hu\/index.php?rest_route=\/wp\/v2\/posts\/392"}],"collection":[{"href":"https:\/\/kezilabdahajduszoboszlo.hu\/index.php?rest_route=\/wp\/v2\/posts"}],"about":[{"href":"https:\/\/kezilabdahajduszoboszlo.hu\/index.php?rest_route=\/wp\/v2\/types\/post"}],"author":[{"embeddable":true,"href":"https:\/\/kezilabdahajduszoboszlo.hu\/index.php?rest_route=\/wp\/v2\/users\/2"}],"replies":[{"embeddable":true,"href":"https:\/\/kezilabdahajduszoboszlo.hu\/index.php?rest_route=%2Fwp%2Fv2%2Fcomments&post=392"}],"version-history":[{"count":1,"href":"https:\/\/kezilabdahajduszoboszlo.hu\/index.php?rest_route=\/wp\/v2\/posts\/392\/revisions"}],"predecessor-version":[{"id":393,"href":"https:\/\/kezilabdahajduszoboszlo.hu\/index.php?rest_route=\/wp\/v2\/posts\/392\/revisions\/393"}],"wp:featuredmedia":[{"embeddable":true,"href":"https:\/\/kezilabdahajduszoboszlo.hu\/index.php?rest_route=\/wp\/v2\/media\/161"}],"wp:attachment":[{"href":"https:\/\/kezilabdahajduszoboszlo.hu\/index.php?rest_route=%2Fwp%2Fv2%2Fmedia&parent=392"}],"wp:term":[{"taxonomy":"category","embeddable":true,"href":"https:\/\/kezilabdahajduszoboszlo.hu\/index.php?rest_route=%2Fwp%2Fv2%2Fcategories&post=392"},{"taxonomy":"post_tag","embeddable":true,"href":"https:\/\/kezilabdahajduszoboszlo.hu\/index.php?rest_route=%2Fwp%2Fv2%2Ftags&post=392"}],"curies":[{"name":"wp","href":"https:\/\/api.w.org\/{rel}","templated":true}]}}