{"id":395,"date":"2019-12-17T13:28:15","date_gmt":"2019-12-17T13:28:15","guid":{"rendered":"http:\/\/kezilabdahajduszoboszlo.hu\/?p=395"},"modified":"2019-12-17T13:28:15","modified_gmt":"2019-12-17T13:28:15","slug":"evertekeles-az-u11-es-u12-csapat-elmult-szezonjarol","status":"publish","type":"post","link":"https:\/\/kezilabdahajduszoboszlo.hu\/?p=395","title":{"rendered":"\u00c9v\u00e9rt\u00e9kel\u00e9s az U11 \u00e9s U12 csapat elm\u00falt szezonj\u00e1r\u00f3l."},"content":{"rendered":"<p><strong>Az el\u0151z\u0151 h\u00e9tv\u00e9g\u00e9n befejez\u0151dtek a k\u00fczdelmek a Gyermekbajnoks\u00e1gban, ahol a l\u00e1nyok k\u00f6z\u00f6tt az U11 \u00e9s U12-es bajnoks\u00e1gban is \u00edgy az elm\u00falt id\u0151szak \u00f6sszegz\u00e9s\u00e9t Kapusi Kriszti\u00e1nt\u00f3l, a k\u00e9t csapat vezet\u0151edz\u0151j\u00e9t\u0151l olvashatj\u00e1k.<\/strong><\/p>\n<p>Ebben az \u00e9vben az Eln\u00f6k \u00darral \u00fagy d\u00f6nt\u00f6tt\u00fcnk, hogy elindulunk mindk\u00e9t bajnoks\u00e1gban, \u00edgy az U11 csapat 2009-es sz\u00fclet\u00e9s\u0171 l\u00e1nyainak (14 f\u0151) nagyobb terhel\u00e9st illetve fejl\u0151d\u00e9si ehet\u0151s\u00e9get tudunk biztos\u00edtani.<\/p>\n<p>Az U11-es bajnoks\u00e1gban az el\u0151z\u0151 szezonbeli U10-es bajnoks\u00e1gban szerepl\u0151 k\u00e9t csapatunk tagjainak \u00f6sszevon\u00e1s\u00e1val ind\u00edtottunk egy csapatot. A felk\u00e9sz\u00fcl\u00e9st szeptemberben kezdt\u00fck 18 f\u0151vel (amely jelenleg m\u00e1r 19 f\u0151), \u00e9s heti 3 edz\u00e9ssel. A f\u0151 c\u00e9lunk az volt, hogy a lehet\u0151 legt\u00f6bb siker\u00e9lm\u00e9ny mellett, megtanulj\u00e1k a l\u00e1nyok ezt a sz\u00e1mukra \u00faj j\u00e1t\u00e9kot, mivel el\u00e9g sok \u00fajdons\u00e1ggal kellett megbirk\u00f3zniuk (nagy p\u00e1lya, nagy kapu, b\u0151rlabda, t\u00f6bb ellenf\u00e9l, k\u00f6t\u00f6tt v\u00e9dekez\u00e9si rendszer). A neh\u00e9zkesebb indul\u00e1s ellen\u00e9re a v\u00e9g\u00e9re sz\u00e9pen belej\u00f6tt\u00fcnk, egyre t\u00f6bb a tudatos elem a j\u00e1t\u00e9kunkban, a l\u00e1nyok napr\u00f3l napra jobban megtal\u00e1lj\u00e1k egym\u00e1st a p\u00e1ly\u00e1n, illetve azt is bebizony\u00edtottuk, hogy szorult helyzetben is tudunk egym\u00e1s\u00e9rt k\u00fczdeni, a legkisebbt\u0151l a legnagyobbig bez\u00e1r\u00f3lag. \u00dagy gondolom, hogy ezek a dolgok fontosabbak a gy\u0151zelmekt\u0151l is. B\u00e1r az U11-es koroszt\u00e1lyban voltak r\u00e9sz\u00fcnk b\u0151ven a sikerben, de hossz\u00fa \u00fat \u00e1ll m\u00e9g el\u0151tt\u00fcnk, sokat kell fejl\u0151dni technikailag, fizikailag, \u00e9s ment\u00e1lisan is.<\/p>\n<p>Az U12-es bajnoks\u00e1gban 2008-es \u00e9s 2009-es sz\u00fclet\u00e9s\u0171 l\u00e1nyok versenyezhetnek, melynek a magj\u00e1t az U11-es csapatban szerepl\u0151 l\u00e1nyok adj\u00e1k, kieg\u00e9sz\u00fclve az U13-as csapatb\u00f3l 4 f\u0151vel, \u00edgy volt a l\u00e9tsz\u00e1munk 17 f\u0151. Ez a csapat csak m\u00e9rk\u0151z\u00e9seken vett r\u00e9szt, 1-2 edz\u00e9st lesz\u00e1m\u00edtva az U13-as csapat tagjai csapatukkal edzettek. Az \u0151szi szezon ebben a koroszt\u00e1lyban is neh\u00e9znek \u00edg\u00e9rkezett, \u00e9s val\u00f3j\u00e1ban az is lett. A csapat teljes\u00edtm\u00e9nye er\u0151sen hull\u00e1mz\u00f3 volt, de t\u00f6bb m\u00e9rk\u0151z\u00e9sen is bebizony\u00edtott\u00e1k a l\u00e1nyok, hogy veres\u00e9gek ut\u00e1n is emelt f\u0151vel le lehet j\u00f6nni a p\u00e1ly\u00e1r\u00f3l.<\/p>\n<p>Cs\u00fct\u00f6rt\u00f6kt\u0151l a l\u00e1nyok a meg\u00e9rdemelt pihen\u0151j\u00fcket fogj\u00e1k tartani, amit nagyon meg is \u00e9rdemelnek, illetve a janu\u00e1ri nagy\u00fczem miatt nagyon is sz\u00fcks\u00e9ges, mivel a 2020. janu\u00e1r 18. rendezend\u0151 hazai torn\u00e1n, illetve a h\u00f3nap v\u00e9g\u00e9n, a F\u0151nix kup\u00e1n is nagyon er\u0151s ellenfelek ellen kell helyt \u00e1llnunk.<\/p>\n<p>Ez\u00faton szeretn\u00e9m megk\u00f6sz\u00f6nni mindenkinek az eg\u00e9sz \u00e9ves kitart\u00f3 munk\u00e1j\u00e1t, t\u00e1mogat\u00e1s\u00e1t, \u00e9s k\u00edv\u00e1nok Kellemes \u00dcnnepeket, \u00e9s nagyon boldog 2020-as Esztend\u0151t.<\/p>\n<p><img loading=\"lazy\" decoding=\"async\" class=\"alignnone size-medium wp-image-401\" src=\"http:\/\/kezilabdahajduszoboszlo.hu\/wp-content\/uploads\/2019\/12\/79228410_10215940760097250_8592626999623680000_o-300x139.jpg\" alt=\"\" width=\"300\" height=\"139\" srcset=\"https:\/\/kezilabdahajduszoboszlo.hu\/wp-content\/uploads\/2019\/12\/79228410_10215940760097250_8592626999623680000_o-300x139.jpg 300w, https:\/\/kezilabdahajduszoboszlo.hu\/wp-content\/uploads\/2019\/12\/79228410_10215940760097250_8592626999623680000_o-768x355.jpg 768w, https:\/\/kezilabdahajduszoboszlo.hu\/wp-content\/uploads\/2019\/12\/79228410_10215940760097250_8592626999623680000_o-1024x474.jpg 1024w, https:\/\/kezilabdahajduszoboszlo.hu\/wp-content\/uploads\/2019\/12\/79228410_10215940760097250_8592626999623680000_o.jpg 1383w\" sizes=\"(max-width: 300px) 100vw, 300px\" \/> <img loading=\"lazy\" decoding=\"async\" class=\"alignnone size-medium wp-image-400\" src=\"http:\/\/kezilabdahajduszoboszlo.hu\/wp-content\/uploads\/2019\/12\/78888386_1389183747872379_1222740840862973952_o-300x146.jpg\" alt=\"\" width=\"300\" height=\"146\" srcset=\"https:\/\/kezilabdahajduszoboszlo.hu\/wp-content\/uploads\/2019\/12\/78888386_1389183747872379_1222740840862973952_o-300x146.jpg 300w, https:\/\/kezilabdahajduszoboszlo.hu\/wp-content\/uploads\/2019\/12\/78888386_1389183747872379_1222740840862973952_o-768x373.jpg 768w, https:\/\/kezilabdahajduszoboszlo.hu\/wp-content\/uploads\/2019\/12\/78888386_1389183747872379_1222740840862973952_o-1024x498.jpg 1024w, https:\/\/kezilabdahajduszoboszlo.hu\/wp-content\/uploads\/2019\/12\/78888386_1389183747872379_1222740840862973952_o.jpg 1316w\" sizes=\"(max-width: 300px) 100vw, 300px\" \/> <img loading=\"lazy\" decoding=\"async\" class=\"alignnone size-medium wp-image-398\" src=\"http:\/\/kezilabdahajduszoboszlo.hu\/wp-content\/uploads\/2019\/12\/72768920_1297610823696339_7898573087887589376_o-300x225.jpg\" alt=\"\" width=\"300\" height=\"225\" srcset=\"https:\/\/kezilabdahajduszoboszlo.hu\/wp-content\/uploads\/2019\/12\/72768920_1297610823696339_7898573087887589376_o-300x225.jpg 300w, https:\/\/kezilabdahajduszoboszlo.hu\/wp-content\/uploads\/2019\/12\/72768920_1297610823696339_7898573087887589376_o-768x576.jpg 768w, https:\/\/kezilabdahajduszoboszlo.hu\/wp-content\/uploads\/2019\/12\/72768920_1297610823696339_7898573087887589376_o-1024x768.jpg 1024w, https:\/\/kezilabdahajduszoboszlo.hu\/wp-content\/uploads\/2019\/12\/72768920_1297610823696339_7898573087887589376_o.jpg 1984w\" sizes=\"(max-width: 300px) 100vw, 300px\" \/> <img loading=\"lazy\" decoding=\"async\" class=\"alignnone size-medium wp-image-397\" src=\"http:\/\/kezilabdahajduszoboszlo.hu\/wp-content\/uploads\/2019\/12\/71679210_1280799082044180_2858292849928044544_o-145x300.jpg\" alt=\"\" width=\"145\" height=\"300\" srcset=\"https:\/\/kezilabdahajduszoboszlo.hu\/wp-content\/uploads\/2019\/12\/71679210_1280799082044180_2858292849928044544_o-145x300.jpg 145w, https:\/\/kezilabdahajduszoboszlo.hu\/wp-content\/uploads\/2019\/12\/71679210_1280799082044180_2858292849928044544_o.jpg 465w\" sizes=\"(max-width: 145px) 100vw, 145px\" \/> <img loading=\"lazy\" decoding=\"async\" class=\"alignnone size-medium wp-image-396\" src=\"http:\/\/kezilabdahajduszoboszlo.hu\/wp-content\/uploads\/2019\/12\/71667822_1280799158710839_373157856871972864_o-300x146.jpg\" alt=\"\" width=\"300\" height=\"146\" srcset=\"https:\/\/kezilabdahajduszoboszlo.hu\/wp-content\/uploads\/2019\/12\/71667822_1280799158710839_373157856871972864_o-300x146.jpg 300w, https:\/\/kezilabdahajduszoboszlo.hu\/wp-content\/uploads\/2019\/12\/71667822_1280799158710839_373157856871972864_o-768x373.jpg 768w, https:\/\/kezilabdahajduszoboszlo.hu\/wp-content\/uploads\/2019\/12\/71667822_1280799158710839_373157856871972864_o-1024x498.jpg 1024w, https:\/\/kezilabdahajduszoboszlo.hu\/wp-content\/uploads\/2019\/12\/71667822_1280799158710839_373157856871972864_o.jpg 1316w\" sizes=\"(max-width: 300px) 100vw, 300px\" \/><\/p>\n","protected":false},"excerpt":{"rendered":"<p>Az el\u0151z\u0151 h\u00e9tv\u00e9g\u00e9n befejez\u0151dtek a k\u00fczdelmek a Gyermekbajnoks\u00e1gban, ahol a l\u00e1nyok k\u00f6z\u00f6tt az U11 \u00e9s U12-es bajnoks\u00e1gban is \u00edgy az elm\u00falt id\u0151szak \u00f6sszegz\u00e9s\u00e9t Kapusi Kriszti\u00e1nt\u00f3l, a k\u00e9t csapat vezet\u0151edz\u0151j\u00e9t\u0151l olvashatj\u00e1k. Ebben az \u00e9vben az Eln\u00f6k \u00darral \u00fagy d\u00f6nt\u00f6tt\u00fcnk, hogy elindulunk &hellip; <a href=\"https:\/\/kezilabdahajduszoboszlo.hu\/?p=395\">Egy kattint\u00e1s ide a folytat\u00e1shoz&#8230;. <span class=\"meta-nav\">&rarr;<\/span><\/a><\/p>\n","protected":false},"author":2,"featured_media":399,"comment_status":"open","ping_status":"open","sticky":false,"template":"","format":"standard","meta":{"_monsterinsights_skip_tracking":false,"_monsterinsights_sitenote_active":false,"_monsterinsights_sitenote_note":"","_monsterinsights_sitenote_category":0,"footnotes":""},"categories":[5],"tags":[],"yoast_head":"<!-- This site is optimized with the Yoast SEO plugin v21.8.1 - https:\/\/yoast.com\/wordpress\/plugins\/seo\/ -->\n<title>\u00c9v\u00e9rt\u00e9kel\u00e9s az U11 \u00e9s U12 csapat elm\u00falt szezonj\u00e1r\u00f3l. - K\u00e9zilabda Klub Hajd\u00faszoboszl\u00f3<\/title>\n<meta name=\"robots\" content=\"index, follow, max-snippet:-1, max-image-preview:large, max-video-preview:-1\" \/>\n<link rel=\"canonical\" href=\"https:\/\/kezilabdahajduszoboszlo.hu\/?p=395\" \/>\n<meta property=\"og:locale\" content=\"hu_HU\" \/>\n<meta property=\"og:type\" content=\"article\" \/>\n<meta property=\"og:title\" content=\"\u00c9v\u00e9rt\u00e9kel\u00e9s az U11 \u00e9s U12 csapat elm\u00falt szezonj\u00e1r\u00f3l. - K\u00e9zilabda Klub Hajd\u00faszoboszl\u00f3\" \/>\n<meta property=\"og:description\" content=\"Az el\u0151z\u0151 h\u00e9tv\u00e9g\u00e9n befejez\u0151dtek a k\u00fczdelmek a Gyermekbajnoks\u00e1gban, ahol a l\u00e1nyok k\u00f6z\u00f6tt az U11 \u00e9s U12-es bajnoks\u00e1gban is \u00edgy az elm\u00falt id\u0151szak \u00f6sszegz\u00e9s\u00e9t Kapusi Kriszti\u00e1nt\u00f3l, a k\u00e9t csapat vezet\u0151edz\u0151j\u00e9t\u0151l olvashatj\u00e1k. Ebben az \u00e9vben az Eln\u00f6k \u00darral \u00fagy d\u00f6nt\u00f6tt\u00fcnk, hogy elindulunk &hellip; Egy kattint\u00e1s ide a folytat\u00e1shoz.... &rarr;\" \/>\n<meta property=\"og:url\" content=\"https:\/\/kezilabdahajduszoboszlo.hu\/?p=395\" \/>\n<meta property=\"og:site_name\" content=\"K\u00e9zilabda Klub Hajd\u00faszoboszl\u00f3\" \/>\n<meta property=\"article:published_time\" content=\"2019-12-17T13:28:15+00:00\" \/>\n<meta property=\"og:image\" content=\"https:\/\/kezilabdahajduszoboszlo.hu\/wp-content\/uploads\/2019\/12\/78329284_1362122833911804_1055079460954439680_o.jpg\" \/>\n\t<meta property=\"og:image:width\" content=\"1824\" \/>\n\t<meta property=\"og:image:height\" content=\"1368\" \/>\n\t<meta property=\"og:image:type\" content=\"image\/jpeg\" \/>\n<meta name=\"author\" content=\"Kapusi Kriszti\u00e1n\" \/>\n<meta name=\"twitter:card\" content=\"summary_large_image\" \/>\n<meta name=\"twitter:label1\" content=\"Szerz\u0151:\" \/>\n\t<meta name=\"twitter:data1\" content=\"Kapusi Kriszti\u00e1n\" \/>\n\t<meta name=\"twitter:label2\" content=\"Becs\u00fclt olvas\u00e1si id\u0151\" \/>\n\t<meta name=\"twitter:data2\" content=\"3 perc\" \/>\n<script type=\"application\/ld+json\" class=\"yoast-schema-graph\">{\"@context\":\"https:\/\/schema.org\",\"@graph\":[{\"@type\":\"WebPage\",\"@id\":\"https:\/\/kezilabdahajduszoboszlo.hu\/?p=395\",\"url\":\"https:\/\/kezilabdahajduszoboszlo.hu\/?p=395\",\"name\":\"\u00c9v\u00e9rt\u00e9kel\u00e9s az U11 \u00e9s U12 csapat elm\u00falt szezonj\u00e1r\u00f3l. - K\u00e9zilabda Klub Hajd\u00faszoboszl\u00f3\",\"isPartOf\":{\"@id\":\"https:\/\/kezilabdahajduszoboszlo.hu\/#website\"},\"datePublished\":\"2019-12-17T13:28:15+00:00\",\"dateModified\":\"2019-12-17T13:28:15+00:00\",\"author\":{\"@id\":\"https:\/\/kezilabdahajduszoboszlo.hu\/#\/schema\/person\/5ec50fcc18790ccded9abbc4a29d0336\"},\"breadcrumb\":{\"@id\":\"https:\/\/kezilabdahajduszoboszlo.hu\/?p=395#breadcrumb\"},\"inLanguage\":\"hu\",\"potentialAction\":[{\"@type\":\"ReadAction\",\"target\":[\"https:\/\/kezilabdahajduszoboszlo.hu\/?p=395\"]}]},{\"@type\":\"BreadcrumbList\",\"@id\":\"https:\/\/kezilabdahajduszoboszlo.hu\/?p=395#breadcrumb\",\"itemListElement\":[{\"@type\":\"ListItem\",\"position\":1,\"name\":\"Home\",\"item\":\"https:\/\/kezilabdahajduszoboszlo.hu\/\"},{\"@type\":\"ListItem\",\"position\":2,\"name\":\"\u00c9v\u00e9rt\u00e9kel\u00e9s az U11 \u00e9s U12 csapat elm\u00falt szezonj\u00e1r\u00f3l.\"}]},{\"@type\":\"WebSite\",\"@id\":\"https:\/\/kezilabdahajduszoboszlo.hu\/#website\",\"url\":\"https:\/\/kezilabdahajduszoboszlo.hu\/\",\"name\":\"K\u00e9zilabda Klub Hajd\u00faszoboszl\u00f3\",\"description\":\"\",\"potentialAction\":[{\"@type\":\"SearchAction\",\"target\":{\"@type\":\"EntryPoint\",\"urlTemplate\":\"https:\/\/kezilabdahajduszoboszlo.hu\/?s={search_term_string}\"},\"query-input\":\"required name=search_term_string\"}],\"inLanguage\":\"hu\"},{\"@type\":\"Person\",\"@id\":\"https:\/\/kezilabdahajduszoboszlo.hu\/#\/schema\/person\/5ec50fcc18790ccded9abbc4a29d0336\",\"name\":\"Kapusi Kriszti\u00e1n\",\"image\":{\"@type\":\"ImageObject\",\"inLanguage\":\"hu\",\"@id\":\"https:\/\/kezilabdahajduszoboszlo.hu\/#\/schema\/person\/image\/\",\"url\":\"https:\/\/secure.gravatar.com\/avatar\/3105527c52c6c13b3dacf30efd34a992?s=96&d=mm&r=g\",\"contentUrl\":\"https:\/\/secure.gravatar.com\/avatar\/3105527c52c6c13b3dacf30efd34a992?s=96&d=mm&r=g\",\"caption\":\"Kapusi Kriszti\u00e1n\"},\"sameAs\":[\"http:\/\/kezilabdahajduszoboszlo\"],\"url\":\"https:\/\/kezilabdahajduszoboszlo.hu\/?author=2\"}]}<\/script>\n<!-- \/ Yoast SEO plugin. -->","yoast_head_json":{"title":"\u00c9v\u00e9rt\u00e9kel\u00e9s az U11 \u00e9s U12 csapat elm\u00falt szezonj\u00e1r\u00f3l. - K\u00e9zilabda Klub Hajd\u00faszoboszl\u00f3","robots":{"index":"index","follow":"follow","max-snippet":"max-snippet:-1","max-image-preview":"max-image-preview:large","max-video-preview":"max-video-preview:-1"},"canonical":"https:\/\/kezilabdahajduszoboszlo.hu\/?p=395","og_locale":"hu_HU","og_type":"article","og_title":"\u00c9v\u00e9rt\u00e9kel\u00e9s az U11 \u00e9s U12 csapat elm\u00falt szezonj\u00e1r\u00f3l. - K\u00e9zilabda Klub Hajd\u00faszoboszl\u00f3","og_description":"Az el\u0151z\u0151 h\u00e9tv\u00e9g\u00e9n befejez\u0151dtek a k\u00fczdelmek a Gyermekbajnoks\u00e1gban, ahol a l\u00e1nyok k\u00f6z\u00f6tt az U11 \u00e9s U12-es bajnoks\u00e1gban is \u00edgy az elm\u00falt id\u0151szak \u00f6sszegz\u00e9s\u00e9t Kapusi Kriszti\u00e1nt\u00f3l, a k\u00e9t csapat vezet\u0151edz\u0151j\u00e9t\u0151l olvashatj\u00e1k. Ebben az \u00e9vben az Eln\u00f6k \u00darral \u00fagy d\u00f6nt\u00f6tt\u00fcnk, hogy elindulunk &hellip; Egy kattint\u00e1s ide a folytat\u00e1shoz.... &rarr;","og_url":"https:\/\/kezilabdahajduszoboszlo.hu\/?p=395","og_site_name":"K\u00e9zilabda Klub Hajd\u00faszoboszl\u00f3","article_published_time":"2019-12-17T13:28:15+00:00","og_image":[{"width":1824,"height":1368,"url":"https:\/\/kezilabdahajduszoboszlo.hu\/wp-content\/uploads\/2019\/12\/78329284_1362122833911804_1055079460954439680_o.jpg","type":"image\/jpeg"}],"author":"Kapusi Kriszti\u00e1n","twitter_card":"summary_large_image","twitter_misc":{"Szerz\u0151:":"Kapusi Kriszti\u00e1n","Becs\u00fclt olvas\u00e1si id\u0151":"3 perc"},"schema":{"@context":"https:\/\/schema.org","@graph":[{"@type":"WebPage","@id":"https:\/\/kezilabdahajduszoboszlo.hu\/?p=395","url":"https:\/\/kezilabdahajduszoboszlo.hu\/?p=395","name":"\u00c9v\u00e9rt\u00e9kel\u00e9s az U11 \u00e9s U12 csapat elm\u00falt szezonj\u00e1r\u00f3l. - K\u00e9zilabda Klub Hajd\u00faszoboszl\u00f3","isPartOf":{"@id":"https:\/\/kezilabdahajduszoboszlo.hu\/#website"},"datePublished":"2019-12-17T13:28:15+00:00","dateModified":"2019-12-17T13:28:15+00:00","author":{"@id":"https:\/\/kezilabdahajduszoboszlo.hu\/#\/schema\/person\/5ec50fcc18790ccded9abbc4a29d0336"},"breadcrumb":{"@id":"https:\/\/kezilabdahajduszoboszlo.hu\/?p=395#breadcrumb"},"inLanguage":"hu","potentialAction":[{"@type":"ReadAction","target":["https:\/\/kezilabdahajduszoboszlo.hu\/?p=395"]}]},{"@type":"BreadcrumbList","@id":"https:\/\/kezilabdahajduszoboszlo.hu\/?p=395#breadcrumb","itemListElement":[{"@type":"ListItem","position":1,"name":"Home","item":"https:\/\/kezilabdahajduszoboszlo.hu\/"},{"@type":"ListItem","position":2,"name":"\u00c9v\u00e9rt\u00e9kel\u00e9s az U11 \u00e9s U12 csapat elm\u00falt szezonj\u00e1r\u00f3l."}]},{"@type":"WebSite","@id":"https:\/\/kezilabdahajduszoboszlo.hu\/#website","url":"https:\/\/kezilabdahajduszoboszlo.hu\/","name":"K\u00e9zilabda Klub Hajd\u00faszoboszl\u00f3","description":"","potentialAction":[{"@type":"SearchAction","target":{"@type":"EntryPoint","urlTemplate":"https:\/\/kezilabdahajduszoboszlo.hu\/?s={search_term_string}"},"query-input":"required name=search_term_string"}],"inLanguage":"hu"},{"@type":"Person","@id":"https:\/\/kezilabdahajduszoboszlo.hu\/#\/schema\/person\/5ec50fcc18790ccded9abbc4a29d0336","name":"Kapusi Kriszti\u00e1n","image":{"@type":"ImageObject","inLanguage":"hu","@id":"https:\/\/kezilabdahajduszoboszlo.hu\/#\/schema\/person\/image\/","url":"https:\/\/secure.gravatar.com\/avatar\/3105527c52c6c13b3dacf30efd34a992?s=96&d=mm&r=g","contentUrl":"https:\/\/secure.gravatar.com\/avatar\/3105527c52c6c13b3dacf30efd34a992?s=96&d=mm&r=g","caption":"Kapusi Kriszti\u00e1n"},"sameAs":["http:\/\/kezilabdahajduszoboszlo"],"url":"https:\/\/kezilabdahajduszoboszlo.hu\/?author=2"}]}},"_links":{"self":[{"href":"https:\/\/kezilabdahajduszoboszlo.hu\/index.php?rest_route=\/wp\/v2\/posts\/395"}],"collection":[{"href":"https:\/\/kezilabdahajduszoboszlo.hu\/index.php?rest_route=\/wp\/v2\/posts"}],"about":[{"href":"https:\/\/kezilabdahajduszoboszlo.hu\/index.php?rest_route=\/wp\/v2\/types\/post"}],"author":[{"embeddable":true,"href":"https:\/\/kezilabdahajduszoboszlo.hu\/index.php?rest_route=\/wp\/v2\/users\/2"}],"replies":[{"embeddable":true,"href":"https:\/\/kezilabdahajduszoboszlo.hu\/index.php?rest_route=%2Fwp%2Fv2%2Fcomments&post=395"}],"version-history":[{"count":1,"href":"https:\/\/kezilabdahajduszoboszlo.hu\/index.php?rest_route=\/wp\/v2\/posts\/395\/revisions"}],"predecessor-version":[{"id":402,"href":"https:\/\/kezilabdahajduszoboszlo.hu\/index.php?rest_route=\/wp\/v2\/posts\/395\/revisions\/402"}],"wp:featuredmedia":[{"embeddable":true,"href":"https:\/\/kezilabdahajduszoboszlo.hu\/index.php?rest_route=\/wp\/v2\/media\/399"}],"wp:attachment":[{"href":"https:\/\/kezilabdahajduszoboszlo.hu\/index.php?rest_route=%2Fwp%2Fv2%2Fmedia&parent=395"}],"wp:term":[{"taxonomy":"category","embeddable":true,"href":"https:\/\/kezilabdahajduszoboszlo.hu\/index.php?rest_route=%2Fwp%2Fv2%2Fcategories&post=395"},{"taxonomy":"post_tag","embeddable":true,"href":"https:\/\/kezilabdahajduszoboszlo.hu\/index.php?rest_route=%2Fwp%2Fv2%2Ftags&post=395"}],"curies":[{"name":"wp","href":"https:\/\/api.w.org\/{rel}","templated":true}]}}