{"id":407,"date":"2020-01-15T12:02:20","date_gmt":"2020-01-15T12:02:20","guid":{"rendered":"http:\/\/kezilabdahajduszoboszlo.hu\/?p=407"},"modified":"2020-01-15T12:02:20","modified_gmt":"2020-01-15T12:02:20","slug":"hetvegen-ujra-pattog-labda","status":"publish","type":"post","link":"https:\/\/kezilabdahajduszoboszlo.hu\/?p=407","title":{"rendered":"A h\u00e9tv\u00e9g\u00e9n \u00fajra pattog a labda!"},"content":{"rendered":"<p>H\u00e9tv\u00e9g\u00e9n ut\u00e1np\u00f3tl\u00e1s csapataink lesznek a f\u0151szerepben!<\/p>\n<p>Szombaton az U11 \u00e9s U13 koroszt\u00e1lyunk a hazai rendez\u00e9s\u0171 V. Karcher-Metisz Tomker Kup\u00e1n vesz r\u00e9szt. Az U11-es csapatok 10.00-t\u00f3l, m\u00edg az U13-as koroszt\u00e1ly 13.10-t\u0151l l\u00e9p p\u00e1ly\u00e1ra!<br \/>\nCsenger,Balmaz\u00fajv\u00e1ros,H\u00f3dmez\u0151v\u00e1s\u00e1rhely,Ny\u00edradony,Mez\u0151keresztes ut\u00e1np\u00f3tl\u00e1s csapatait l\u00e1tjuk vend\u00e9g\u00fcl.<\/p>\n<div class=\"text_exposed_show\">\n<p>Vas\u00e1rnap az U9-es koroszt\u00e1ly Hajd\u00fan\u00e1n\u00e1sra utazik a J\u00e9gvir\u00e1g Kup\u00e1ra. Nekik ez az els\u0151 megm\u00e9rettet\u00e9s\u00fck&#8230;.nagyon szurkolunk , hogy j\u00f3 \u00e9lm\u00e9nyekkel gazdagodva t\u00e9rjenek majd haza!<\/p>\n<p>Szint\u00e9n vas\u00e1rnap l\u00e9p p\u00e1ly\u00e1ra az U13-as csapatunk is. \u0150k a Beretty\u00f3\u00fajfaluban megrendez\u00e9sre ker\u00fcl\u0151 TAMA Kup\u00e1n vesznek r\u00e9szt \u00e9s sorrendben a Beretty\u00f3 MSE, K\u00e1ll\u00f3semj\u00e9n, S\u00fct\u0151 K\u00e9zisuli Karcag csapataival m\u00e9rk\u0151znek meg!<\/p>\n<p>Hajr\u00e1 Szoboszl\u00f3,Hajr\u00e1 KKHSZ!!!!<\/p>\n<p><img loading=\"lazy\" decoding=\"async\" class=\"alignnone size-large wp-image-408\" src=\"http:\/\/kezilabdahajduszoboszlo.hu\/wp-content\/uploads\/2020\/01\/Tomker-kupa-2020-724x1024.png\" alt=\"\" width=\"525\" height=\"743\" srcset=\"https:\/\/kezilabdahajduszoboszlo.hu\/wp-content\/uploads\/2020\/01\/Tomker-kupa-2020-724x1024.png 724w, https:\/\/kezilabdahajduszoboszlo.hu\/wp-content\/uploads\/2020\/01\/Tomker-kupa-2020-212x300.png 212w, https:\/\/kezilabdahajduszoboszlo.hu\/wp-content\/uploads\/2020\/01\/Tomker-kupa-2020-768x1086.png 768w, https:\/\/kezilabdahajduszoboszlo.hu\/wp-content\/uploads\/2020\/01\/Tomker-kupa-2020.png 1587w\" sizes=\"(max-width: 525px) 100vw, 525px\" \/><\/p>\n<\/div>\n","protected":false},"excerpt":{"rendered":"<p>H\u00e9tv\u00e9g\u00e9n ut\u00e1np\u00f3tl\u00e1s csapataink lesznek a f\u0151szerepben! Szombaton az U11 \u00e9s U13 koroszt\u00e1lyunk a hazai rendez\u00e9s\u0171 V. Karcher-Metisz Tomker Kup\u00e1n vesz r\u00e9szt. Az U11-es csapatok 10.00-t\u00f3l, m\u00edg az U13-as koroszt\u00e1ly 13.10-t\u0151l l\u00e9p p\u00e1ly\u00e1ra! Csenger,Balmaz\u00fajv\u00e1ros,H\u00f3dmez\u0151v\u00e1s\u00e1rhely,Ny\u00edradony,Mez\u0151keresztes ut\u00e1np\u00f3tl\u00e1s csapatait l\u00e1tjuk vend\u00e9g\u00fcl. Vas\u00e1rnap az U9-es &hellip; <a href=\"https:\/\/kezilabdahajduszoboszlo.hu\/?p=407\">Egy kattint\u00e1s ide a folytat\u00e1shoz&#8230;. <span class=\"meta-nav\">&rarr;<\/span><\/a><\/p>\n","protected":false},"author":2,"featured_media":327,"comment_status":"open","ping_status":"open","sticky":false,"template":"","format":"standard","meta":{"_monsterinsights_skip_tracking":false,"_monsterinsights_sitenote_active":false,"_monsterinsights_sitenote_note":"","_monsterinsights_sitenote_category":0,"footnotes":""},"categories":[5],"tags":[],"yoast_head":"<!-- This site is optimized with the Yoast SEO plugin v21.8.1 - https:\/\/yoast.com\/wordpress\/plugins\/seo\/ -->\n<title>A h\u00e9tv\u00e9g\u00e9n \u00fajra pattog a labda! - K\u00e9zilabda Klub Hajd\u00faszoboszl\u00f3<\/title>\n<meta name=\"robots\" content=\"index, follow, max-snippet:-1, max-image-preview:large, max-video-preview:-1\" \/>\n<link rel=\"canonical\" href=\"https:\/\/kezilabdahajduszoboszlo.hu\/?p=407\" \/>\n<meta property=\"og:locale\" content=\"hu_HU\" \/>\n<meta property=\"og:type\" content=\"article\" \/>\n<meta property=\"og:title\" content=\"A h\u00e9tv\u00e9g\u00e9n \u00fajra pattog a labda! - K\u00e9zilabda Klub Hajd\u00faszoboszl\u00f3\" \/>\n<meta property=\"og:description\" content=\"H\u00e9tv\u00e9g\u00e9n ut\u00e1np\u00f3tl\u00e1s csapataink lesznek a f\u0151szerepben! Szombaton az U11 \u00e9s U13 koroszt\u00e1lyunk a hazai rendez\u00e9s\u0171 V. Karcher-Metisz Tomker Kup\u00e1n vesz r\u00e9szt. Az U11-es csapatok 10.00-t\u00f3l, m\u00edg az U13-as koroszt\u00e1ly 13.10-t\u0151l l\u00e9p p\u00e1ly\u00e1ra! Csenger,Balmaz\u00fajv\u00e1ros,H\u00f3dmez\u0151v\u00e1s\u00e1rhely,Ny\u00edradony,Mez\u0151keresztes ut\u00e1np\u00f3tl\u00e1s csapatait l\u00e1tjuk vend\u00e9g\u00fcl. Vas\u00e1rnap az U9-es &hellip; Egy kattint\u00e1s ide a folytat\u00e1shoz.... &rarr;\" \/>\n<meta property=\"og:url\" content=\"https:\/\/kezilabdahajduszoboszlo.hu\/?p=407\" \/>\n<meta property=\"og:site_name\" content=\"K\u00e9zilabda Klub Hajd\u00faszoboszl\u00f3\" \/>\n<meta property=\"article:published_time\" content=\"2020-01-15T12:02:20+00:00\" \/>\n<meta property=\"og:image\" content=\"https:\/\/kezilabdahajduszoboszlo.hu\/wp-content\/uploads\/2019\/10\/72668574_1293686070755481_8835261569169358848_n.jpg\" \/>\n\t<meta property=\"og:image:width\" content=\"960\" \/>\n\t<meta property=\"og:image:height\" content=\"640\" \/>\n\t<meta property=\"og:image:type\" content=\"image\/jpeg\" \/>\n<meta name=\"author\" content=\"Kapusi Kriszti\u00e1n\" \/>\n<meta name=\"twitter:card\" content=\"summary_large_image\" \/>\n<meta name=\"twitter:label1\" content=\"Szerz\u0151:\" \/>\n\t<meta name=\"twitter:data1\" content=\"Kapusi Kriszti\u00e1n\" \/>\n\t<meta name=\"twitter:label2\" content=\"Becs\u00fclt olvas\u00e1si id\u0151\" \/>\n\t<meta name=\"twitter:data2\" content=\"1 perc\" \/>\n<script type=\"application\/ld+json\" class=\"yoast-schema-graph\">{\"@context\":\"https:\/\/schema.org\",\"@graph\":[{\"@type\":\"WebPage\",\"@id\":\"https:\/\/kezilabdahajduszoboszlo.hu\/?p=407\",\"url\":\"https:\/\/kezilabdahajduszoboszlo.hu\/?p=407\",\"name\":\"A h\u00e9tv\u00e9g\u00e9n \u00fajra pattog a labda! - K\u00e9zilabda Klub Hajd\u00faszoboszl\u00f3\",\"isPartOf\":{\"@id\":\"https:\/\/kezilabdahajduszoboszlo.hu\/#website\"},\"datePublished\":\"2020-01-15T12:02:20+00:00\",\"dateModified\":\"2020-01-15T12:02:20+00:00\",\"author\":{\"@id\":\"https:\/\/kezilabdahajduszoboszlo.hu\/#\/schema\/person\/5ec50fcc18790ccded9abbc4a29d0336\"},\"breadcrumb\":{\"@id\":\"https:\/\/kezilabdahajduszoboszlo.hu\/?p=407#breadcrumb\"},\"inLanguage\":\"hu\",\"potentialAction\":[{\"@type\":\"ReadAction\",\"target\":[\"https:\/\/kezilabdahajduszoboszlo.hu\/?p=407\"]}]},{\"@type\":\"BreadcrumbList\",\"@id\":\"https:\/\/kezilabdahajduszoboszlo.hu\/?p=407#breadcrumb\",\"itemListElement\":[{\"@type\":\"ListItem\",\"position\":1,\"name\":\"Home\",\"item\":\"https:\/\/kezilabdahajduszoboszlo.hu\/\"},{\"@type\":\"ListItem\",\"position\":2,\"name\":\"A h\u00e9tv\u00e9g\u00e9n \u00fajra pattog a labda!\"}]},{\"@type\":\"WebSite\",\"@id\":\"https:\/\/kezilabdahajduszoboszlo.hu\/#website\",\"url\":\"https:\/\/kezilabdahajduszoboszlo.hu\/\",\"name\":\"K\u00e9zilabda Klub Hajd\u00faszoboszl\u00f3\",\"description\":\"\",\"potentialAction\":[{\"@type\":\"SearchAction\",\"target\":{\"@type\":\"EntryPoint\",\"urlTemplate\":\"https:\/\/kezilabdahajduszoboszlo.hu\/?s={search_term_string}\"},\"query-input\":\"required name=search_term_string\"}],\"inLanguage\":\"hu\"},{\"@type\":\"Person\",\"@id\":\"https:\/\/kezilabdahajduszoboszlo.hu\/#\/schema\/person\/5ec50fcc18790ccded9abbc4a29d0336\",\"name\":\"Kapusi Kriszti\u00e1n\",\"image\":{\"@type\":\"ImageObject\",\"inLanguage\":\"hu\",\"@id\":\"https:\/\/kezilabdahajduszoboszlo.hu\/#\/schema\/person\/image\/\",\"url\":\"https:\/\/secure.gravatar.com\/avatar\/3105527c52c6c13b3dacf30efd34a992?s=96&d=mm&r=g\",\"contentUrl\":\"https:\/\/secure.gravatar.com\/avatar\/3105527c52c6c13b3dacf30efd34a992?s=96&d=mm&r=g\",\"caption\":\"Kapusi Kriszti\u00e1n\"},\"sameAs\":[\"http:\/\/kezilabdahajduszoboszlo\"],\"url\":\"https:\/\/kezilabdahajduszoboszlo.hu\/?author=2\"}]}<\/script>\n<!-- \/ Yoast SEO plugin. -->","yoast_head_json":{"title":"A h\u00e9tv\u00e9g\u00e9n \u00fajra pattog a labda! - K\u00e9zilabda Klub Hajd\u00faszoboszl\u00f3","robots":{"index":"index","follow":"follow","max-snippet":"max-snippet:-1","max-image-preview":"max-image-preview:large","max-video-preview":"max-video-preview:-1"},"canonical":"https:\/\/kezilabdahajduszoboszlo.hu\/?p=407","og_locale":"hu_HU","og_type":"article","og_title":"A h\u00e9tv\u00e9g\u00e9n \u00fajra pattog a labda! - K\u00e9zilabda Klub Hajd\u00faszoboszl\u00f3","og_description":"H\u00e9tv\u00e9g\u00e9n ut\u00e1np\u00f3tl\u00e1s csapataink lesznek a f\u0151szerepben! Szombaton az U11 \u00e9s U13 koroszt\u00e1lyunk a hazai rendez\u00e9s\u0171 V. Karcher-Metisz Tomker Kup\u00e1n vesz r\u00e9szt. Az U11-es csapatok 10.00-t\u00f3l, m\u00edg az U13-as koroszt\u00e1ly 13.10-t\u0151l l\u00e9p p\u00e1ly\u00e1ra! Csenger,Balmaz\u00fajv\u00e1ros,H\u00f3dmez\u0151v\u00e1s\u00e1rhely,Ny\u00edradony,Mez\u0151keresztes ut\u00e1np\u00f3tl\u00e1s csapatait l\u00e1tjuk vend\u00e9g\u00fcl. Vas\u00e1rnap az U9-es &hellip; Egy kattint\u00e1s ide a folytat\u00e1shoz.... &rarr;","og_url":"https:\/\/kezilabdahajduszoboszlo.hu\/?p=407","og_site_name":"K\u00e9zilabda Klub Hajd\u00faszoboszl\u00f3","article_published_time":"2020-01-15T12:02:20+00:00","og_image":[{"width":960,"height":640,"url":"https:\/\/kezilabdahajduszoboszlo.hu\/wp-content\/uploads\/2019\/10\/72668574_1293686070755481_8835261569169358848_n.jpg","type":"image\/jpeg"}],"author":"Kapusi Kriszti\u00e1n","twitter_card":"summary_large_image","twitter_misc":{"Szerz\u0151:":"Kapusi Kriszti\u00e1n","Becs\u00fclt olvas\u00e1si id\u0151":"1 perc"},"schema":{"@context":"https:\/\/schema.org","@graph":[{"@type":"WebPage","@id":"https:\/\/kezilabdahajduszoboszlo.hu\/?p=407","url":"https:\/\/kezilabdahajduszoboszlo.hu\/?p=407","name":"A h\u00e9tv\u00e9g\u00e9n \u00fajra pattog a labda! - K\u00e9zilabda Klub Hajd\u00faszoboszl\u00f3","isPartOf":{"@id":"https:\/\/kezilabdahajduszoboszlo.hu\/#website"},"datePublished":"2020-01-15T12:02:20+00:00","dateModified":"2020-01-15T12:02:20+00:00","author":{"@id":"https:\/\/kezilabdahajduszoboszlo.hu\/#\/schema\/person\/5ec50fcc18790ccded9abbc4a29d0336"},"breadcrumb":{"@id":"https:\/\/kezilabdahajduszoboszlo.hu\/?p=407#breadcrumb"},"inLanguage":"hu","potentialAction":[{"@type":"ReadAction","target":["https:\/\/kezilabdahajduszoboszlo.hu\/?p=407"]}]},{"@type":"BreadcrumbList","@id":"https:\/\/kezilabdahajduszoboszlo.hu\/?p=407#breadcrumb","itemListElement":[{"@type":"ListItem","position":1,"name":"Home","item":"https:\/\/kezilabdahajduszoboszlo.hu\/"},{"@type":"ListItem","position":2,"name":"A h\u00e9tv\u00e9g\u00e9n \u00fajra pattog a labda!"}]},{"@type":"WebSite","@id":"https:\/\/kezilabdahajduszoboszlo.hu\/#website","url":"https:\/\/kezilabdahajduszoboszlo.hu\/","name":"K\u00e9zilabda Klub Hajd\u00faszoboszl\u00f3","description":"","potentialAction":[{"@type":"SearchAction","target":{"@type":"EntryPoint","urlTemplate":"https:\/\/kezilabdahajduszoboszlo.hu\/?s={search_term_string}"},"query-input":"required name=search_term_string"}],"inLanguage":"hu"},{"@type":"Person","@id":"https:\/\/kezilabdahajduszoboszlo.hu\/#\/schema\/person\/5ec50fcc18790ccded9abbc4a29d0336","name":"Kapusi Kriszti\u00e1n","image":{"@type":"ImageObject","inLanguage":"hu","@id":"https:\/\/kezilabdahajduszoboszlo.hu\/#\/schema\/person\/image\/","url":"https:\/\/secure.gravatar.com\/avatar\/3105527c52c6c13b3dacf30efd34a992?s=96&d=mm&r=g","contentUrl":"https:\/\/secure.gravatar.com\/avatar\/3105527c52c6c13b3dacf30efd34a992?s=96&d=mm&r=g","caption":"Kapusi Kriszti\u00e1n"},"sameAs":["http:\/\/kezilabdahajduszoboszlo"],"url":"https:\/\/kezilabdahajduszoboszlo.hu\/?author=2"}]}},"_links":{"self":[{"href":"https:\/\/kezilabdahajduszoboszlo.hu\/index.php?rest_route=\/wp\/v2\/posts\/407"}],"collection":[{"href":"https:\/\/kezilabdahajduszoboszlo.hu\/index.php?rest_route=\/wp\/v2\/posts"}],"about":[{"href":"https:\/\/kezilabdahajduszoboszlo.hu\/index.php?rest_route=\/wp\/v2\/types\/post"}],"author":[{"embeddable":true,"href":"https:\/\/kezilabdahajduszoboszlo.hu\/index.php?rest_route=\/wp\/v2\/users\/2"}],"replies":[{"embeddable":true,"href":"https:\/\/kezilabdahajduszoboszlo.hu\/index.php?rest_route=%2Fwp%2Fv2%2Fcomments&post=407"}],"version-history":[{"count":1,"href":"https:\/\/kezilabdahajduszoboszlo.hu\/index.php?rest_route=\/wp\/v2\/posts\/407\/revisions"}],"predecessor-version":[{"id":409,"href":"https:\/\/kezilabdahajduszoboszlo.hu\/index.php?rest_route=\/wp\/v2\/posts\/407\/revisions\/409"}],"wp:featuredmedia":[{"embeddable":true,"href":"https:\/\/kezilabdahajduszoboszlo.hu\/index.php?rest_route=\/wp\/v2\/media\/327"}],"wp:attachment":[{"href":"https:\/\/kezilabdahajduszoboszlo.hu\/index.php?rest_route=%2Fwp%2Fv2%2Fmedia&parent=407"}],"wp:term":[{"taxonomy":"category","embeddable":true,"href":"https:\/\/kezilabdahajduszoboszlo.hu\/index.php?rest_route=%2Fwp%2Fv2%2Fcategories&post=407"},{"taxonomy":"post_tag","embeddable":true,"href":"https:\/\/kezilabdahajduszoboszlo.hu\/index.php?rest_route=%2Fwp%2Fv2%2Ftags&post=407"}],"curies":[{"name":"wp","href":"https:\/\/api.w.org\/{rel}","templated":true}]}}