{"id":432,"date":"2020-03-05T12:10:30","date_gmt":"2020-03-05T12:10:30","guid":{"rendered":"http:\/\/kezilabdahajduszoboszlo.hu\/?p=432"},"modified":"2020-03-05T12:10:30","modified_gmt":"2020-03-05T12:10:30","slug":"ujbol-palyan-az-u13-csapat","status":"publish","type":"post","link":"https:\/\/kezilabdahajduszoboszlo.hu\/?p=432","title":{"rendered":"\u00dajb\u00f3l a p\u00e1ly\u00e1n az U13-as csapat."},"content":{"rendered":"<p>A N\u00e9methn\u00e9 Bana Anik\u00f3, az U13-as l\u00e1nyok edz\u0151je sz\u00e1molt be az els\u0151 tavaszi fordul\u00f3r\u00f3l:<\/p>\n<p>A csapatunk Debrecenbe utazott az elm\u00falt h\u00e9tv\u00e9g\u00e9n, ahol a k\u00e9zilabda sz\u00f6vets\u00e9g &#8222;tavaszi&#8221; bajnoki fordul\u00f3ja megkezd\u0151d\u00f6tt a r\u00e9sz\u00fcnkre is. Nagyon neh\u00e9z m\u00e9rk\u0151z\u00e9sek v\u00e1rtak a l\u00e1nyokra. Ellenfeleink a Debreceni Sportcentrum \u00e9s a S\u00fct\u0151 K\u00e9zisuli volt. K\u00e9t er\u0151sebb csapat, ahol l\u00e9tsz\u00e1mban, ment\u00e1lisan, fizik\u00e1lisan \u00e9s er\u0151nl\u00e9tben is j\u00f3val er\u0151sebbek a j\u00e1t\u00e9kosok. Jellemz\u0151 volt mindk\u00e9t meccsre, hogy v\u00e9dekez\u00e9s\u00fcnk elvette az er\u0151nket a t\u00e1mad\u00e1sokt\u00f3l, nagyon sokat emberh\u00e1tr\u00e1nyban s\u0151t kett\u0151s emberh\u00e1tr\u00e1nyban k\u00fczd\u00f6tt\u00fcnk, ezt a dobott g\u00f3lok sz\u00e1ma is t\u00fckr\u00f6zi. Mindk\u00e9t m\u00e9rk\u0151z\u00e9sen felismert\u00fck hib\u00e1inkat, elmarad\u00e1sainkat. A feladatunk fel\u00e1llni, a k\u00e9t er\u0151sebb csapatt\u00f3l elszenvedett veres\u00e9gb\u0151l \u00e9s k\u00e9sz\u00fclni a k\u00f6vetkez\u0151 m\u00e9rk\u0151z\u00e9sekre.<\/p>\n","protected":false},"excerpt":{"rendered":"<p>A N\u00e9methn\u00e9 Bana Anik\u00f3, az U13-as l\u00e1nyok edz\u0151je sz\u00e1molt be az els\u0151 tavaszi fordul\u00f3r\u00f3l: A csapatunk Debrecenbe utazott az elm\u00falt h\u00e9tv\u00e9g\u00e9n, ahol a k\u00e9zilabda sz\u00f6vets\u00e9g &#8222;tavaszi&#8221; bajnoki fordul\u00f3ja megkezd\u0151d\u00f6tt a r\u00e9sz\u00fcnkre is. Nagyon neh\u00e9z m\u00e9rk\u0151z\u00e9sek v\u00e1rtak a l\u00e1nyokra. Ellenfeleink a &hellip; <a href=\"https:\/\/kezilabdahajduszoboszlo.hu\/?p=432\">Egy kattint\u00e1s ide a folytat\u00e1shoz&#8230;. <span class=\"meta-nav\">&rarr;<\/span><\/a><\/p>\n","protected":false},"author":2,"featured_media":433,"comment_status":"open","ping_status":"open","sticky":false,"template":"","format":"standard","meta":{"_monsterinsights_skip_tracking":false,"_monsterinsights_sitenote_active":false,"_monsterinsights_sitenote_note":"","_monsterinsights_sitenote_category":0,"footnotes":""},"categories":[5],"tags":[],"yoast_head":"<!-- This site is optimized with the Yoast SEO plugin v21.8.1 - https:\/\/yoast.com\/wordpress\/plugins\/seo\/ -->\n<title>\u00dajb\u00f3l a p\u00e1ly\u00e1n az U13-as csapat. - K\u00e9zilabda Klub Hajd\u00faszoboszl\u00f3<\/title>\n<meta name=\"robots\" content=\"index, follow, max-snippet:-1, max-image-preview:large, max-video-preview:-1\" \/>\n<link rel=\"canonical\" href=\"https:\/\/kezilabdahajduszoboszlo.hu\/?p=432\" \/>\n<meta property=\"og:locale\" content=\"hu_HU\" \/>\n<meta property=\"og:type\" content=\"article\" \/>\n<meta property=\"og:title\" content=\"\u00dajb\u00f3l a p\u00e1ly\u00e1n az U13-as csapat. - K\u00e9zilabda Klub Hajd\u00faszoboszl\u00f3\" \/>\n<meta property=\"og:description\" content=\"A N\u00e9methn\u00e9 Bana Anik\u00f3, az U13-as l\u00e1nyok edz\u0151je sz\u00e1molt be az els\u0151 tavaszi fordul\u00f3r\u00f3l: A csapatunk Debrecenbe utazott az elm\u00falt h\u00e9tv\u00e9g\u00e9n, ahol a k\u00e9zilabda sz\u00f6vets\u00e9g &#8222;tavaszi&#8221; bajnoki fordul\u00f3ja megkezd\u0151d\u00f6tt a r\u00e9sz\u00fcnkre is. Nagyon neh\u00e9z m\u00e9rk\u0151z\u00e9sek v\u00e1rtak a l\u00e1nyokra. Ellenfeleink a &hellip; Egy kattint\u00e1s ide a folytat\u00e1shoz.... &rarr;\" \/>\n<meta property=\"og:url\" content=\"https:\/\/kezilabdahajduszoboszlo.hu\/?p=432\" \/>\n<meta property=\"og:site_name\" content=\"K\u00e9zilabda Klub Hajd\u00faszoboszl\u00f3\" \/>\n<meta property=\"article:published_time\" content=\"2020-03-05T12:10:30+00:00\" \/>\n<meta property=\"og:image\" content=\"https:\/\/kezilabdahajduszoboszlo.hu\/wp-content\/uploads\/2020\/03\/88331307_189341455703557_668659290533265408_n.jpg\" \/>\n\t<meta property=\"og:image:width\" content=\"1296\" \/>\n\t<meta property=\"og:image:height\" content=\"970\" \/>\n\t<meta property=\"og:image:type\" content=\"image\/jpeg\" \/>\n<meta name=\"author\" content=\"Kapusi Kriszti\u00e1n\" \/>\n<meta name=\"twitter:card\" content=\"summary_large_image\" \/>\n<meta name=\"twitter:label1\" content=\"Szerz\u0151:\" \/>\n\t<meta name=\"twitter:data1\" content=\"Kapusi Kriszti\u00e1n\" \/>\n\t<meta name=\"twitter:label2\" content=\"Becs\u00fclt olvas\u00e1si id\u0151\" \/>\n\t<meta name=\"twitter:data2\" content=\"1 perc\" \/>\n<script type=\"application\/ld+json\" class=\"yoast-schema-graph\">{\"@context\":\"https:\/\/schema.org\",\"@graph\":[{\"@type\":\"WebPage\",\"@id\":\"https:\/\/kezilabdahajduszoboszlo.hu\/?p=432\",\"url\":\"https:\/\/kezilabdahajduszoboszlo.hu\/?p=432\",\"name\":\"\u00dajb\u00f3l a p\u00e1ly\u00e1n az U13-as csapat. - K\u00e9zilabda Klub Hajd\u00faszoboszl\u00f3\",\"isPartOf\":{\"@id\":\"https:\/\/kezilabdahajduszoboszlo.hu\/#website\"},\"datePublished\":\"2020-03-05T12:10:30+00:00\",\"dateModified\":\"2020-03-05T12:10:30+00:00\",\"author\":{\"@id\":\"https:\/\/kezilabdahajduszoboszlo.hu\/#\/schema\/person\/5ec50fcc18790ccded9abbc4a29d0336\"},\"breadcrumb\":{\"@id\":\"https:\/\/kezilabdahajduszoboszlo.hu\/?p=432#breadcrumb\"},\"inLanguage\":\"hu\",\"potentialAction\":[{\"@type\":\"ReadAction\",\"target\":[\"https:\/\/kezilabdahajduszoboszlo.hu\/?p=432\"]}]},{\"@type\":\"BreadcrumbList\",\"@id\":\"https:\/\/kezilabdahajduszoboszlo.hu\/?p=432#breadcrumb\",\"itemListElement\":[{\"@type\":\"ListItem\",\"position\":1,\"name\":\"Home\",\"item\":\"https:\/\/kezilabdahajduszoboszlo.hu\/\"},{\"@type\":\"ListItem\",\"position\":2,\"name\":\"\u00dajb\u00f3l a p\u00e1ly\u00e1n az U13-as csapat.\"}]},{\"@type\":\"WebSite\",\"@id\":\"https:\/\/kezilabdahajduszoboszlo.hu\/#website\",\"url\":\"https:\/\/kezilabdahajduszoboszlo.hu\/\",\"name\":\"K\u00e9zilabda Klub Hajd\u00faszoboszl\u00f3\",\"description\":\"\",\"potentialAction\":[{\"@type\":\"SearchAction\",\"target\":{\"@type\":\"EntryPoint\",\"urlTemplate\":\"https:\/\/kezilabdahajduszoboszlo.hu\/?s={search_term_string}\"},\"query-input\":\"required name=search_term_string\"}],\"inLanguage\":\"hu\"},{\"@type\":\"Person\",\"@id\":\"https:\/\/kezilabdahajduszoboszlo.hu\/#\/schema\/person\/5ec50fcc18790ccded9abbc4a29d0336\",\"name\":\"Kapusi Kriszti\u00e1n\",\"image\":{\"@type\":\"ImageObject\",\"inLanguage\":\"hu\",\"@id\":\"https:\/\/kezilabdahajduszoboszlo.hu\/#\/schema\/person\/image\/\",\"url\":\"https:\/\/secure.gravatar.com\/avatar\/3105527c52c6c13b3dacf30efd34a992?s=96&d=mm&r=g\",\"contentUrl\":\"https:\/\/secure.gravatar.com\/avatar\/3105527c52c6c13b3dacf30efd34a992?s=96&d=mm&r=g\",\"caption\":\"Kapusi Kriszti\u00e1n\"},\"sameAs\":[\"http:\/\/kezilabdahajduszoboszlo\"],\"url\":\"https:\/\/kezilabdahajduszoboszlo.hu\/?author=2\"}]}<\/script>\n<!-- \/ Yoast SEO plugin. -->","yoast_head_json":{"title":"\u00dajb\u00f3l a p\u00e1ly\u00e1n az U13-as csapat. - K\u00e9zilabda Klub Hajd\u00faszoboszl\u00f3","robots":{"index":"index","follow":"follow","max-snippet":"max-snippet:-1","max-image-preview":"max-image-preview:large","max-video-preview":"max-video-preview:-1"},"canonical":"https:\/\/kezilabdahajduszoboszlo.hu\/?p=432","og_locale":"hu_HU","og_type":"article","og_title":"\u00dajb\u00f3l a p\u00e1ly\u00e1n az U13-as csapat. - K\u00e9zilabda Klub Hajd\u00faszoboszl\u00f3","og_description":"A N\u00e9methn\u00e9 Bana Anik\u00f3, az U13-as l\u00e1nyok edz\u0151je sz\u00e1molt be az els\u0151 tavaszi fordul\u00f3r\u00f3l: A csapatunk Debrecenbe utazott az elm\u00falt h\u00e9tv\u00e9g\u00e9n, ahol a k\u00e9zilabda sz\u00f6vets\u00e9g &#8222;tavaszi&#8221; bajnoki fordul\u00f3ja megkezd\u0151d\u00f6tt a r\u00e9sz\u00fcnkre is. Nagyon neh\u00e9z m\u00e9rk\u0151z\u00e9sek v\u00e1rtak a l\u00e1nyokra. Ellenfeleink a &hellip; Egy kattint\u00e1s ide a folytat\u00e1shoz.... &rarr;","og_url":"https:\/\/kezilabdahajduszoboszlo.hu\/?p=432","og_site_name":"K\u00e9zilabda Klub Hajd\u00faszoboszl\u00f3","article_published_time":"2020-03-05T12:10:30+00:00","og_image":[{"width":1296,"height":970,"url":"https:\/\/kezilabdahajduszoboszlo.hu\/wp-content\/uploads\/2020\/03\/88331307_189341455703557_668659290533265408_n.jpg","type":"image\/jpeg"}],"author":"Kapusi Kriszti\u00e1n","twitter_card":"summary_large_image","twitter_misc":{"Szerz\u0151:":"Kapusi Kriszti\u00e1n","Becs\u00fclt olvas\u00e1si id\u0151":"1 perc"},"schema":{"@context":"https:\/\/schema.org","@graph":[{"@type":"WebPage","@id":"https:\/\/kezilabdahajduszoboszlo.hu\/?p=432","url":"https:\/\/kezilabdahajduszoboszlo.hu\/?p=432","name":"\u00dajb\u00f3l a p\u00e1ly\u00e1n az U13-as csapat. - K\u00e9zilabda Klub Hajd\u00faszoboszl\u00f3","isPartOf":{"@id":"https:\/\/kezilabdahajduszoboszlo.hu\/#website"},"datePublished":"2020-03-05T12:10:30+00:00","dateModified":"2020-03-05T12:10:30+00:00","author":{"@id":"https:\/\/kezilabdahajduszoboszlo.hu\/#\/schema\/person\/5ec50fcc18790ccded9abbc4a29d0336"},"breadcrumb":{"@id":"https:\/\/kezilabdahajduszoboszlo.hu\/?p=432#breadcrumb"},"inLanguage":"hu","potentialAction":[{"@type":"ReadAction","target":["https:\/\/kezilabdahajduszoboszlo.hu\/?p=432"]}]},{"@type":"BreadcrumbList","@id":"https:\/\/kezilabdahajduszoboszlo.hu\/?p=432#breadcrumb","itemListElement":[{"@type":"ListItem","position":1,"name":"Home","item":"https:\/\/kezilabdahajduszoboszlo.hu\/"},{"@type":"ListItem","position":2,"name":"\u00dajb\u00f3l a p\u00e1ly\u00e1n az U13-as csapat."}]},{"@type":"WebSite","@id":"https:\/\/kezilabdahajduszoboszlo.hu\/#website","url":"https:\/\/kezilabdahajduszoboszlo.hu\/","name":"K\u00e9zilabda Klub Hajd\u00faszoboszl\u00f3","description":"","potentialAction":[{"@type":"SearchAction","target":{"@type":"EntryPoint","urlTemplate":"https:\/\/kezilabdahajduszoboszlo.hu\/?s={search_term_string}"},"query-input":"required name=search_term_string"}],"inLanguage":"hu"},{"@type":"Person","@id":"https:\/\/kezilabdahajduszoboszlo.hu\/#\/schema\/person\/5ec50fcc18790ccded9abbc4a29d0336","name":"Kapusi Kriszti\u00e1n","image":{"@type":"ImageObject","inLanguage":"hu","@id":"https:\/\/kezilabdahajduszoboszlo.hu\/#\/schema\/person\/image\/","url":"https:\/\/secure.gravatar.com\/avatar\/3105527c52c6c13b3dacf30efd34a992?s=96&d=mm&r=g","contentUrl":"https:\/\/secure.gravatar.com\/avatar\/3105527c52c6c13b3dacf30efd34a992?s=96&d=mm&r=g","caption":"Kapusi Kriszti\u00e1n"},"sameAs":["http:\/\/kezilabdahajduszoboszlo"],"url":"https:\/\/kezilabdahajduszoboszlo.hu\/?author=2"}]}},"_links":{"self":[{"href":"https:\/\/kezilabdahajduszoboszlo.hu\/index.php?rest_route=\/wp\/v2\/posts\/432"}],"collection":[{"href":"https:\/\/kezilabdahajduszoboszlo.hu\/index.php?rest_route=\/wp\/v2\/posts"}],"about":[{"href":"https:\/\/kezilabdahajduszoboszlo.hu\/index.php?rest_route=\/wp\/v2\/types\/post"}],"author":[{"embeddable":true,"href":"https:\/\/kezilabdahajduszoboszlo.hu\/index.php?rest_route=\/wp\/v2\/users\/2"}],"replies":[{"embeddable":true,"href":"https:\/\/kezilabdahajduszoboszlo.hu\/index.php?rest_route=%2Fwp%2Fv2%2Fcomments&post=432"}],"version-history":[{"count":1,"href":"https:\/\/kezilabdahajduszoboszlo.hu\/index.php?rest_route=\/wp\/v2\/posts\/432\/revisions"}],"predecessor-version":[{"id":434,"href":"https:\/\/kezilabdahajduszoboszlo.hu\/index.php?rest_route=\/wp\/v2\/posts\/432\/revisions\/434"}],"wp:featuredmedia":[{"embeddable":true,"href":"https:\/\/kezilabdahajduszoboszlo.hu\/index.php?rest_route=\/wp\/v2\/media\/433"}],"wp:attachment":[{"href":"https:\/\/kezilabdahajduszoboszlo.hu\/index.php?rest_route=%2Fwp%2Fv2%2Fmedia&parent=432"}],"wp:term":[{"taxonomy":"category","embeddable":true,"href":"https:\/\/kezilabdahajduszoboszlo.hu\/index.php?rest_route=%2Fwp%2Fv2%2Fcategories&post=432"},{"taxonomy":"post_tag","embeddable":true,"href":"https:\/\/kezilabdahajduszoboszlo.hu\/index.php?rest_route=%2Fwp%2Fv2%2Ftags&post=432"}],"curies":[{"name":"wp","href":"https:\/\/api.w.org\/{rel}","templated":true}]}}