{"id":435,"date":"2020-03-05T12:48:33","date_gmt":"2020-03-05T12:48:33","guid":{"rendered":"http:\/\/kezilabdahajduszoboszlo.hu\/?p=435"},"modified":"2020-03-05T12:48:33","modified_gmt":"2020-03-05T12:48:33","slug":"az-u11-es-es-u12-es-bajnoksagban-elkezdodtek-kuzdelmek","status":"publish","type":"post","link":"https:\/\/kezilabdahajduszoboszlo.hu\/?p=435","title":{"rendered":"Az U11-es \u00e9s U12-es bajnoks\u00e1gban is elkezd\u0151dtek a k\u00fczdelmek."},"content":{"rendered":"<p>Az elm\u00falt 2 h\u00e9tv\u00e9g\u00e9n az U11-es \u00e9s U12 csapatunk\u00e9rt szor\u00edthattak a csal\u00e1dtagok, ismer\u0151s\u00f6k, bar\u00e1tok, \u00e9s nem utols\u00f3sorban a szurkol\u00f3nk. 2020 febru\u00e1r 22. napj\u00e1n Tiszaf\u00fcreden m\u00e9rk\u0151z\u00f6tt meg az U12-es koroszt\u00e1ly a Ny\u00edradony \u00e9s Debrecen g\u00e1rd\u00e1ival.<\/p>\n<p>Az els\u0151 m\u00e9rk\u0151z\u00e9s edz\u0151m\u00e9rk\u0151z\u00e9ss\u00e9 avanzs\u00e1l\u00f3dott, mivel a adonyi l\u00e1nyok nem voltak meg l\u00e9tsz\u00e1mban, \u00e9s \u00edgy hivatalosan 10-0-val a KKHSZ sz\u00e1m\u00e1ra \u00edrt\u00e1k j\u00f3v\u00e1 a m\u00e9rk\u0151z\u00e9st. Kapusi Kriszti\u00e1n, a g\u00e1rda edz\u0151je szerint kit\u0171n\u0151 volt ez a m\u00e9rk\u0151z\u00e9s a Debrecen elleni csata el\u0151tt, mert fel\u00e9bredtek a l\u00e1nyok, illetve az ellenf\u00e9l r\u00e1\u00e9bresztett minket a hi\u00e1nyoss\u00e1gainkra, melyet \u00edgy azon meleg\u00e9ben rendezni tudtunk.<\/p>\n<p>A Debreceni Sportcentrum I. csapata ellen sokoldal\u00faan, helyenk\u00e9nt l\u00e1tv\u00e1nyos g\u00f3lokat szerezve j\u00e1tszott a g\u00e1rda, de az eredm\u00e9ny megmutatta mekkora is a k\u00fcl\u00f6nbs\u00e9g fizik\u00e1lisan, \u00e9s j\u00e1t\u00e9ktud\u00e1sban. A szoboszl\u00f3i l\u00e1nyok a veres\u00e9g ellen\u00e9re is emelt f\u0151vel t\u00e1vozhattak a m\u00e9rk\u0151z\u00e9s ut\u00e1n, mivel a maximumot kiadt\u00e1k magukb\u00f3l.<\/p>\n<p><strong>Eredm\u00e9nyek:<\/strong><\/p>\n<p><strong>KKHSZ &#8211; Ny\u00edradonyi VVTK\u00a0 10-0<\/strong><\/p>\n<p><strong>Debreceni Sportcentrum I. &#8211; KKHSZ 26-14<\/strong><\/p>\n<p>&nbsp;<\/p>\n<p style=\"text-align: left;\">Febru\u00e1r utols\u00f3 h\u00e9tv\u00e9g\u00e9j\u00e9n az U11-es csapatra ker\u00fclt a sor, hogy megmutassa mag\u00e1t a p\u00e1ly\u00e1n, melyre a debreceni Ol\u00e1h G\u00e1bor utcai Sportcsarnokban ad\u00f3dott lehet\u0151s\u00e9g. Az ellenfelek a T\u00e9gl\u00e1si VSE, \u00e9s a balmaz\u00fajv\u00e1rosi Kalm\u00e1r Zolt\u00e1n DSE csapatai voltak.<\/p>\n<p style=\"text-align: left;\">Kapusi Kriszti\u00e1n vezet\u0151edz\u0151:<\/p>\n<p style=\"text-align: left;\">Az napunk ind\u00edt\u00e1sak\u00e9nt j\u00e1tszottunk egy j\u00f3 kis rohan\u00f3s m\u00e9rk\u0151z\u00e9st a t\u00e9gl\u00e1si l\u00e1nyok ellen, melyb\u0151l mi j\u00f6tt\u00fcnk ki gy\u0151ztesen, az els\u0151t\u0151l az utols\u00f3 pillanatig nagy akar\u00e1ssal, \u00e9s g\u00f3lra t\u00f6r\u0151en j\u00e1tszott a kis csapatom.<\/p>\n<p style=\"text-align: left;\">A balmaz\u00fajv\u00e1rosi m\u00e9rk\u0151z\u00e9s az egy nagyon neh\u00e9z feladat volt, mivel egy nagyon k\u00e9pzett, j\u00f3 ellenf\u00e9llel szemben j\u00e1tszottunk, akiknek mostan\u00e1ban nem siker\u00fclt megnehez\u00edten\u00fcnk a dolg\u00e1t. Az els\u0151 f\u00e9lid\u0151ben sajnos most sem j\u00e1rtunk sikerrel, \u00edgy a m\u00e1sodik j\u00e1t\u00e9kr\u00e9szben hatalmas h\u00e1tr\u00e1nyt kellett ledolgoznunk, ami r\u00e9szben siker\u00fclt is a fegyelmezett, hat\u00e1rozott j\u00e1t\u00e9kunknak is k\u00f6sz\u00f6nhet\u0151en, b\u00e1r a v\u00e9g\u00e9n vesztesen hagytuk el a p\u00e1ly\u00e1t sajnos.<\/p>\n<p><strong>Eredm\u00e9nyek:<\/strong><\/p>\n<p><strong>KKHSZ &#8211; T\u00e9gl\u00e1si VSE\u00a0 21-2<\/strong><\/p>\n<p><strong>Kalm\u00e1r Zolt\u00e1n DSE &#8211; KKHSZ 11-10<\/strong><\/p>\n<p>&nbsp;<\/p>\n<p><img loading=\"lazy\" decoding=\"async\" class=\"alignnone size-large wp-image-436\" src=\"http:\/\/kezilabdahajduszoboszlo.hu\/wp-content\/uploads\/2020\/03\/88331204_1528640130593406_9048876895826870272_o-1024x498.jpg\" alt=\"\" width=\"525\" height=\"255\" srcset=\"https:\/\/kezilabdahajduszoboszlo.hu\/wp-content\/uploads\/2020\/03\/88331204_1528640130593406_9048876895826870272_o-1024x498.jpg 1024w, https:\/\/kezilabdahajduszoboszlo.hu\/wp-content\/uploads\/2020\/03\/88331204_1528640130593406_9048876895826870272_o-300x146.jpg 300w, https:\/\/kezilabdahajduszoboszlo.hu\/wp-content\/uploads\/2020\/03\/88331204_1528640130593406_9048876895826870272_o-768x373.jpg 768w, https:\/\/kezilabdahajduszoboszlo.hu\/wp-content\/uploads\/2020\/03\/88331204_1528640130593406_9048876895826870272_o.jpg 1080w\" sizes=\"(max-width: 525px) 100vw, 525px\" \/> <img loading=\"lazy\" decoding=\"async\" class=\"alignnone size-large wp-image-437\" src=\"http:\/\/kezilabdahajduszoboszlo.hu\/wp-content\/uploads\/2020\/03\/87758329_1528640257260060_2858250200902795264_o-1024x498.jpg\" alt=\"\" width=\"525\" height=\"255\" srcset=\"https:\/\/kezilabdahajduszoboszlo.hu\/wp-content\/uploads\/2020\/03\/87758329_1528640257260060_2858250200902795264_o-1024x498.jpg 1024w, https:\/\/kezilabdahajduszoboszlo.hu\/wp-content\/uploads\/2020\/03\/87758329_1528640257260060_2858250200902795264_o-300x146.jpg 300w, https:\/\/kezilabdahajduszoboszlo.hu\/wp-content\/uploads\/2020\/03\/87758329_1528640257260060_2858250200902795264_o-768x373.jpg 768w, https:\/\/kezilabdahajduszoboszlo.hu\/wp-content\/uploads\/2020\/03\/87758329_1528640257260060_2858250200902795264_o.jpg 1080w\" sizes=\"(max-width: 525px) 100vw, 525px\" \/><\/p>\n","protected":false},"excerpt":{"rendered":"<p>Az elm\u00falt 2 h\u00e9tv\u00e9g\u00e9n az U11-es \u00e9s U12 csapatunk\u00e9rt szor\u00edthattak a csal\u00e1dtagok, ismer\u0151s\u00f6k, bar\u00e1tok, \u00e9s nem utols\u00f3sorban a szurkol\u00f3nk. 2020 febru\u00e1r 22. napj\u00e1n Tiszaf\u00fcreden m\u00e9rk\u0151z\u00f6tt meg az U12-es koroszt\u00e1ly a Ny\u00edradony \u00e9s Debrecen g\u00e1rd\u00e1ival. Az els\u0151 m\u00e9rk\u0151z\u00e9s edz\u0151m\u00e9rk\u0151z\u00e9ss\u00e9 avanzs\u00e1l\u00f3dott, mivel &hellip; <a href=\"https:\/\/kezilabdahajduszoboszlo.hu\/?p=435\">Egy kattint\u00e1s ide a folytat\u00e1shoz&#8230;. <span class=\"meta-nav\">&rarr;<\/span><\/a><\/p>\n","protected":false},"author":2,"featured_media":437,"comment_status":"open","ping_status":"open","sticky":false,"template":"","format":"standard","meta":{"_monsterinsights_skip_tracking":false,"_monsterinsights_sitenote_active":false,"_monsterinsights_sitenote_note":"","_monsterinsights_sitenote_category":0,"footnotes":""},"categories":[5],"tags":[],"yoast_head":"<!-- This site is optimized with the Yoast SEO plugin v21.8.1 - https:\/\/yoast.com\/wordpress\/plugins\/seo\/ -->\n<title>Az U11-es \u00e9s U12-es bajnoks\u00e1gban is elkezd\u0151dtek a k\u00fczdelmek. - K\u00e9zilabda Klub Hajd\u00faszoboszl\u00f3<\/title>\n<meta name=\"robots\" content=\"index, follow, max-snippet:-1, max-image-preview:large, max-video-preview:-1\" \/>\n<link rel=\"canonical\" href=\"https:\/\/kezilabdahajduszoboszlo.hu\/?p=435\" \/>\n<meta property=\"og:locale\" content=\"hu_HU\" \/>\n<meta property=\"og:type\" content=\"article\" \/>\n<meta property=\"og:title\" content=\"Az U11-es \u00e9s U12-es bajnoks\u00e1gban is elkezd\u0151dtek a k\u00fczdelmek. - K\u00e9zilabda Klub Hajd\u00faszoboszl\u00f3\" \/>\n<meta property=\"og:description\" content=\"Az elm\u00falt 2 h\u00e9tv\u00e9g\u00e9n az U11-es \u00e9s U12 csapatunk\u00e9rt szor\u00edthattak a csal\u00e1dtagok, ismer\u0151s\u00f6k, bar\u00e1tok, \u00e9s nem utols\u00f3sorban a szurkol\u00f3nk. 2020 febru\u00e1r 22. napj\u00e1n Tiszaf\u00fcreden m\u00e9rk\u0151z\u00f6tt meg az U12-es koroszt\u00e1ly a Ny\u00edradony \u00e9s Debrecen g\u00e1rd\u00e1ival. Az els\u0151 m\u00e9rk\u0151z\u00e9s edz\u0151m\u00e9rk\u0151z\u00e9ss\u00e9 avanzs\u00e1l\u00f3dott, mivel &hellip; Egy kattint\u00e1s ide a folytat\u00e1shoz.... &rarr;\" \/>\n<meta property=\"og:url\" content=\"https:\/\/kezilabdahajduszoboszlo.hu\/?p=435\" \/>\n<meta property=\"og:site_name\" content=\"K\u00e9zilabda Klub Hajd\u00faszoboszl\u00f3\" \/>\n<meta property=\"article:published_time\" content=\"2020-03-05T12:48:33+00:00\" \/>\n<meta property=\"og:image\" content=\"https:\/\/kezilabdahajduszoboszlo.hu\/wp-content\/uploads\/2020\/03\/87758329_1528640257260060_2858250200902795264_o.jpg\" \/>\n\t<meta property=\"og:image:width\" content=\"1080\" \/>\n\t<meta property=\"og:image:height\" content=\"525\" \/>\n\t<meta property=\"og:image:type\" content=\"image\/jpeg\" \/>\n<meta name=\"author\" content=\"Kapusi Kriszti\u00e1n\" \/>\n<meta name=\"twitter:card\" content=\"summary_large_image\" \/>\n<meta name=\"twitter:label1\" content=\"Szerz\u0151:\" \/>\n\t<meta name=\"twitter:data1\" content=\"Kapusi Kriszti\u00e1n\" \/>\n\t<meta name=\"twitter:label2\" content=\"Becs\u00fclt olvas\u00e1si id\u0151\" \/>\n\t<meta name=\"twitter:data2\" content=\"2 perc\" \/>\n<script type=\"application\/ld+json\" class=\"yoast-schema-graph\">{\"@context\":\"https:\/\/schema.org\",\"@graph\":[{\"@type\":\"WebPage\",\"@id\":\"https:\/\/kezilabdahajduszoboszlo.hu\/?p=435\",\"url\":\"https:\/\/kezilabdahajduszoboszlo.hu\/?p=435\",\"name\":\"Az U11-es \u00e9s U12-es bajnoks\u00e1gban is elkezd\u0151dtek a k\u00fczdelmek. - K\u00e9zilabda Klub Hajd\u00faszoboszl\u00f3\",\"isPartOf\":{\"@id\":\"https:\/\/kezilabdahajduszoboszlo.hu\/#website\"},\"datePublished\":\"2020-03-05T12:48:33+00:00\",\"dateModified\":\"2020-03-05T12:48:33+00:00\",\"author\":{\"@id\":\"https:\/\/kezilabdahajduszoboszlo.hu\/#\/schema\/person\/5ec50fcc18790ccded9abbc4a29d0336\"},\"breadcrumb\":{\"@id\":\"https:\/\/kezilabdahajduszoboszlo.hu\/?p=435#breadcrumb\"},\"inLanguage\":\"hu\",\"potentialAction\":[{\"@type\":\"ReadAction\",\"target\":[\"https:\/\/kezilabdahajduszoboszlo.hu\/?p=435\"]}]},{\"@type\":\"BreadcrumbList\",\"@id\":\"https:\/\/kezilabdahajduszoboszlo.hu\/?p=435#breadcrumb\",\"itemListElement\":[{\"@type\":\"ListItem\",\"position\":1,\"name\":\"Home\",\"item\":\"https:\/\/kezilabdahajduszoboszlo.hu\/\"},{\"@type\":\"ListItem\",\"position\":2,\"name\":\"Az U11-es \u00e9s U12-es bajnoks\u00e1gban is elkezd\u0151dtek a k\u00fczdelmek.\"}]},{\"@type\":\"WebSite\",\"@id\":\"https:\/\/kezilabdahajduszoboszlo.hu\/#website\",\"url\":\"https:\/\/kezilabdahajduszoboszlo.hu\/\",\"name\":\"K\u00e9zilabda Klub Hajd\u00faszoboszl\u00f3\",\"description\":\"\",\"potentialAction\":[{\"@type\":\"SearchAction\",\"target\":{\"@type\":\"EntryPoint\",\"urlTemplate\":\"https:\/\/kezilabdahajduszoboszlo.hu\/?s={search_term_string}\"},\"query-input\":\"required name=search_term_string\"}],\"inLanguage\":\"hu\"},{\"@type\":\"Person\",\"@id\":\"https:\/\/kezilabdahajduszoboszlo.hu\/#\/schema\/person\/5ec50fcc18790ccded9abbc4a29d0336\",\"name\":\"Kapusi Kriszti\u00e1n\",\"image\":{\"@type\":\"ImageObject\",\"inLanguage\":\"hu\",\"@id\":\"https:\/\/kezilabdahajduszoboszlo.hu\/#\/schema\/person\/image\/\",\"url\":\"https:\/\/secure.gravatar.com\/avatar\/3105527c52c6c13b3dacf30efd34a992?s=96&d=mm&r=g\",\"contentUrl\":\"https:\/\/secure.gravatar.com\/avatar\/3105527c52c6c13b3dacf30efd34a992?s=96&d=mm&r=g\",\"caption\":\"Kapusi Kriszti\u00e1n\"},\"sameAs\":[\"http:\/\/kezilabdahajduszoboszlo\"],\"url\":\"https:\/\/kezilabdahajduszoboszlo.hu\/?author=2\"}]}<\/script>\n<!-- \/ Yoast SEO plugin. -->","yoast_head_json":{"title":"Az U11-es \u00e9s U12-es bajnoks\u00e1gban is elkezd\u0151dtek a k\u00fczdelmek. - K\u00e9zilabda Klub Hajd\u00faszoboszl\u00f3","robots":{"index":"index","follow":"follow","max-snippet":"max-snippet:-1","max-image-preview":"max-image-preview:large","max-video-preview":"max-video-preview:-1"},"canonical":"https:\/\/kezilabdahajduszoboszlo.hu\/?p=435","og_locale":"hu_HU","og_type":"article","og_title":"Az U11-es \u00e9s U12-es bajnoks\u00e1gban is elkezd\u0151dtek a k\u00fczdelmek. - K\u00e9zilabda Klub Hajd\u00faszoboszl\u00f3","og_description":"Az elm\u00falt 2 h\u00e9tv\u00e9g\u00e9n az U11-es \u00e9s U12 csapatunk\u00e9rt szor\u00edthattak a csal\u00e1dtagok, ismer\u0151s\u00f6k, bar\u00e1tok, \u00e9s nem utols\u00f3sorban a szurkol\u00f3nk. 2020 febru\u00e1r 22. napj\u00e1n Tiszaf\u00fcreden m\u00e9rk\u0151z\u00f6tt meg az U12-es koroszt\u00e1ly a Ny\u00edradony \u00e9s Debrecen g\u00e1rd\u00e1ival. Az els\u0151 m\u00e9rk\u0151z\u00e9s edz\u0151m\u00e9rk\u0151z\u00e9ss\u00e9 avanzs\u00e1l\u00f3dott, mivel &hellip; Egy kattint\u00e1s ide a folytat\u00e1shoz.... &rarr;","og_url":"https:\/\/kezilabdahajduszoboszlo.hu\/?p=435","og_site_name":"K\u00e9zilabda Klub Hajd\u00faszoboszl\u00f3","article_published_time":"2020-03-05T12:48:33+00:00","og_image":[{"width":1080,"height":525,"url":"https:\/\/kezilabdahajduszoboszlo.hu\/wp-content\/uploads\/2020\/03\/87758329_1528640257260060_2858250200902795264_o.jpg","type":"image\/jpeg"}],"author":"Kapusi Kriszti\u00e1n","twitter_card":"summary_large_image","twitter_misc":{"Szerz\u0151:":"Kapusi Kriszti\u00e1n","Becs\u00fclt olvas\u00e1si id\u0151":"2 perc"},"schema":{"@context":"https:\/\/schema.org","@graph":[{"@type":"WebPage","@id":"https:\/\/kezilabdahajduszoboszlo.hu\/?p=435","url":"https:\/\/kezilabdahajduszoboszlo.hu\/?p=435","name":"Az U11-es \u00e9s U12-es bajnoks\u00e1gban is elkezd\u0151dtek a k\u00fczdelmek. - K\u00e9zilabda Klub Hajd\u00faszoboszl\u00f3","isPartOf":{"@id":"https:\/\/kezilabdahajduszoboszlo.hu\/#website"},"datePublished":"2020-03-05T12:48:33+00:00","dateModified":"2020-03-05T12:48:33+00:00","author":{"@id":"https:\/\/kezilabdahajduszoboszlo.hu\/#\/schema\/person\/5ec50fcc18790ccded9abbc4a29d0336"},"breadcrumb":{"@id":"https:\/\/kezilabdahajduszoboszlo.hu\/?p=435#breadcrumb"},"inLanguage":"hu","potentialAction":[{"@type":"ReadAction","target":["https:\/\/kezilabdahajduszoboszlo.hu\/?p=435"]}]},{"@type":"BreadcrumbList","@id":"https:\/\/kezilabdahajduszoboszlo.hu\/?p=435#breadcrumb","itemListElement":[{"@type":"ListItem","position":1,"name":"Home","item":"https:\/\/kezilabdahajduszoboszlo.hu\/"},{"@type":"ListItem","position":2,"name":"Az U11-es \u00e9s U12-es bajnoks\u00e1gban is elkezd\u0151dtek a k\u00fczdelmek."}]},{"@type":"WebSite","@id":"https:\/\/kezilabdahajduszoboszlo.hu\/#website","url":"https:\/\/kezilabdahajduszoboszlo.hu\/","name":"K\u00e9zilabda Klub Hajd\u00faszoboszl\u00f3","description":"","potentialAction":[{"@type":"SearchAction","target":{"@type":"EntryPoint","urlTemplate":"https:\/\/kezilabdahajduszoboszlo.hu\/?s={search_term_string}"},"query-input":"required name=search_term_string"}],"inLanguage":"hu"},{"@type":"Person","@id":"https:\/\/kezilabdahajduszoboszlo.hu\/#\/schema\/person\/5ec50fcc18790ccded9abbc4a29d0336","name":"Kapusi Kriszti\u00e1n","image":{"@type":"ImageObject","inLanguage":"hu","@id":"https:\/\/kezilabdahajduszoboszlo.hu\/#\/schema\/person\/image\/","url":"https:\/\/secure.gravatar.com\/avatar\/3105527c52c6c13b3dacf30efd34a992?s=96&d=mm&r=g","contentUrl":"https:\/\/secure.gravatar.com\/avatar\/3105527c52c6c13b3dacf30efd34a992?s=96&d=mm&r=g","caption":"Kapusi Kriszti\u00e1n"},"sameAs":["http:\/\/kezilabdahajduszoboszlo"],"url":"https:\/\/kezilabdahajduszoboszlo.hu\/?author=2"}]}},"_links":{"self":[{"href":"https:\/\/kezilabdahajduszoboszlo.hu\/index.php?rest_route=\/wp\/v2\/posts\/435"}],"collection":[{"href":"https:\/\/kezilabdahajduszoboszlo.hu\/index.php?rest_route=\/wp\/v2\/posts"}],"about":[{"href":"https:\/\/kezilabdahajduszoboszlo.hu\/index.php?rest_route=\/wp\/v2\/types\/post"}],"author":[{"embeddable":true,"href":"https:\/\/kezilabdahajduszoboszlo.hu\/index.php?rest_route=\/wp\/v2\/users\/2"}],"replies":[{"embeddable":true,"href":"https:\/\/kezilabdahajduszoboszlo.hu\/index.php?rest_route=%2Fwp%2Fv2%2Fcomments&post=435"}],"version-history":[{"count":1,"href":"https:\/\/kezilabdahajduszoboszlo.hu\/index.php?rest_route=\/wp\/v2\/posts\/435\/revisions"}],"predecessor-version":[{"id":438,"href":"https:\/\/kezilabdahajduszoboszlo.hu\/index.php?rest_route=\/wp\/v2\/posts\/435\/revisions\/438"}],"wp:featuredmedia":[{"embeddable":true,"href":"https:\/\/kezilabdahajduszoboszlo.hu\/index.php?rest_route=\/wp\/v2\/media\/437"}],"wp:attachment":[{"href":"https:\/\/kezilabdahajduszoboszlo.hu\/index.php?rest_route=%2Fwp%2Fv2%2Fmedia&parent=435"}],"wp:term":[{"taxonomy":"category","embeddable":true,"href":"https:\/\/kezilabdahajduszoboszlo.hu\/index.php?rest_route=%2Fwp%2Fv2%2Fcategories&post=435"},{"taxonomy":"post_tag","embeddable":true,"href":"https:\/\/kezilabdahajduszoboszlo.hu\/index.php?rest_route=%2Fwp%2Fv2%2Ftags&post=435"}],"curies":[{"name":"wp","href":"https:\/\/api.w.org\/{rel}","templated":true}]}}