{"id":496,"date":"2020-09-30T17:22:20","date_gmt":"2020-09-30T17:22:20","guid":{"rendered":"http:\/\/kezilabdahajduszoboszlo.hu\/?p=496"},"modified":"2020-09-30T17:22:20","modified_gmt":"2020-09-30T17:22:20","slug":"u13-as-szezonkezdet","status":"publish","type":"post","link":"https:\/\/kezilabdahajduszoboszlo.hu\/?p=496","title":{"rendered":"U13-as szezonkezdet"},"content":{"rendered":"<p>Egyes\u00fclet\u00fcnk U13-as csapata elkezdte a k\u00fczdelmeket a bajnoks\u00e1gban, a h\u00e9tv\u00e9gi fordul\u00f3 t\u00f6rt\u00e9n\u00e9seir\u0151l Horny\u00e1k Lajos vezet\u0151edz\u0151 sz\u00e1molt be:<\/p>\n<p>Hossz\u00fa kihagy\u00e1s ut\u00e1n az egy \u00e9vvel id\u0151sebbek k\u00f6z\u00f6tt ugyan, de v\u00e9gre bajnoki m\u00e9rk\u0151z\u00e9seket tudtunk j\u00e1tszani! Ebben a koroszt\u00e1lyban a tapasztalat szerz\u00e9s \u00e9s a m\u00e9rk\u0151z\u00e9ssz\u00e1m n\u00f6vel\u00e9se c\u00e9lj\u00e1b\u00f3l indultunk el! Nyilv\u00e1n az eredm\u00e9nyt illet\u0151en ebben a koroszt\u00e1lyban v\u00e9rmes rem\u00e9nyeink nem lehetnek de a fejl\u0151d\u00e9s\u00fcket nagym\u00e9rt\u00e9kben seg\u00edtheti! A h\u00e9tv\u00e9gi h\u0171en t\u00fckr\u00f6zte a jelenlegi tud\u00e1sszint\u00fcnket ebben a koroszt\u00e1lyban , pillanatnyilag minden apr\u00f3 l\u0151tt g\u00f3lnak ,\u00e9s egy -egy kiv\u00e9dekezett t\u00e1mad\u00e1snak is nagyon kell \u00f6r\u00fcln\u00fcnk !<\/p>\n<p>KKHSZ- BLKSE 4: 20<\/p>\n<p>KKHSZ- Kalm\u00e1r Dse ,B\u2019 8:15<\/p>\n<p>&nbsp;<\/p>\n<p><img loading=\"lazy\" decoding=\"async\" class=\"alignnone size-full wp-image-497\" src=\"http:\/\/kezilabdahajduszoboszlo.hu\/wp-content\/uploads\/2020\/09\/120200851_615289869154206_3649485784945821068_n.jpg\" alt=\"\" width=\"2048\" height=\"1536\" srcset=\"https:\/\/kezilabdahajduszoboszlo.hu\/wp-content\/uploads\/2020\/09\/120200851_615289869154206_3649485784945821068_n.jpg 2048w, https:\/\/kezilabdahajduszoboszlo.hu\/wp-content\/uploads\/2020\/09\/120200851_615289869154206_3649485784945821068_n-300x225.jpg 300w, https:\/\/kezilabdahajduszoboszlo.hu\/wp-content\/uploads\/2020\/09\/120200851_615289869154206_3649485784945821068_n-768x576.jpg 768w, https:\/\/kezilabdahajduszoboszlo.hu\/wp-content\/uploads\/2020\/09\/120200851_615289869154206_3649485784945821068_n-1024x768.jpg 1024w\" sizes=\"(max-width: 2048px) 100vw, 2048px\" \/> <img loading=\"lazy\" decoding=\"async\" class=\"alignnone size-full wp-image-498\" src=\"http:\/\/kezilabdahajduszoboszlo.hu\/wp-content\/uploads\/2020\/09\/120301490_254200962572295_2670724384242300304_n.jpg\" alt=\"\" width=\"1536\" height=\"2048\" srcset=\"https:\/\/kezilabdahajduszoboszlo.hu\/wp-content\/uploads\/2020\/09\/120301490_254200962572295_2670724384242300304_n.jpg 1536w, https:\/\/kezilabdahajduszoboszlo.hu\/wp-content\/uploads\/2020\/09\/120301490_254200962572295_2670724384242300304_n-225x300.jpg 225w, https:\/\/kezilabdahajduszoboszlo.hu\/wp-content\/uploads\/2020\/09\/120301490_254200962572295_2670724384242300304_n-768x1024.jpg 768w\" sizes=\"(max-width: 1536px) 100vw, 1536px\" \/><\/p>\n","protected":false},"excerpt":{"rendered":"<p>Egyes\u00fclet\u00fcnk U13-as csapata elkezdte a k\u00fczdelmeket a bajnoks\u00e1gban, a h\u00e9tv\u00e9gi fordul\u00f3 t\u00f6rt\u00e9n\u00e9seir\u0151l Horny\u00e1k Lajos vezet\u0151edz\u0151 sz\u00e1molt be: Hossz\u00fa kihagy\u00e1s ut\u00e1n az egy \u00e9vvel id\u0151sebbek k\u00f6z\u00f6tt ugyan, de v\u00e9gre bajnoki m\u00e9rk\u0151z\u00e9seket tudtunk j\u00e1tszani! Ebben a koroszt\u00e1lyban a tapasztalat szerz\u00e9s \u00e9s a &hellip; <a href=\"https:\/\/kezilabdahajduszoboszlo.hu\/?p=496\">Egy kattint\u00e1s ide a folytat\u00e1shoz&#8230;. <span class=\"meta-nav\">&rarr;<\/span><\/a><\/p>\n","protected":false},"author":2,"featured_media":497,"comment_status":"open","ping_status":"open","sticky":false,"template":"","format":"standard","meta":{"_monsterinsights_skip_tracking":false,"_monsterinsights_sitenote_active":false,"_monsterinsights_sitenote_note":"","_monsterinsights_sitenote_category":0,"footnotes":""},"categories":[5],"tags":[],"yoast_head":"<!-- This site is optimized with the Yoast SEO plugin v21.8.1 - https:\/\/yoast.com\/wordpress\/plugins\/seo\/ -->\n<title>U13-as szezonkezdet - K\u00e9zilabda Klub Hajd\u00faszoboszl\u00f3<\/title>\n<meta name=\"robots\" content=\"index, follow, max-snippet:-1, max-image-preview:large, max-video-preview:-1\" \/>\n<link rel=\"canonical\" href=\"https:\/\/kezilabdahajduszoboszlo.hu\/?p=496\" \/>\n<meta property=\"og:locale\" content=\"hu_HU\" \/>\n<meta property=\"og:type\" content=\"article\" \/>\n<meta property=\"og:title\" content=\"U13-as szezonkezdet - K\u00e9zilabda Klub Hajd\u00faszoboszl\u00f3\" \/>\n<meta property=\"og:description\" content=\"Egyes\u00fclet\u00fcnk U13-as csapata elkezdte a k\u00fczdelmeket a bajnoks\u00e1gban, a h\u00e9tv\u00e9gi fordul\u00f3 t\u00f6rt\u00e9n\u00e9seir\u0151l Horny\u00e1k Lajos vezet\u0151edz\u0151 sz\u00e1molt be: Hossz\u00fa kihagy\u00e1s ut\u00e1n az egy \u00e9vvel id\u0151sebbek k\u00f6z\u00f6tt ugyan, de v\u00e9gre bajnoki m\u00e9rk\u0151z\u00e9seket tudtunk j\u00e1tszani! Ebben a koroszt\u00e1lyban a tapasztalat szerz\u00e9s \u00e9s a &hellip; Egy kattint\u00e1s ide a folytat\u00e1shoz.... &rarr;\" \/>\n<meta property=\"og:url\" content=\"https:\/\/kezilabdahajduszoboszlo.hu\/?p=496\" \/>\n<meta property=\"og:site_name\" content=\"K\u00e9zilabda Klub Hajd\u00faszoboszl\u00f3\" \/>\n<meta property=\"article:published_time\" content=\"2020-09-30T17:22:20+00:00\" \/>\n<meta property=\"og:image\" content=\"https:\/\/kezilabdahajduszoboszlo.hu\/wp-content\/uploads\/2020\/09\/120200851_615289869154206_3649485784945821068_n.jpg\" \/>\n\t<meta property=\"og:image:width\" content=\"2048\" \/>\n\t<meta property=\"og:image:height\" content=\"1536\" \/>\n\t<meta property=\"og:image:type\" content=\"image\/jpeg\" \/>\n<meta name=\"author\" content=\"Kapusi Kriszti\u00e1n\" \/>\n<meta name=\"twitter:card\" content=\"summary_large_image\" \/>\n<meta name=\"twitter:label1\" content=\"Szerz\u0151:\" \/>\n\t<meta name=\"twitter:data1\" content=\"Kapusi Kriszti\u00e1n\" \/>\n\t<meta name=\"twitter:label2\" content=\"Becs\u00fclt olvas\u00e1si id\u0151\" \/>\n\t<meta name=\"twitter:data2\" content=\"1 perc\" \/>\n<script type=\"application\/ld+json\" class=\"yoast-schema-graph\">{\"@context\":\"https:\/\/schema.org\",\"@graph\":[{\"@type\":\"WebPage\",\"@id\":\"https:\/\/kezilabdahajduszoboszlo.hu\/?p=496\",\"url\":\"https:\/\/kezilabdahajduszoboszlo.hu\/?p=496\",\"name\":\"U13-as szezonkezdet - K\u00e9zilabda Klub Hajd\u00faszoboszl\u00f3\",\"isPartOf\":{\"@id\":\"https:\/\/kezilabdahajduszoboszlo.hu\/#website\"},\"datePublished\":\"2020-09-30T17:22:20+00:00\",\"dateModified\":\"2020-09-30T17:22:20+00:00\",\"author\":{\"@id\":\"https:\/\/kezilabdahajduszoboszlo.hu\/#\/schema\/person\/5ec50fcc18790ccded9abbc4a29d0336\"},\"breadcrumb\":{\"@id\":\"https:\/\/kezilabdahajduszoboszlo.hu\/?p=496#breadcrumb\"},\"inLanguage\":\"hu\",\"potentialAction\":[{\"@type\":\"ReadAction\",\"target\":[\"https:\/\/kezilabdahajduszoboszlo.hu\/?p=496\"]}]},{\"@type\":\"BreadcrumbList\",\"@id\":\"https:\/\/kezilabdahajduszoboszlo.hu\/?p=496#breadcrumb\",\"itemListElement\":[{\"@type\":\"ListItem\",\"position\":1,\"name\":\"Home\",\"item\":\"https:\/\/kezilabdahajduszoboszlo.hu\/\"},{\"@type\":\"ListItem\",\"position\":2,\"name\":\"U13-as szezonkezdet\"}]},{\"@type\":\"WebSite\",\"@id\":\"https:\/\/kezilabdahajduszoboszlo.hu\/#website\",\"url\":\"https:\/\/kezilabdahajduszoboszlo.hu\/\",\"name\":\"K\u00e9zilabda Klub Hajd\u00faszoboszl\u00f3\",\"description\":\"\",\"potentialAction\":[{\"@type\":\"SearchAction\",\"target\":{\"@type\":\"EntryPoint\",\"urlTemplate\":\"https:\/\/kezilabdahajduszoboszlo.hu\/?s={search_term_string}\"},\"query-input\":\"required name=search_term_string\"}],\"inLanguage\":\"hu\"},{\"@type\":\"Person\",\"@id\":\"https:\/\/kezilabdahajduszoboszlo.hu\/#\/schema\/person\/5ec50fcc18790ccded9abbc4a29d0336\",\"name\":\"Kapusi Kriszti\u00e1n\",\"image\":{\"@type\":\"ImageObject\",\"inLanguage\":\"hu\",\"@id\":\"https:\/\/kezilabdahajduszoboszlo.hu\/#\/schema\/person\/image\/\",\"url\":\"https:\/\/secure.gravatar.com\/avatar\/3105527c52c6c13b3dacf30efd34a992?s=96&d=mm&r=g\",\"contentUrl\":\"https:\/\/secure.gravatar.com\/avatar\/3105527c52c6c13b3dacf30efd34a992?s=96&d=mm&r=g\",\"caption\":\"Kapusi Kriszti\u00e1n\"},\"sameAs\":[\"http:\/\/kezilabdahajduszoboszlo\"],\"url\":\"https:\/\/kezilabdahajduszoboszlo.hu\/?author=2\"}]}<\/script>\n<!-- \/ Yoast SEO plugin. -->","yoast_head_json":{"title":"U13-as szezonkezdet - K\u00e9zilabda Klub Hajd\u00faszoboszl\u00f3","robots":{"index":"index","follow":"follow","max-snippet":"max-snippet:-1","max-image-preview":"max-image-preview:large","max-video-preview":"max-video-preview:-1"},"canonical":"https:\/\/kezilabdahajduszoboszlo.hu\/?p=496","og_locale":"hu_HU","og_type":"article","og_title":"U13-as szezonkezdet - K\u00e9zilabda Klub Hajd\u00faszoboszl\u00f3","og_description":"Egyes\u00fclet\u00fcnk U13-as csapata elkezdte a k\u00fczdelmeket a bajnoks\u00e1gban, a h\u00e9tv\u00e9gi fordul\u00f3 t\u00f6rt\u00e9n\u00e9seir\u0151l Horny\u00e1k Lajos vezet\u0151edz\u0151 sz\u00e1molt be: Hossz\u00fa kihagy\u00e1s ut\u00e1n az egy \u00e9vvel id\u0151sebbek k\u00f6z\u00f6tt ugyan, de v\u00e9gre bajnoki m\u00e9rk\u0151z\u00e9seket tudtunk j\u00e1tszani! Ebben a koroszt\u00e1lyban a tapasztalat szerz\u00e9s \u00e9s a &hellip; Egy kattint\u00e1s ide a folytat\u00e1shoz.... &rarr;","og_url":"https:\/\/kezilabdahajduszoboszlo.hu\/?p=496","og_site_name":"K\u00e9zilabda Klub Hajd\u00faszoboszl\u00f3","article_published_time":"2020-09-30T17:22:20+00:00","og_image":[{"width":2048,"height":1536,"url":"https:\/\/kezilabdahajduszoboszlo.hu\/wp-content\/uploads\/2020\/09\/120200851_615289869154206_3649485784945821068_n.jpg","type":"image\/jpeg"}],"author":"Kapusi Kriszti\u00e1n","twitter_card":"summary_large_image","twitter_misc":{"Szerz\u0151:":"Kapusi Kriszti\u00e1n","Becs\u00fclt olvas\u00e1si id\u0151":"1 perc"},"schema":{"@context":"https:\/\/schema.org","@graph":[{"@type":"WebPage","@id":"https:\/\/kezilabdahajduszoboszlo.hu\/?p=496","url":"https:\/\/kezilabdahajduszoboszlo.hu\/?p=496","name":"U13-as szezonkezdet - K\u00e9zilabda Klub Hajd\u00faszoboszl\u00f3","isPartOf":{"@id":"https:\/\/kezilabdahajduszoboszlo.hu\/#website"},"datePublished":"2020-09-30T17:22:20+00:00","dateModified":"2020-09-30T17:22:20+00:00","author":{"@id":"https:\/\/kezilabdahajduszoboszlo.hu\/#\/schema\/person\/5ec50fcc18790ccded9abbc4a29d0336"},"breadcrumb":{"@id":"https:\/\/kezilabdahajduszoboszlo.hu\/?p=496#breadcrumb"},"inLanguage":"hu","potentialAction":[{"@type":"ReadAction","target":["https:\/\/kezilabdahajduszoboszlo.hu\/?p=496"]}]},{"@type":"BreadcrumbList","@id":"https:\/\/kezilabdahajduszoboszlo.hu\/?p=496#breadcrumb","itemListElement":[{"@type":"ListItem","position":1,"name":"Home","item":"https:\/\/kezilabdahajduszoboszlo.hu\/"},{"@type":"ListItem","position":2,"name":"U13-as szezonkezdet"}]},{"@type":"WebSite","@id":"https:\/\/kezilabdahajduszoboszlo.hu\/#website","url":"https:\/\/kezilabdahajduszoboszlo.hu\/","name":"K\u00e9zilabda Klub Hajd\u00faszoboszl\u00f3","description":"","potentialAction":[{"@type":"SearchAction","target":{"@type":"EntryPoint","urlTemplate":"https:\/\/kezilabdahajduszoboszlo.hu\/?s={search_term_string}"},"query-input":"required name=search_term_string"}],"inLanguage":"hu"},{"@type":"Person","@id":"https:\/\/kezilabdahajduszoboszlo.hu\/#\/schema\/person\/5ec50fcc18790ccded9abbc4a29d0336","name":"Kapusi Kriszti\u00e1n","image":{"@type":"ImageObject","inLanguage":"hu","@id":"https:\/\/kezilabdahajduszoboszlo.hu\/#\/schema\/person\/image\/","url":"https:\/\/secure.gravatar.com\/avatar\/3105527c52c6c13b3dacf30efd34a992?s=96&d=mm&r=g","contentUrl":"https:\/\/secure.gravatar.com\/avatar\/3105527c52c6c13b3dacf30efd34a992?s=96&d=mm&r=g","caption":"Kapusi Kriszti\u00e1n"},"sameAs":["http:\/\/kezilabdahajduszoboszlo"],"url":"https:\/\/kezilabdahajduszoboszlo.hu\/?author=2"}]}},"_links":{"self":[{"href":"https:\/\/kezilabdahajduszoboszlo.hu\/index.php?rest_route=\/wp\/v2\/posts\/496"}],"collection":[{"href":"https:\/\/kezilabdahajduszoboszlo.hu\/index.php?rest_route=\/wp\/v2\/posts"}],"about":[{"href":"https:\/\/kezilabdahajduszoboszlo.hu\/index.php?rest_route=\/wp\/v2\/types\/post"}],"author":[{"embeddable":true,"href":"https:\/\/kezilabdahajduszoboszlo.hu\/index.php?rest_route=\/wp\/v2\/users\/2"}],"replies":[{"embeddable":true,"href":"https:\/\/kezilabdahajduszoboszlo.hu\/index.php?rest_route=%2Fwp%2Fv2%2Fcomments&post=496"}],"version-history":[{"count":1,"href":"https:\/\/kezilabdahajduszoboszlo.hu\/index.php?rest_route=\/wp\/v2\/posts\/496\/revisions"}],"predecessor-version":[{"id":499,"href":"https:\/\/kezilabdahajduszoboszlo.hu\/index.php?rest_route=\/wp\/v2\/posts\/496\/revisions\/499"}],"wp:featuredmedia":[{"embeddable":true,"href":"https:\/\/kezilabdahajduszoboszlo.hu\/index.php?rest_route=\/wp\/v2\/media\/497"}],"wp:attachment":[{"href":"https:\/\/kezilabdahajduszoboszlo.hu\/index.php?rest_route=%2Fwp%2Fv2%2Fmedia&parent=496"}],"wp:term":[{"taxonomy":"category","embeddable":true,"href":"https:\/\/kezilabdahajduszoboszlo.hu\/index.php?rest_route=%2Fwp%2Fv2%2Fcategories&post=496"},{"taxonomy":"post_tag","embeddable":true,"href":"https:\/\/kezilabdahajduszoboszlo.hu\/index.php?rest_route=%2Fwp%2Fv2%2Ftags&post=496"}],"curies":[{"name":"wp","href":"https:\/\/api.w.org\/{rel}","templated":true}]}}