{"id":578,"date":"2021-03-04T14:28:24","date_gmt":"2021-03-04T14:28:24","guid":{"rendered":"http:\/\/kezilabdahajduszoboszlo.hu\/?p=578"},"modified":"2021-03-04T14:28:24","modified_gmt":"2021-03-04T14:28:24","slug":"fordulok-az-u14-es-korosztalyban","status":"publish","type":"post","link":"https:\/\/kezilabdahajduszoboszlo.hu\/?p=578","title":{"rendered":"Fordul\u00f3k az u14-es koroszt\u00e1lyban"},"content":{"rendered":"<p>Az elm\u00falt hetekben 2 fordul\u00f3t is rendeztek az U14-es kroroszt\u00e1lyban, ezekr\u0151l N\u00e9methn\u00e9 Bana anik\u00f3 sz\u00e1molt be:<\/p>\n<p>Febru\u00e1rban megkezd\u0151d\u00f6tt a U14-es csapat, 2021\/22-es szezon tavaszi fordul\u00f3ja. Febru\u00e1r 13.-\u00e1n Karcagra l\u00e1togattunk el, ahol K\u00f6r\u00f6starcsa \u00e9s T\u00f6r\u00f6kszentmikl\u00f3s ellenfelei lehett\u00fcnk. A csapatokon l\u00e1tszott, hogy a pand\u00e9mi\u00e1s helyzet miatt r\u00e9g l\u00e9pt\u00fcnk p\u00e1ly\u00e1ra. M\u00e9rk\u0151z\u00e9seken kev\u00e9s g\u00f3l sz\u00fcletett, technikai hib\u00e1k jellemezt\u00e9k a m\u00e9rk\u0151z\u00e9seket. Viszont a gy\u0151zni akar\u00e1s felt\u00e1madt a l\u00e1nyokban, szoros izgalmas v\u00e9ghajr\u00e1k meghozt\u00e1k az edz\u00e9sek gy\u00fcm\u00f6lcs\u00e9t.<\/p>\n<p>K\u00f6r\u00f6starcsa-KKHSZ 13:15<\/p>\n<p>T\u00f6r\u00f6kszentmikl\u00f3s-KKHSZ 15:15<\/p>\n<p>A legut\u00f3bbi h\u00e9tv\u00e9g\u00e9n h\u00e9tv\u00e9g\u00e9n Beretty\u00f3\u00fajfaluban tartott\u00e1k a soron k\u00f6vetkez\u0151 bajnoki fordul\u00f3kat,az U14-es csoprtunkban. Beretty\u00f3\u00fajfalu \u00e9s Karcag csapata ellenfelei voltunk. Sajnos nem siker\u00fclt az el\u0151z\u0151 fordul\u00f3 lend\u00fclet\u00e9t felvenni. A k\u00e9t csapat ellen hamar el\u0151j\u00f6ttek a hi\u00e1nyoss\u00e1gok, a lend\u00fclet hi\u00e1nya \u00e9s a gy\u0151zni akar\u00e1s. Az els\u0151 m\u00e9rk\u0151z\u00e9sen a kapusunk les\u00e9r\u00fclt, \u00edgy \u00e1t kellett forgatni a csapatot. Kev\u00e9s j\u00e1t\u00e9kossal tudtunk elmenni a m\u00e9rk\u0151z\u00e9sekre, ez\u00e9rt hamar elf\u00e1radtunk az ellenfeleink sor cser\u00e9j\u00e9vel szemben. Sajnos 2 veres\u00e9ggel t\u00e9rt\u00fcnk haza. Innen is gyors fel\u00e9p\u00fcl\u00e9st k\u00edv\u00e1nok a kapusunknak, T\u00f3th Hann\u00e1nak. KKHSZ-Beretty\u00f3\u00fajfalu 10:15<\/p>\n<p>Karcag S\u00fct\u0151 K\u00e9zi: KKHSZ 24:12<\/p>\n<p><img loading=\"lazy\" decoding=\"async\" class=\"alignnone size-full wp-image-580\" src=\"http:\/\/kezilabdahajduszoboszlo.hu\/wp-content\/uploads\/2021\/03\/155444221_217828370092709_8626247708447541593_n.jpg\" alt=\"\" width=\"864\" height=\"648\" srcset=\"https:\/\/kezilabdahajduszoboszlo.hu\/wp-content\/uploads\/2021\/03\/155444221_217828370092709_8626247708447541593_n.jpg 864w, https:\/\/kezilabdahajduszoboszlo.hu\/wp-content\/uploads\/2021\/03\/155444221_217828370092709_8626247708447541593_n-300x225.jpg 300w, https:\/\/kezilabdahajduszoboszlo.hu\/wp-content\/uploads\/2021\/03\/155444221_217828370092709_8626247708447541593_n-768x576.jpg 768w\" sizes=\"(max-width: 864px) 100vw, 864px\" \/> <img loading=\"lazy\" decoding=\"async\" class=\"alignnone size-full wp-image-579\" src=\"http:\/\/kezilabdahajduszoboszlo.hu\/wp-content\/uploads\/2021\/03\/156426013_769102073982005_6968236364853323246_n.jpg\" alt=\"\" width=\"867\" height=\"651\" srcset=\"https:\/\/kezilabdahajduszoboszlo.hu\/wp-content\/uploads\/2021\/03\/156426013_769102073982005_6968236364853323246_n.jpg 867w, https:\/\/kezilabdahajduszoboszlo.hu\/wp-content\/uploads\/2021\/03\/156426013_769102073982005_6968236364853323246_n-300x225.jpg 300w, https:\/\/kezilabdahajduszoboszlo.hu\/wp-content\/uploads\/2021\/03\/156426013_769102073982005_6968236364853323246_n-768x577.jpg 768w\" sizes=\"(max-width: 867px) 100vw, 867px\" \/> <img loading=\"lazy\" decoding=\"async\" class=\"alignnone size-full wp-image-581\" src=\"http:\/\/kezilabdahajduszoboszlo.hu\/wp-content\/uploads\/2021\/03\/155474628_438397494255000_389652123879681117_n.jpg\" alt=\"\" width=\"916\" height=\"701\" srcset=\"https:\/\/kezilabdahajduszoboszlo.hu\/wp-content\/uploads\/2021\/03\/155474628_438397494255000_389652123879681117_n.jpg 916w, https:\/\/kezilabdahajduszoboszlo.hu\/wp-content\/uploads\/2021\/03\/155474628_438397494255000_389652123879681117_n-300x230.jpg 300w, https:\/\/kezilabdahajduszoboszlo.hu\/wp-content\/uploads\/2021\/03\/155474628_438397494255000_389652123879681117_n-768x588.jpg 768w\" sizes=\"(max-width: 916px) 100vw, 916px\" \/><\/p>\n<p>&nbsp;<\/p>\n","protected":false},"excerpt":{"rendered":"<p>Az elm\u00falt hetekben 2 fordul\u00f3t is rendeztek az U14-es kroroszt\u00e1lyban, ezekr\u0151l N\u00e9methn\u00e9 Bana anik\u00f3 sz\u00e1molt be: Febru\u00e1rban megkezd\u0151d\u00f6tt a U14-es csapat, 2021\/22-es szezon tavaszi fordul\u00f3ja. Febru\u00e1r 13.-\u00e1n Karcagra l\u00e1togattunk el, ahol K\u00f6r\u00f6starcsa \u00e9s T\u00f6r\u00f6kszentmikl\u00f3s ellenfelei lehett\u00fcnk. A csapatokon l\u00e1tszott, hogy &hellip; <a href=\"https:\/\/kezilabdahajduszoboszlo.hu\/?p=578\">Egy kattint\u00e1s ide a folytat\u00e1shoz&#8230;. <span class=\"meta-nav\">&rarr;<\/span><\/a><\/p>\n","protected":false},"author":2,"featured_media":581,"comment_status":"open","ping_status":"open","sticky":false,"template":"","format":"standard","meta":{"_monsterinsights_skip_tracking":false,"_monsterinsights_sitenote_active":false,"_monsterinsights_sitenote_note":"","_monsterinsights_sitenote_category":0,"footnotes":""},"categories":[5],"tags":[],"yoast_head":"<!-- This site is optimized with the Yoast SEO plugin v21.8.1 - https:\/\/yoast.com\/wordpress\/plugins\/seo\/ -->\n<title>Fordul\u00f3k az u14-es koroszt\u00e1lyban - K\u00e9zilabda Klub Hajd\u00faszoboszl\u00f3<\/title>\n<meta name=\"robots\" content=\"index, follow, max-snippet:-1, max-image-preview:large, max-video-preview:-1\" \/>\n<link rel=\"canonical\" href=\"https:\/\/kezilabdahajduszoboszlo.hu\/?p=578\" \/>\n<meta property=\"og:locale\" content=\"hu_HU\" \/>\n<meta property=\"og:type\" content=\"article\" \/>\n<meta property=\"og:title\" content=\"Fordul\u00f3k az u14-es koroszt\u00e1lyban - K\u00e9zilabda Klub Hajd\u00faszoboszl\u00f3\" \/>\n<meta property=\"og:description\" content=\"Az elm\u00falt hetekben 2 fordul\u00f3t is rendeztek az U14-es kroroszt\u00e1lyban, ezekr\u0151l N\u00e9methn\u00e9 Bana anik\u00f3 sz\u00e1molt be: Febru\u00e1rban megkezd\u0151d\u00f6tt a U14-es csapat, 2021\/22-es szezon tavaszi fordul\u00f3ja. Febru\u00e1r 13.-\u00e1n Karcagra l\u00e1togattunk el, ahol K\u00f6r\u00f6starcsa \u00e9s T\u00f6r\u00f6kszentmikl\u00f3s ellenfelei lehett\u00fcnk. A csapatokon l\u00e1tszott, hogy &hellip; Egy kattint\u00e1s ide a folytat\u00e1shoz.... &rarr;\" \/>\n<meta property=\"og:url\" content=\"https:\/\/kezilabdahajduszoboszlo.hu\/?p=578\" \/>\n<meta property=\"og:site_name\" content=\"K\u00e9zilabda Klub Hajd\u00faszoboszl\u00f3\" \/>\n<meta property=\"article:published_time\" content=\"2021-03-04T14:28:24+00:00\" \/>\n<meta property=\"og:image\" content=\"https:\/\/kezilabdahajduszoboszlo.hu\/wp-content\/uploads\/2021\/03\/155474628_438397494255000_389652123879681117_n.jpg\" \/>\n\t<meta property=\"og:image:width\" content=\"916\" \/>\n\t<meta property=\"og:image:height\" content=\"701\" \/>\n\t<meta property=\"og:image:type\" content=\"image\/jpeg\" \/>\n<meta name=\"author\" content=\"Kapusi Kriszti\u00e1n\" \/>\n<meta name=\"twitter:card\" content=\"summary_large_image\" \/>\n<meta name=\"twitter:label1\" content=\"Szerz\u0151:\" \/>\n\t<meta name=\"twitter:data1\" content=\"Kapusi Kriszti\u00e1n\" \/>\n\t<meta name=\"twitter:label2\" content=\"Becs\u00fclt olvas\u00e1si id\u0151\" \/>\n\t<meta name=\"twitter:data2\" content=\"1 perc\" \/>\n<script type=\"application\/ld+json\" class=\"yoast-schema-graph\">{\"@context\":\"https:\/\/schema.org\",\"@graph\":[{\"@type\":\"WebPage\",\"@id\":\"https:\/\/kezilabdahajduszoboszlo.hu\/?p=578\",\"url\":\"https:\/\/kezilabdahajduszoboszlo.hu\/?p=578\",\"name\":\"Fordul\u00f3k az u14-es koroszt\u00e1lyban - K\u00e9zilabda Klub Hajd\u00faszoboszl\u00f3\",\"isPartOf\":{\"@id\":\"https:\/\/kezilabdahajduszoboszlo.hu\/#website\"},\"datePublished\":\"2021-03-04T14:28:24+00:00\",\"dateModified\":\"2021-03-04T14:28:24+00:00\",\"author\":{\"@id\":\"https:\/\/kezilabdahajduszoboszlo.hu\/#\/schema\/person\/5ec50fcc18790ccded9abbc4a29d0336\"},\"breadcrumb\":{\"@id\":\"https:\/\/kezilabdahajduszoboszlo.hu\/?p=578#breadcrumb\"},\"inLanguage\":\"hu\",\"potentialAction\":[{\"@type\":\"ReadAction\",\"target\":[\"https:\/\/kezilabdahajduszoboszlo.hu\/?p=578\"]}]},{\"@type\":\"BreadcrumbList\",\"@id\":\"https:\/\/kezilabdahajduszoboszlo.hu\/?p=578#breadcrumb\",\"itemListElement\":[{\"@type\":\"ListItem\",\"position\":1,\"name\":\"Home\",\"item\":\"https:\/\/kezilabdahajduszoboszlo.hu\/\"},{\"@type\":\"ListItem\",\"position\":2,\"name\":\"Fordul\u00f3k az u14-es koroszt\u00e1lyban\"}]},{\"@type\":\"WebSite\",\"@id\":\"https:\/\/kezilabdahajduszoboszlo.hu\/#website\",\"url\":\"https:\/\/kezilabdahajduszoboszlo.hu\/\",\"name\":\"K\u00e9zilabda Klub Hajd\u00faszoboszl\u00f3\",\"description\":\"\",\"potentialAction\":[{\"@type\":\"SearchAction\",\"target\":{\"@type\":\"EntryPoint\",\"urlTemplate\":\"https:\/\/kezilabdahajduszoboszlo.hu\/?s={search_term_string}\"},\"query-input\":\"required name=search_term_string\"}],\"inLanguage\":\"hu\"},{\"@type\":\"Person\",\"@id\":\"https:\/\/kezilabdahajduszoboszlo.hu\/#\/schema\/person\/5ec50fcc18790ccded9abbc4a29d0336\",\"name\":\"Kapusi Kriszti\u00e1n\",\"image\":{\"@type\":\"ImageObject\",\"inLanguage\":\"hu\",\"@id\":\"https:\/\/kezilabdahajduszoboszlo.hu\/#\/schema\/person\/image\/\",\"url\":\"https:\/\/secure.gravatar.com\/avatar\/3105527c52c6c13b3dacf30efd34a992?s=96&d=mm&r=g\",\"contentUrl\":\"https:\/\/secure.gravatar.com\/avatar\/3105527c52c6c13b3dacf30efd34a992?s=96&d=mm&r=g\",\"caption\":\"Kapusi Kriszti\u00e1n\"},\"sameAs\":[\"http:\/\/kezilabdahajduszoboszlo\"],\"url\":\"https:\/\/kezilabdahajduszoboszlo.hu\/?author=2\"}]}<\/script>\n<!-- \/ Yoast SEO plugin. -->","yoast_head_json":{"title":"Fordul\u00f3k az u14-es koroszt\u00e1lyban - K\u00e9zilabda Klub Hajd\u00faszoboszl\u00f3","robots":{"index":"index","follow":"follow","max-snippet":"max-snippet:-1","max-image-preview":"max-image-preview:large","max-video-preview":"max-video-preview:-1"},"canonical":"https:\/\/kezilabdahajduszoboszlo.hu\/?p=578","og_locale":"hu_HU","og_type":"article","og_title":"Fordul\u00f3k az u14-es koroszt\u00e1lyban - K\u00e9zilabda Klub Hajd\u00faszoboszl\u00f3","og_description":"Az elm\u00falt hetekben 2 fordul\u00f3t is rendeztek az U14-es kroroszt\u00e1lyban, ezekr\u0151l N\u00e9methn\u00e9 Bana anik\u00f3 sz\u00e1molt be: Febru\u00e1rban megkezd\u0151d\u00f6tt a U14-es csapat, 2021\/22-es szezon tavaszi fordul\u00f3ja. Febru\u00e1r 13.-\u00e1n Karcagra l\u00e1togattunk el, ahol K\u00f6r\u00f6starcsa \u00e9s T\u00f6r\u00f6kszentmikl\u00f3s ellenfelei lehett\u00fcnk. A csapatokon l\u00e1tszott, hogy &hellip; Egy kattint\u00e1s ide a folytat\u00e1shoz.... &rarr;","og_url":"https:\/\/kezilabdahajduszoboszlo.hu\/?p=578","og_site_name":"K\u00e9zilabda Klub Hajd\u00faszoboszl\u00f3","article_published_time":"2021-03-04T14:28:24+00:00","og_image":[{"width":916,"height":701,"url":"https:\/\/kezilabdahajduszoboszlo.hu\/wp-content\/uploads\/2021\/03\/155474628_438397494255000_389652123879681117_n.jpg","type":"image\/jpeg"}],"author":"Kapusi Kriszti\u00e1n","twitter_card":"summary_large_image","twitter_misc":{"Szerz\u0151:":"Kapusi Kriszti\u00e1n","Becs\u00fclt olvas\u00e1si id\u0151":"1 perc"},"schema":{"@context":"https:\/\/schema.org","@graph":[{"@type":"WebPage","@id":"https:\/\/kezilabdahajduszoboszlo.hu\/?p=578","url":"https:\/\/kezilabdahajduszoboszlo.hu\/?p=578","name":"Fordul\u00f3k az u14-es koroszt\u00e1lyban - K\u00e9zilabda Klub Hajd\u00faszoboszl\u00f3","isPartOf":{"@id":"https:\/\/kezilabdahajduszoboszlo.hu\/#website"},"datePublished":"2021-03-04T14:28:24+00:00","dateModified":"2021-03-04T14:28:24+00:00","author":{"@id":"https:\/\/kezilabdahajduszoboszlo.hu\/#\/schema\/person\/5ec50fcc18790ccded9abbc4a29d0336"},"breadcrumb":{"@id":"https:\/\/kezilabdahajduszoboszlo.hu\/?p=578#breadcrumb"},"inLanguage":"hu","potentialAction":[{"@type":"ReadAction","target":["https:\/\/kezilabdahajduszoboszlo.hu\/?p=578"]}]},{"@type":"BreadcrumbList","@id":"https:\/\/kezilabdahajduszoboszlo.hu\/?p=578#breadcrumb","itemListElement":[{"@type":"ListItem","position":1,"name":"Home","item":"https:\/\/kezilabdahajduszoboszlo.hu\/"},{"@type":"ListItem","position":2,"name":"Fordul\u00f3k az u14-es koroszt\u00e1lyban"}]},{"@type":"WebSite","@id":"https:\/\/kezilabdahajduszoboszlo.hu\/#website","url":"https:\/\/kezilabdahajduszoboszlo.hu\/","name":"K\u00e9zilabda Klub Hajd\u00faszoboszl\u00f3","description":"","potentialAction":[{"@type":"SearchAction","target":{"@type":"EntryPoint","urlTemplate":"https:\/\/kezilabdahajduszoboszlo.hu\/?s={search_term_string}"},"query-input":"required name=search_term_string"}],"inLanguage":"hu"},{"@type":"Person","@id":"https:\/\/kezilabdahajduszoboszlo.hu\/#\/schema\/person\/5ec50fcc18790ccded9abbc4a29d0336","name":"Kapusi Kriszti\u00e1n","image":{"@type":"ImageObject","inLanguage":"hu","@id":"https:\/\/kezilabdahajduszoboszlo.hu\/#\/schema\/person\/image\/","url":"https:\/\/secure.gravatar.com\/avatar\/3105527c52c6c13b3dacf30efd34a992?s=96&d=mm&r=g","contentUrl":"https:\/\/secure.gravatar.com\/avatar\/3105527c52c6c13b3dacf30efd34a992?s=96&d=mm&r=g","caption":"Kapusi Kriszti\u00e1n"},"sameAs":["http:\/\/kezilabdahajduszoboszlo"],"url":"https:\/\/kezilabdahajduszoboszlo.hu\/?author=2"}]}},"_links":{"self":[{"href":"https:\/\/kezilabdahajduszoboszlo.hu\/index.php?rest_route=\/wp\/v2\/posts\/578"}],"collection":[{"href":"https:\/\/kezilabdahajduszoboszlo.hu\/index.php?rest_route=\/wp\/v2\/posts"}],"about":[{"href":"https:\/\/kezilabdahajduszoboszlo.hu\/index.php?rest_route=\/wp\/v2\/types\/post"}],"author":[{"embeddable":true,"href":"https:\/\/kezilabdahajduszoboszlo.hu\/index.php?rest_route=\/wp\/v2\/users\/2"}],"replies":[{"embeddable":true,"href":"https:\/\/kezilabdahajduszoboszlo.hu\/index.php?rest_route=%2Fwp%2Fv2%2Fcomments&post=578"}],"version-history":[{"count":1,"href":"https:\/\/kezilabdahajduszoboszlo.hu\/index.php?rest_route=\/wp\/v2\/posts\/578\/revisions"}],"predecessor-version":[{"id":582,"href":"https:\/\/kezilabdahajduszoboszlo.hu\/index.php?rest_route=\/wp\/v2\/posts\/578\/revisions\/582"}],"wp:featuredmedia":[{"embeddable":true,"href":"https:\/\/kezilabdahajduszoboszlo.hu\/index.php?rest_route=\/wp\/v2\/media\/581"}],"wp:attachment":[{"href":"https:\/\/kezilabdahajduszoboszlo.hu\/index.php?rest_route=%2Fwp%2Fv2%2Fmedia&parent=578"}],"wp:term":[{"taxonomy":"category","embeddable":true,"href":"https:\/\/kezilabdahajduszoboszlo.hu\/index.php?rest_route=%2Fwp%2Fv2%2Fcategories&post=578"},{"taxonomy":"post_tag","embeddable":true,"href":"https:\/\/kezilabdahajduszoboszlo.hu\/index.php?rest_route=%2Fwp%2Fv2%2Ftags&post=578"}],"curies":[{"name":"wp","href":"https:\/\/api.w.org\/{rel}","templated":true}]}}