{"id":658,"date":"2021-08-09T10:46:04","date_gmt":"2021-08-09T10:46:04","guid":{"rendered":"http:\/\/kezilabdahajduszoboszlo.hu\/?p=658"},"modified":"2021-08-09T15:00:32","modified_gmt":"2021-08-09T15:00:32","slug":"ujbol-palyan-az-ifjusag","status":"publish","type":"post","link":"https:\/\/kezilabdahajduszoboszlo.hu\/?p=658","title":{"rendered":"\u00dajb\u00f3l a p\u00e1ly\u00e1n az ifj\u00fas\u00e1g"},"content":{"rendered":"<p>Augusztus els\u0151 h\u00e9tk\u00f6znapj\u00e1n elindult a munka az ut\u00e1np\u00f3tl\u00e1s csapatainkn\u00e1l, azon bel\u00fcl az U13-as \u00e9s Serd\u00fcl\u0151 csapatainkn\u00e1l is, a jelenr\u0151l, \u00e9s j\u00f6v\u0151r\u0151l az edz\u0151k sz\u00e1moltak be.<\/p>\n<p>Horny\u00e1k Lajos:<\/p>\n<p>A szok\u00e1sokhoz h\u00edven augusztus elej\u00e9n elkezdte a k\u00f6vetkez\u0151 szezonra val\u00f3 felk\u00e9sz\u00fclt U13-as l\u00e1ny csapatunk! Eg\u00e9sz h\u00f3napban heti 7-8 edz\u00e9ssel k\u00e9sz\u00fclnek a gyerekek annak \u00e9rdek\u00e9ben, hogy a szeptemberi szezonkezdetre min\u00e9l jobb form\u00e1ba ker\u00fcljenek!<\/p>\n<p>A l\u00e1nyok az U13, \u00e9s U14-es bajnoks\u00e1gban is megm\u00e9rettetik magukat, melyre az al\u00e1bbi edz\u00e9sbeoszt\u00e1ssal k\u00e9sz\u00fclnek:<\/p>\n<p>H\u00e9tf\u0151:\u00a07.15-8.45 Szabadid\u0151park, 14.30-16:00 V\u00e1rosi Sporth\u00e1z<\/p>\n<p>Kedd:\u00a07.15-8.45 Szabadid\u0151park<\/p>\n<p>Szerda\u00a07.15-8.45 Szabadid\u0151park,\u00a0 15.30-17:00\u00a0V\u00e1rosi Sporth\u00e1z<\/p>\n<p>Cs\u00fct\u00f6rt\u00f6k:\u00a07.15-8.45 Szabadid\u0151park ,14.30-16:00 V\u00e1rosi Sporth\u00e1z<\/p>\n<p>P\u00e9ntek 7.15-8.45 Szabadid\u0151park<\/p>\n<p>&nbsp;<\/p>\n\n\t\t<style type=\"text\/css\">\n\t\t\t#gallery-1 {\n\t\t\t\tmargin: auto;\n\t\t\t}\n\t\t\t#gallery-1 .gallery-item {\n\t\t\t\tfloat: left;\n\t\t\t\tmargin-top: 10px;\n\t\t\t\ttext-align: center;\n\t\t\t\twidth: 33%;\n\t\t\t}\n\t\t\t#gallery-1 img {\n\t\t\t\tborder: 2px solid #cfcfcf;\n\t\t\t}\n\t\t\t#gallery-1 .gallery-caption {\n\t\t\t\tmargin-left: 0;\n\t\t\t}\n\t\t\t\/* see gallery_shortcode() in wp-includes\/media.php *\/\n\t\t<\/style>\n\t\t<div id='gallery-1' class='gallery galleryid-658 gallery-columns-3 gallery-size-thumbnail'><dl class='gallery-item'>\n\t\t\t<dt class='gallery-icon portrait'>\n\t\t\t\t<a href='https:\/\/kezilabdahajduszoboszlo.hu\/?attachment_id=659'><img loading=\"lazy\" decoding=\"async\" width=\"150\" height=\"150\" src=\"https:\/\/kezilabdahajduszoboszlo.hu\/wp-content\/uploads\/2021\/08\/225714294_267731995114559_3428954059239146736_n-150x150.jpg\" class=\"attachment-thumbnail size-thumbnail\" alt=\"\" srcset=\"https:\/\/kezilabdahajduszoboszlo.hu\/wp-content\/uploads\/2021\/08\/225714294_267731995114559_3428954059239146736_n-150x150.jpg 150w, https:\/\/kezilabdahajduszoboszlo.hu\/wp-content\/uploads\/2021\/08\/225714294_267731995114559_3428954059239146736_n-100x100.jpg 100w\" sizes=\"(max-width: 150px) 100vw, 150px\" \/><\/a>\n\t\t\t<\/dt><\/dl><dl class='gallery-item'>\n\t\t\t<dt class='gallery-icon portrait'>\n\t\t\t\t<a href='https:\/\/kezilabdahajduszoboszlo.hu\/?attachment_id=660'><img loading=\"lazy\" decoding=\"async\" width=\"150\" height=\"150\" src=\"https:\/\/kezilabdahajduszoboszlo.hu\/wp-content\/uploads\/2021\/08\/227256882_797974330885277_8868620388937651069_n-150x150.jpg\" class=\"attachment-thumbnail size-thumbnail\" alt=\"\" srcset=\"https:\/\/kezilabdahajduszoboszlo.hu\/wp-content\/uploads\/2021\/08\/227256882_797974330885277_8868620388937651069_n-150x150.jpg 150w, https:\/\/kezilabdahajduszoboszlo.hu\/wp-content\/uploads\/2021\/08\/227256882_797974330885277_8868620388937651069_n-100x100.jpg 100w\" sizes=\"(max-width: 150px) 100vw, 150px\" \/><\/a>\n\t\t\t<\/dt><\/dl>\n\t\t\t<br style='clear: both' \/>\n\t\t<\/div>\n\n<p>Zelizi Mikl\u00f3s:<\/p>\n<p>&nbsp;<\/p>\n<p>2021.08.02.-\u00e1n elkezdt\u00fck a felk\u00e9sz\u00fcl\u00e9st a 2021-22-es \u00e9vadra. \u00a0A csapat l\u00e9tsz\u00e1ma 17 f\u0151, akik . els\u0151sorban a 2005-2007-es koroszt\u00e1lyb\u00f3l tev\u0151dik \u00f6ssze. \u0150ket kieg\u00e9sz\u00edtik a 2008-as koroszt\u00e1lyb\u00f3l 4 f\u0151. Az els\u0151 k\u00e9t h\u00e9t, f\u0151 feladata, hogy az alap \u00e1ll\u00f3k\u00e9pess\u00e9get fejlessz\u00fck, melyekre \u00e9p\u00edthetj\u00fck tov\u00e1bb a felk\u00e9sz\u00fcl\u00e9s\u00fcnket a bajnoks\u00e1gra. Az elv\u00e9gzett felm\u00e9r\u00e9sek j\u00f3 alapot szolg\u00e1ltatnak a l\u00e1nyok edzetts\u00e9gi szintj\u00e9hez, melyet a bajnoki rajt el\u0151tt \u00fajb\u00f3l felm\u00e9r\u00fcnk, hogy l\u00e1ssuk j\u00f3l dolgoztunk-e.<\/p>\n<p>H\u00e9tf\u0151t\u0151l-p\u00e9ntekig napi egy edz\u00e9ssel k\u00e9sz\u00fcl\u00fcnk. Amennyiben valaki nem tud edz\u00e9sre j\u00f6nni, arra a napra, egy\u00e9ni felk\u00e9sz\u00fcl\u00e9si programot kap.<\/p>\n<p>A bajnoks\u00e1g megkezd\u00e9s\u00e9ig szeretn\u00e9nk 2-3 edz\u0151m\u00e9rk\u0151z\u00e9st j\u00e1tszani, a k\u00f6rny\u00e9k\u00fcnk\u00f6n szint\u00e9n, a serd\u00fcl\u0151 III oszt\u00e1lyban szerepl\u0151 egyes\u00fcletek csapataival.<\/p>\n<p>C\u00e9ljaink: A bajnoks\u00e1gban olyan eredm\u00e9nyeket el\u00e9rni, melyek re\u00e1lisak, de a tabella els\u0151 fel\u00e9ben szeretn\u00e9m, ha a csapat szerepelne.<\/p>\n<p>Serd\u00fcl\u0151 edz\u00e9sek id\u0151pontjai, \u00e9s helyei:<\/p>\n<p>H\u00e9tf\u0151: HSE p\u00e1lya 18.00-19.30<\/p>\n<p>Kedd: Kaba: 17.30-19.00<\/p>\n<p>Szerda: Hajd\u00faszoboszl\u00f3 Galg\u00f3cz sor 18.00-19.30<\/p>\n<p>Cs\u00fct\u00f6rt\u00f6k, Derecske: 17.00-18.30<\/p>\n<p>P\u00e9ntek: Kaba: 18.00-19.30<\/p>\n\n\t\t<style type=\"text\/css\">\n\t\t\t#gallery-2 {\n\t\t\t\tmargin: auto;\n\t\t\t}\n\t\t\t#gallery-2 .gallery-item {\n\t\t\t\tfloat: left;\n\t\t\t\tmargin-top: 10px;\n\t\t\t\ttext-align: center;\n\t\t\t\twidth: 33%;\n\t\t\t}\n\t\t\t#gallery-2 img {\n\t\t\t\tborder: 2px solid #cfcfcf;\n\t\t\t}\n\t\t\t#gallery-2 .gallery-caption {\n\t\t\t\tmargin-left: 0;\n\t\t\t}\n\t\t\t\/* see gallery_shortcode() in wp-includes\/media.php *\/\n\t\t<\/style>\n\t\t<div id='gallery-2' class='gallery galleryid-658 gallery-columns-3 gallery-size-thumbnail'><dl class='gallery-item'>\n\t\t\t<dt class='gallery-icon portrait'>\n\t\t\t\t<a href='https:\/\/kezilabdahajduszoboszlo.hu\/?attachment_id=661'><img loading=\"lazy\" decoding=\"async\" width=\"150\" height=\"150\" src=\"https:\/\/kezilabdahajduszoboszlo.hu\/wp-content\/uploads\/2021\/08\/223015605_851507799077563_5301223407703762711_n-150x150.jpg\" class=\"attachment-thumbnail size-thumbnail\" alt=\"\" srcset=\"https:\/\/kezilabdahajduszoboszlo.hu\/wp-content\/uploads\/2021\/08\/223015605_851507799077563_5301223407703762711_n-150x150.jpg 150w, https:\/\/kezilabdahajduszoboszlo.hu\/wp-content\/uploads\/2021\/08\/223015605_851507799077563_5301223407703762711_n-100x100.jpg 100w\" sizes=\"(max-width: 150px) 100vw, 150px\" \/><\/a>\n\t\t\t<\/dt><\/dl><dl class='gallery-item'>\n\t\t\t<dt class='gallery-icon portrait'>\n\t\t\t\t<a href='https:\/\/kezilabdahajduszoboszlo.hu\/?attachment_id=662'><img loading=\"lazy\" decoding=\"async\" width=\"150\" height=\"150\" src=\"https:\/\/kezilabdahajduszoboszlo.hu\/wp-content\/uploads\/2021\/08\/227309957_221462629895985_2748237707312664068_n-150x150.jpg\" class=\"attachment-thumbnail size-thumbnail\" alt=\"\" srcset=\"https:\/\/kezilabdahajduszoboszlo.hu\/wp-content\/uploads\/2021\/08\/227309957_221462629895985_2748237707312664068_n-150x150.jpg 150w, https:\/\/kezilabdahajduszoboszlo.hu\/wp-content\/uploads\/2021\/08\/227309957_221462629895985_2748237707312664068_n-100x100.jpg 100w\" sizes=\"(max-width: 150px) 100vw, 150px\" \/><\/a>\n\t\t\t<\/dt><\/dl><dl class='gallery-item'>\n\t\t\t<dt class='gallery-icon portrait'>\n\t\t\t\t<a href='https:\/\/kezilabdahajduszoboszlo.hu\/?attachment_id=663'><img loading=\"lazy\" decoding=\"async\" width=\"150\" height=\"150\" src=\"https:\/\/kezilabdahajduszoboszlo.hu\/wp-content\/uploads\/2021\/08\/228119470_1830238463851427_8227327673243153442_n-150x150.jpg\" class=\"attachment-thumbnail size-thumbnail\" alt=\"\" srcset=\"https:\/\/kezilabdahajduszoboszlo.hu\/wp-content\/uploads\/2021\/08\/228119470_1830238463851427_8227327673243153442_n-150x150.jpg 150w, https:\/\/kezilabdahajduszoboszlo.hu\/wp-content\/uploads\/2021\/08\/228119470_1830238463851427_8227327673243153442_n-100x100.jpg 100w\" sizes=\"(max-width: 150px) 100vw, 150px\" \/><\/a>\n\t\t\t<\/dt><\/dl><br style=\"clear: both\" \/><dl class='gallery-item'>\n\t\t\t<dt class='gallery-icon portrait'>\n\t\t\t\t<a href='https:\/\/kezilabdahajduszoboszlo.hu\/?attachment_id=664'><img loading=\"lazy\" decoding=\"async\" width=\"150\" height=\"150\" src=\"https:\/\/kezilabdahajduszoboszlo.hu\/wp-content\/uploads\/2021\/08\/229133184_1676061162783578_8811090197122841548_n-150x150.jpg\" class=\"attachment-thumbnail size-thumbnail\" alt=\"\" srcset=\"https:\/\/kezilabdahajduszoboszlo.hu\/wp-content\/uploads\/2021\/08\/229133184_1676061162783578_8811090197122841548_n-150x150.jpg 150w, https:\/\/kezilabdahajduszoboszlo.hu\/wp-content\/uploads\/2021\/08\/229133184_1676061162783578_8811090197122841548_n-100x100.jpg 100w\" sizes=\"(max-width: 150px) 100vw, 150px\" \/><\/a>\n\t\t\t<\/dt><\/dl><dl class='gallery-item'>\n\t\t\t<dt class='gallery-icon portrait'>\n\t\t\t\t<a href='https:\/\/kezilabdahajduszoboszlo.hu\/?attachment_id=665'><img loading=\"lazy\" decoding=\"async\" width=\"150\" height=\"150\" src=\"https:\/\/kezilabdahajduszoboszlo.hu\/wp-content\/uploads\/2021\/08\/230642664_210953390975387_7885464689170946162_n-150x150.jpg\" class=\"attachment-thumbnail size-thumbnail\" alt=\"\" srcset=\"https:\/\/kezilabdahajduszoboszlo.hu\/wp-content\/uploads\/2021\/08\/230642664_210953390975387_7885464689170946162_n-150x150.jpg 150w, https:\/\/kezilabdahajduszoboszlo.hu\/wp-content\/uploads\/2021\/08\/230642664_210953390975387_7885464689170946162_n-100x100.jpg 100w\" sizes=\"(max-width: 150px) 100vw, 150px\" \/><\/a>\n\t\t\t<\/dt><\/dl><dl class='gallery-item'>\n\t\t\t<dt class='gallery-icon portrait'>\n\t\t\t\t<a href='https:\/\/kezilabdahajduszoboszlo.hu\/?attachment_id=666'><img loading=\"lazy\" decoding=\"async\" width=\"150\" height=\"150\" src=\"https:\/\/kezilabdahajduszoboszlo.hu\/wp-content\/uploads\/2021\/08\/231438274_5917437561663262_1531493436574092333_n-150x150.jpg\" class=\"attachment-thumbnail size-thumbnail\" alt=\"\" srcset=\"https:\/\/kezilabdahajduszoboszlo.hu\/wp-content\/uploads\/2021\/08\/231438274_5917437561663262_1531493436574092333_n-150x150.jpg 150w, https:\/\/kezilabdahajduszoboszlo.hu\/wp-content\/uploads\/2021\/08\/231438274_5917437561663262_1531493436574092333_n-100x100.jpg 100w\" sizes=\"(max-width: 150px) 100vw, 150px\" \/><\/a>\n\t\t\t<\/dt><\/dl><br style=\"clear: both\" \/><dl class='gallery-item'>\n\t\t\t<dt class='gallery-icon portrait'>\n\t\t\t\t<a href='https:\/\/kezilabdahajduszoboszlo.hu\/?attachment_id=667'><img loading=\"lazy\" decoding=\"async\" width=\"150\" height=\"150\" src=\"https:\/\/kezilabdahajduszoboszlo.hu\/wp-content\/uploads\/2021\/08\/232671395_4233505490068684_7615361844963460307_n-150x150.jpg\" class=\"attachment-thumbnail size-thumbnail\" alt=\"\" srcset=\"https:\/\/kezilabdahajduszoboszlo.hu\/wp-content\/uploads\/2021\/08\/232671395_4233505490068684_7615361844963460307_n-150x150.jpg 150w, https:\/\/kezilabdahajduszoboszlo.hu\/wp-content\/uploads\/2021\/08\/232671395_4233505490068684_7615361844963460307_n-100x100.jpg 100w\" sizes=\"(max-width: 150px) 100vw, 150px\" \/><\/a>\n\t\t\t<\/dt><\/dl><dl class='gallery-item'>\n\t\t\t<dt class='gallery-icon portrait'>\n\t\t\t\t<a href='https:\/\/kezilabdahajduszoboszlo.hu\/?attachment_id=668'><img loading=\"lazy\" decoding=\"async\" width=\"150\" height=\"150\" src=\"https:\/\/kezilabdahajduszoboszlo.hu\/wp-content\/uploads\/2021\/08\/233124684_1030167497388123_7969358733265578069_n-150x150.jpg\" class=\"attachment-thumbnail size-thumbnail\" alt=\"\" srcset=\"https:\/\/kezilabdahajduszoboszlo.hu\/wp-content\/uploads\/2021\/08\/233124684_1030167497388123_7969358733265578069_n-150x150.jpg 150w, https:\/\/kezilabdahajduszoboszlo.hu\/wp-content\/uploads\/2021\/08\/233124684_1030167497388123_7969358733265578069_n-100x100.jpg 100w\" sizes=\"(max-width: 150px) 100vw, 150px\" \/><\/a>\n\t\t\t<\/dt><\/dl>\n\t\t\t<br style='clear: both' \/>\n\t\t<\/div>\n\n<p>V\u00e1rjuk a v\u00e1llalkoz\u00f3 szellem\u0171 l\u00e1nyok jelentkez\u00e9s\u00e9t csapatainkba, az al\u00e1bbi koroszt\u00e1lyokba:<\/p>\n<p>2009-2010 \/sz\u00fclet\u00e9si \u00e9v\/- U-13<\/p>\n<p>2005-2008 \/sz\u00fclet\u00e9si \u00e9v\/\u00a0 &#8211; Serd\u00fcl\u0151<\/p>\n<p>&nbsp;<\/p>\n","protected":false},"excerpt":{"rendered":"<p>Augusztus els\u0151 h\u00e9tk\u00f6znapj\u00e1n elindult a munka az ut\u00e1np\u00f3tl\u00e1s csapatainkn\u00e1l, azon bel\u00fcl az U13-as \u00e9s Serd\u00fcl\u0151 csapatainkn\u00e1l is, a jelenr\u0151l, \u00e9s j\u00f6v\u0151r\u0151l az edz\u0151k sz\u00e1moltak be. Horny\u00e1k Lajos: A szok\u00e1sokhoz h\u00edven augusztus elej\u00e9n elkezdte a k\u00f6vetkez\u0151 szezonra val\u00f3 felk\u00e9sz\u00fclt U13-as l\u00e1ny &hellip; <a href=\"https:\/\/kezilabdahajduszoboszlo.hu\/?p=658\">Egy kattint\u00e1s ide a folytat\u00e1shoz&#8230;. <span class=\"meta-nav\">&rarr;<\/span><\/a><\/p>\n","protected":false},"author":2,"featured_media":0,"comment_status":"open","ping_status":"open","sticky":false,"template":"","format":"standard","meta":{"_monsterinsights_skip_tracking":false,"_monsterinsights_sitenote_active":false,"_monsterinsights_sitenote_note":"","_monsterinsights_sitenote_category":0,"footnotes":""},"categories":[5],"tags":[],"yoast_head":"<!-- This site is optimized with the Yoast SEO plugin v21.8.1 - https:\/\/yoast.com\/wordpress\/plugins\/seo\/ -->\n<title>\u00dajb\u00f3l a p\u00e1ly\u00e1n az ifj\u00fas\u00e1g - K\u00e9zilabda Klub Hajd\u00faszoboszl\u00f3<\/title>\n<meta name=\"robots\" content=\"index, follow, max-snippet:-1, max-image-preview:large, max-video-preview:-1\" \/>\n<link rel=\"canonical\" href=\"https:\/\/kezilabdahajduszoboszlo.hu\/?p=658\" \/>\n<meta property=\"og:locale\" content=\"hu_HU\" \/>\n<meta property=\"og:type\" content=\"article\" \/>\n<meta property=\"og:title\" content=\"\u00dajb\u00f3l a p\u00e1ly\u00e1n az ifj\u00fas\u00e1g - K\u00e9zilabda Klub Hajd\u00faszoboszl\u00f3\" \/>\n<meta property=\"og:description\" content=\"Augusztus els\u0151 h\u00e9tk\u00f6znapj\u00e1n elindult a munka az ut\u00e1np\u00f3tl\u00e1s csapatainkn\u00e1l, azon bel\u00fcl az U13-as \u00e9s Serd\u00fcl\u0151 csapatainkn\u00e1l is, a jelenr\u0151l, \u00e9s j\u00f6v\u0151r\u0151l az edz\u0151k sz\u00e1moltak be. Horny\u00e1k Lajos: A szok\u00e1sokhoz h\u00edven augusztus elej\u00e9n elkezdte a k\u00f6vetkez\u0151 szezonra val\u00f3 felk\u00e9sz\u00fclt U13-as l\u00e1ny &hellip; Egy kattint\u00e1s ide a folytat\u00e1shoz.... &rarr;\" \/>\n<meta property=\"og:url\" content=\"https:\/\/kezilabdahajduszoboszlo.hu\/?p=658\" \/>\n<meta property=\"og:site_name\" content=\"K\u00e9zilabda Klub Hajd\u00faszoboszl\u00f3\" \/>\n<meta property=\"article:published_time\" content=\"2021-08-09T10:46:04+00:00\" \/>\n<meta property=\"article:modified_time\" content=\"2021-08-09T15:00:32+00:00\" \/>\n<meta property=\"og:image\" content=\"https:\/\/kezilabdahajduszoboszlo.hu\/wp-content\/uploads\/2021\/08\/225714294_267731995114559_3428954059239146736_n-150x150.jpg\" \/>\n<meta name=\"author\" content=\"Kapusi Kriszti\u00e1n\" \/>\n<meta name=\"twitter:card\" content=\"summary_large_image\" \/>\n<meta name=\"twitter:label1\" content=\"Szerz\u0151:\" \/>\n\t<meta name=\"twitter:data1\" content=\"Kapusi Kriszti\u00e1n\" \/>\n\t<meta name=\"twitter:label2\" content=\"Becs\u00fclt olvas\u00e1si id\u0151\" \/>\n\t<meta name=\"twitter:data2\" content=\"2 perc\" \/>\n<script type=\"application\/ld+json\" class=\"yoast-schema-graph\">{\"@context\":\"https:\/\/schema.org\",\"@graph\":[{\"@type\":\"WebPage\",\"@id\":\"https:\/\/kezilabdahajduszoboszlo.hu\/?p=658\",\"url\":\"https:\/\/kezilabdahajduszoboszlo.hu\/?p=658\",\"name\":\"\u00dajb\u00f3l a p\u00e1ly\u00e1n az ifj\u00fas\u00e1g - K\u00e9zilabda Klub Hajd\u00faszoboszl\u00f3\",\"isPartOf\":{\"@id\":\"https:\/\/kezilabdahajduszoboszlo.hu\/#website\"},\"datePublished\":\"2021-08-09T10:46:04+00:00\",\"dateModified\":\"2021-08-09T15:00:32+00:00\",\"author\":{\"@id\":\"https:\/\/kezilabdahajduszoboszlo.hu\/#\/schema\/person\/5ec50fcc18790ccded9abbc4a29d0336\"},\"breadcrumb\":{\"@id\":\"https:\/\/kezilabdahajduszoboszlo.hu\/?p=658#breadcrumb\"},\"inLanguage\":\"hu\",\"potentialAction\":[{\"@type\":\"ReadAction\",\"target\":[\"https:\/\/kezilabdahajduszoboszlo.hu\/?p=658\"]}]},{\"@type\":\"BreadcrumbList\",\"@id\":\"https:\/\/kezilabdahajduszoboszlo.hu\/?p=658#breadcrumb\",\"itemListElement\":[{\"@type\":\"ListItem\",\"position\":1,\"name\":\"Home\",\"item\":\"https:\/\/kezilabdahajduszoboszlo.hu\/\"},{\"@type\":\"ListItem\",\"position\":2,\"name\":\"\u00dajb\u00f3l a p\u00e1ly\u00e1n az ifj\u00fas\u00e1g\"}]},{\"@type\":\"WebSite\",\"@id\":\"https:\/\/kezilabdahajduszoboszlo.hu\/#website\",\"url\":\"https:\/\/kezilabdahajduszoboszlo.hu\/\",\"name\":\"K\u00e9zilabda Klub Hajd\u00faszoboszl\u00f3\",\"description\":\"\",\"potentialAction\":[{\"@type\":\"SearchAction\",\"target\":{\"@type\":\"EntryPoint\",\"urlTemplate\":\"https:\/\/kezilabdahajduszoboszlo.hu\/?s={search_term_string}\"},\"query-input\":\"required name=search_term_string\"}],\"inLanguage\":\"hu\"},{\"@type\":\"Person\",\"@id\":\"https:\/\/kezilabdahajduszoboszlo.hu\/#\/schema\/person\/5ec50fcc18790ccded9abbc4a29d0336\",\"name\":\"Kapusi Kriszti\u00e1n\",\"image\":{\"@type\":\"ImageObject\",\"inLanguage\":\"hu\",\"@id\":\"https:\/\/kezilabdahajduszoboszlo.hu\/#\/schema\/person\/image\/\",\"url\":\"https:\/\/secure.gravatar.com\/avatar\/3105527c52c6c13b3dacf30efd34a992?s=96&d=mm&r=g\",\"contentUrl\":\"https:\/\/secure.gravatar.com\/avatar\/3105527c52c6c13b3dacf30efd34a992?s=96&d=mm&r=g\",\"caption\":\"Kapusi Kriszti\u00e1n\"},\"sameAs\":[\"http:\/\/kezilabdahajduszoboszlo\"],\"url\":\"https:\/\/kezilabdahajduszoboszlo.hu\/?author=2\"}]}<\/script>\n<!-- \/ Yoast SEO plugin. -->","yoast_head_json":{"title":"\u00dajb\u00f3l a p\u00e1ly\u00e1n az ifj\u00fas\u00e1g - K\u00e9zilabda Klub Hajd\u00faszoboszl\u00f3","robots":{"index":"index","follow":"follow","max-snippet":"max-snippet:-1","max-image-preview":"max-image-preview:large","max-video-preview":"max-video-preview:-1"},"canonical":"https:\/\/kezilabdahajduszoboszlo.hu\/?p=658","og_locale":"hu_HU","og_type":"article","og_title":"\u00dajb\u00f3l a p\u00e1ly\u00e1n az ifj\u00fas\u00e1g - K\u00e9zilabda Klub Hajd\u00faszoboszl\u00f3","og_description":"Augusztus els\u0151 h\u00e9tk\u00f6znapj\u00e1n elindult a munka az ut\u00e1np\u00f3tl\u00e1s csapatainkn\u00e1l, azon bel\u00fcl az U13-as \u00e9s Serd\u00fcl\u0151 csapatainkn\u00e1l is, a jelenr\u0151l, \u00e9s j\u00f6v\u0151r\u0151l az edz\u0151k sz\u00e1moltak be. Horny\u00e1k Lajos: A szok\u00e1sokhoz h\u00edven augusztus elej\u00e9n elkezdte a k\u00f6vetkez\u0151 szezonra val\u00f3 felk\u00e9sz\u00fclt U13-as l\u00e1ny &hellip; Egy kattint\u00e1s ide a folytat\u00e1shoz.... &rarr;","og_url":"https:\/\/kezilabdahajduszoboszlo.hu\/?p=658","og_site_name":"K\u00e9zilabda Klub Hajd\u00faszoboszl\u00f3","article_published_time":"2021-08-09T10:46:04+00:00","article_modified_time":"2021-08-09T15:00:32+00:00","og_image":[{"url":"https:\/\/kezilabdahajduszoboszlo.hu\/wp-content\/uploads\/2021\/08\/225714294_267731995114559_3428954059239146736_n-150x150.jpg"}],"author":"Kapusi Kriszti\u00e1n","twitter_card":"summary_large_image","twitter_misc":{"Szerz\u0151:":"Kapusi Kriszti\u00e1n","Becs\u00fclt olvas\u00e1si id\u0151":"2 perc"},"schema":{"@context":"https:\/\/schema.org","@graph":[{"@type":"WebPage","@id":"https:\/\/kezilabdahajduszoboszlo.hu\/?p=658","url":"https:\/\/kezilabdahajduszoboszlo.hu\/?p=658","name":"\u00dajb\u00f3l a p\u00e1ly\u00e1n az ifj\u00fas\u00e1g - K\u00e9zilabda Klub Hajd\u00faszoboszl\u00f3","isPartOf":{"@id":"https:\/\/kezilabdahajduszoboszlo.hu\/#website"},"datePublished":"2021-08-09T10:46:04+00:00","dateModified":"2021-08-09T15:00:32+00:00","author":{"@id":"https:\/\/kezilabdahajduszoboszlo.hu\/#\/schema\/person\/5ec50fcc18790ccded9abbc4a29d0336"},"breadcrumb":{"@id":"https:\/\/kezilabdahajduszoboszlo.hu\/?p=658#breadcrumb"},"inLanguage":"hu","potentialAction":[{"@type":"ReadAction","target":["https:\/\/kezilabdahajduszoboszlo.hu\/?p=658"]}]},{"@type":"BreadcrumbList","@id":"https:\/\/kezilabdahajduszoboszlo.hu\/?p=658#breadcrumb","itemListElement":[{"@type":"ListItem","position":1,"name":"Home","item":"https:\/\/kezilabdahajduszoboszlo.hu\/"},{"@type":"ListItem","position":2,"name":"\u00dajb\u00f3l a p\u00e1ly\u00e1n az ifj\u00fas\u00e1g"}]},{"@type":"WebSite","@id":"https:\/\/kezilabdahajduszoboszlo.hu\/#website","url":"https:\/\/kezilabdahajduszoboszlo.hu\/","name":"K\u00e9zilabda Klub Hajd\u00faszoboszl\u00f3","description":"","potentialAction":[{"@type":"SearchAction","target":{"@type":"EntryPoint","urlTemplate":"https:\/\/kezilabdahajduszoboszlo.hu\/?s={search_term_string}"},"query-input":"required name=search_term_string"}],"inLanguage":"hu"},{"@type":"Person","@id":"https:\/\/kezilabdahajduszoboszlo.hu\/#\/schema\/person\/5ec50fcc18790ccded9abbc4a29d0336","name":"Kapusi Kriszti\u00e1n","image":{"@type":"ImageObject","inLanguage":"hu","@id":"https:\/\/kezilabdahajduszoboszlo.hu\/#\/schema\/person\/image\/","url":"https:\/\/secure.gravatar.com\/avatar\/3105527c52c6c13b3dacf30efd34a992?s=96&d=mm&r=g","contentUrl":"https:\/\/secure.gravatar.com\/avatar\/3105527c52c6c13b3dacf30efd34a992?s=96&d=mm&r=g","caption":"Kapusi Kriszti\u00e1n"},"sameAs":["http:\/\/kezilabdahajduszoboszlo"],"url":"https:\/\/kezilabdahajduszoboszlo.hu\/?author=2"}]}},"_links":{"self":[{"href":"https:\/\/kezilabdahajduszoboszlo.hu\/index.php?rest_route=\/wp\/v2\/posts\/658"}],"collection":[{"href":"https:\/\/kezilabdahajduszoboszlo.hu\/index.php?rest_route=\/wp\/v2\/posts"}],"about":[{"href":"https:\/\/kezilabdahajduszoboszlo.hu\/index.php?rest_route=\/wp\/v2\/types\/post"}],"author":[{"embeddable":true,"href":"https:\/\/kezilabdahajduszoboszlo.hu\/index.php?rest_route=\/wp\/v2\/users\/2"}],"replies":[{"embeddable":true,"href":"https:\/\/kezilabdahajduszoboszlo.hu\/index.php?rest_route=%2Fwp%2Fv2%2Fcomments&post=658"}],"version-history":[{"count":2,"href":"https:\/\/kezilabdahajduszoboszlo.hu\/index.php?rest_route=\/wp\/v2\/posts\/658\/revisions"}],"predecessor-version":[{"id":670,"href":"https:\/\/kezilabdahajduszoboszlo.hu\/index.php?rest_route=\/wp\/v2\/posts\/658\/revisions\/670"}],"wp:attachment":[{"href":"https:\/\/kezilabdahajduszoboszlo.hu\/index.php?rest_route=%2Fwp%2Fv2%2Fmedia&parent=658"}],"wp:term":[{"taxonomy":"category","embeddable":true,"href":"https:\/\/kezilabdahajduszoboszlo.hu\/index.php?rest_route=%2Fwp%2Fv2%2Fcategories&post=658"},{"taxonomy":"post_tag","embeddable":true,"href":"https:\/\/kezilabdahajduszoboszlo.hu\/index.php?rest_route=%2Fwp%2Fv2%2Ftags&post=658"}],"curies":[{"name":"wp","href":"https:\/\/api.w.org\/{rel}","templated":true}]}}