{"id":747,"date":"2021-09-23T06:40:18","date_gmt":"2021-09-23T06:40:18","guid":{"rendered":"http:\/\/kezilabdahajduszoboszlo.hu\/?p=747"},"modified":"2021-09-23T06:40:18","modified_gmt":"2021-09-23T06:40:18","slug":"a-felnottek-ujfaluban","status":"publish","type":"post","link":"https:\/\/kezilabdahajduszoboszlo.hu\/?p=747","title":{"rendered":"A feln\u0151ttek \u00dajfaluban"},"content":{"rendered":"<p>A feln\u0151tt megyei bajnoks\u00e1g nyit\u00e1ny\u00e1r\u00f3l Zelizi Mikl\u00f3s nyilatkozott:<\/p>\n<p>Szeptember 18-\u00e1n a\u00a0 feln\u0151tt csapatunk is elkezdte a bajnoki id\u00e9nyt. A ny\u00e1ri felk\u00e9sz\u00fcl\u00e9s alatt der\u00fclt ki, hogy p\u00e1ran elhagyj\u00e1k a csapatot, ennek tudat\u00e1ban arra d\u00f6nt\u00f6tt\u00fcnk, hogy a serd\u00fcl\u0151 l\u00e1nyokkal kieg\u00e9sz\u00fclve vessz\u00fck fel a verseny a pontvad\u00e1szatban.<\/p>\n<p>A m\u00e9rk\u0151z\u00e9s elej\u00e9t\u0151l, a jobb \u00e9s rutinosabb j\u00e1t\u00e9kosokb\u00f3l \u00e1ll\u00f3 hazai csapat, domin\u00e1lt, hamar elh\u00faztak, \u00e9s es\u00e9lyt sem adtak a felz\u00e1rk\u00f3z\u00e1sra. pozit\u00edvumk\u00e9nt a kapusunk teljes\u00edtm\u00e9nye volt \u00e9rt\u00e9kelhet\u0151. A mez\u0151nyj\u00e1t\u00e9kosok m\u00e1r a 15. percben l\u00f3gatt\u00e1k a fej\u00fcket, csak felvillan\u00e1sokat l\u00e1ttam n\u00e9h\u00e1ny j\u00e1t\u00e9kosn\u00e1l. A legszembet\u0171n\u0151bb probl\u00e9ma, hogy senki nem k\u00fczd\u00f6tt, k\u00f6nnyen \u00e9s hat\u00e9konyan \u00e1ll\u00edtott\u00e1k meg t\u00e1mad\u00e1sainkat, \u00e9s a technikai hib\u00e1kat kihaszn\u00e1lva, k\u00f6nny\u0171 g\u00f3lokat szereztek. Mi egy rutintalan csapat vagyunk, sok fiatallal a sorainkban, de \u00fagy gondolom, hogy egy j\u00e1t\u00e9kosnak, ha lehet\u0151s\u00e9get kap a feln\u0151tt csapatban, akkor legal\u00e1bb fusson, k\u00fczdj\u00f6n. Ha elvesz\u00edt egy labd\u00e1t, akkor \u00e9rjen vissza, l\u00e1ssuk a sz\u00e1nd\u00e9k\u00e1t, mindent megtesz a csapat\u00e9rt. Ez most hi\u00e1nyzott. Sokat kell dolgoznunk, nem csak fizik\u00e1lisan, de ment\u00e1lisan is. B\u00edzom benne, hogy fejl\u0151d\u0151 k\u00e9pesek vagyunk, \u00e9s jobb eredm\u00e9nyekre lesz\u00fcnk k\u00e9pesek.<\/p>\n<p>BMSE-KKHSZ 39-17<\/p>\n","protected":false},"excerpt":{"rendered":"<p>A feln\u0151tt megyei bajnoks\u00e1g nyit\u00e1ny\u00e1r\u00f3l Zelizi Mikl\u00f3s nyilatkozott: Szeptember 18-\u00e1n a\u00a0 feln\u0151tt csapatunk is elkezdte a bajnoki id\u00e9nyt. A ny\u00e1ri felk\u00e9sz\u00fcl\u00e9s alatt der\u00fclt ki, hogy p\u00e1ran elhagyj\u00e1k a csapatot, ennek tudat\u00e1ban arra d\u00f6nt\u00f6tt\u00fcnk, hogy a serd\u00fcl\u0151 l\u00e1nyokkal kieg\u00e9sz\u00fclve vessz\u00fck fel &hellip; <a href=\"https:\/\/kezilabdahajduszoboszlo.hu\/?p=747\">Egy kattint\u00e1s ide a folytat\u00e1shoz&#8230;. <span class=\"meta-nav\">&rarr;<\/span><\/a><\/p>\n","protected":false},"author":2,"featured_media":0,"comment_status":"open","ping_status":"open","sticky":false,"template":"","format":"standard","meta":{"_monsterinsights_skip_tracking":false,"_monsterinsights_sitenote_active":false,"_monsterinsights_sitenote_note":"","_monsterinsights_sitenote_category":0,"footnotes":""},"categories":[5],"tags":[],"yoast_head":"<!-- This site is optimized with the Yoast SEO plugin v21.8.1 - https:\/\/yoast.com\/wordpress\/plugins\/seo\/ -->\n<title>A feln\u0151ttek \u00dajfaluban - K\u00e9zilabda Klub Hajd\u00faszoboszl\u00f3<\/title>\n<meta name=\"robots\" content=\"index, follow, max-snippet:-1, max-image-preview:large, max-video-preview:-1\" \/>\n<link rel=\"canonical\" href=\"https:\/\/kezilabdahajduszoboszlo.hu\/?p=747\" \/>\n<meta property=\"og:locale\" content=\"hu_HU\" \/>\n<meta property=\"og:type\" content=\"article\" \/>\n<meta property=\"og:title\" content=\"A feln\u0151ttek \u00dajfaluban - K\u00e9zilabda Klub Hajd\u00faszoboszl\u00f3\" \/>\n<meta property=\"og:description\" content=\"A feln\u0151tt megyei bajnoks\u00e1g nyit\u00e1ny\u00e1r\u00f3l Zelizi Mikl\u00f3s nyilatkozott: Szeptember 18-\u00e1n a\u00a0 feln\u0151tt csapatunk is elkezdte a bajnoki id\u00e9nyt. A ny\u00e1ri felk\u00e9sz\u00fcl\u00e9s alatt der\u00fclt ki, hogy p\u00e1ran elhagyj\u00e1k a csapatot, ennek tudat\u00e1ban arra d\u00f6nt\u00f6tt\u00fcnk, hogy a serd\u00fcl\u0151 l\u00e1nyokkal kieg\u00e9sz\u00fclve vessz\u00fck fel &hellip; Egy kattint\u00e1s ide a folytat\u00e1shoz.... &rarr;\" \/>\n<meta property=\"og:url\" content=\"https:\/\/kezilabdahajduszoboszlo.hu\/?p=747\" \/>\n<meta property=\"og:site_name\" content=\"K\u00e9zilabda Klub Hajd\u00faszoboszl\u00f3\" \/>\n<meta property=\"article:published_time\" content=\"2021-09-23T06:40:18+00:00\" \/>\n<meta name=\"author\" content=\"Kapusi Kriszti\u00e1n\" \/>\n<meta name=\"twitter:card\" content=\"summary_large_image\" \/>\n<meta name=\"twitter:label1\" content=\"Szerz\u0151:\" \/>\n\t<meta name=\"twitter:data1\" content=\"Kapusi Kriszti\u00e1n\" \/>\n\t<meta name=\"twitter:label2\" content=\"Becs\u00fclt olvas\u00e1si id\u0151\" \/>\n\t<meta name=\"twitter:data2\" content=\"1 perc\" \/>\n<script type=\"application\/ld+json\" class=\"yoast-schema-graph\">{\"@context\":\"https:\/\/schema.org\",\"@graph\":[{\"@type\":\"WebPage\",\"@id\":\"https:\/\/kezilabdahajduszoboszlo.hu\/?p=747\",\"url\":\"https:\/\/kezilabdahajduszoboszlo.hu\/?p=747\",\"name\":\"A feln\u0151ttek \u00dajfaluban - K\u00e9zilabda Klub Hajd\u00faszoboszl\u00f3\",\"isPartOf\":{\"@id\":\"https:\/\/kezilabdahajduszoboszlo.hu\/#website\"},\"datePublished\":\"2021-09-23T06:40:18+00:00\",\"dateModified\":\"2021-09-23T06:40:18+00:00\",\"author\":{\"@id\":\"https:\/\/kezilabdahajduszoboszlo.hu\/#\/schema\/person\/5ec50fcc18790ccded9abbc4a29d0336\"},\"breadcrumb\":{\"@id\":\"https:\/\/kezilabdahajduszoboszlo.hu\/?p=747#breadcrumb\"},\"inLanguage\":\"hu\",\"potentialAction\":[{\"@type\":\"ReadAction\",\"target\":[\"https:\/\/kezilabdahajduszoboszlo.hu\/?p=747\"]}]},{\"@type\":\"BreadcrumbList\",\"@id\":\"https:\/\/kezilabdahajduszoboszlo.hu\/?p=747#breadcrumb\",\"itemListElement\":[{\"@type\":\"ListItem\",\"position\":1,\"name\":\"Home\",\"item\":\"https:\/\/kezilabdahajduszoboszlo.hu\/\"},{\"@type\":\"ListItem\",\"position\":2,\"name\":\"A feln\u0151ttek \u00dajfaluban\"}]},{\"@type\":\"WebSite\",\"@id\":\"https:\/\/kezilabdahajduszoboszlo.hu\/#website\",\"url\":\"https:\/\/kezilabdahajduszoboszlo.hu\/\",\"name\":\"K\u00e9zilabda Klub Hajd\u00faszoboszl\u00f3\",\"description\":\"\",\"potentialAction\":[{\"@type\":\"SearchAction\",\"target\":{\"@type\":\"EntryPoint\",\"urlTemplate\":\"https:\/\/kezilabdahajduszoboszlo.hu\/?s={search_term_string}\"},\"query-input\":\"required name=search_term_string\"}],\"inLanguage\":\"hu\"},{\"@type\":\"Person\",\"@id\":\"https:\/\/kezilabdahajduszoboszlo.hu\/#\/schema\/person\/5ec50fcc18790ccded9abbc4a29d0336\",\"name\":\"Kapusi Kriszti\u00e1n\",\"image\":{\"@type\":\"ImageObject\",\"inLanguage\":\"hu\",\"@id\":\"https:\/\/kezilabdahajduszoboszlo.hu\/#\/schema\/person\/image\/\",\"url\":\"https:\/\/secure.gravatar.com\/avatar\/3105527c52c6c13b3dacf30efd34a992?s=96&d=mm&r=g\",\"contentUrl\":\"https:\/\/secure.gravatar.com\/avatar\/3105527c52c6c13b3dacf30efd34a992?s=96&d=mm&r=g\",\"caption\":\"Kapusi Kriszti\u00e1n\"},\"sameAs\":[\"http:\/\/kezilabdahajduszoboszlo\"],\"url\":\"https:\/\/kezilabdahajduszoboszlo.hu\/?author=2\"}]}<\/script>\n<!-- \/ Yoast SEO plugin. -->","yoast_head_json":{"title":"A feln\u0151ttek \u00dajfaluban - K\u00e9zilabda Klub Hajd\u00faszoboszl\u00f3","robots":{"index":"index","follow":"follow","max-snippet":"max-snippet:-1","max-image-preview":"max-image-preview:large","max-video-preview":"max-video-preview:-1"},"canonical":"https:\/\/kezilabdahajduszoboszlo.hu\/?p=747","og_locale":"hu_HU","og_type":"article","og_title":"A feln\u0151ttek \u00dajfaluban - K\u00e9zilabda Klub Hajd\u00faszoboszl\u00f3","og_description":"A feln\u0151tt megyei bajnoks\u00e1g nyit\u00e1ny\u00e1r\u00f3l Zelizi Mikl\u00f3s nyilatkozott: Szeptember 18-\u00e1n a\u00a0 feln\u0151tt csapatunk is elkezdte a bajnoki id\u00e9nyt. A ny\u00e1ri felk\u00e9sz\u00fcl\u00e9s alatt der\u00fclt ki, hogy p\u00e1ran elhagyj\u00e1k a csapatot, ennek tudat\u00e1ban arra d\u00f6nt\u00f6tt\u00fcnk, hogy a serd\u00fcl\u0151 l\u00e1nyokkal kieg\u00e9sz\u00fclve vessz\u00fck fel &hellip; Egy kattint\u00e1s ide a folytat\u00e1shoz.... &rarr;","og_url":"https:\/\/kezilabdahajduszoboszlo.hu\/?p=747","og_site_name":"K\u00e9zilabda Klub Hajd\u00faszoboszl\u00f3","article_published_time":"2021-09-23T06:40:18+00:00","author":"Kapusi Kriszti\u00e1n","twitter_card":"summary_large_image","twitter_misc":{"Szerz\u0151:":"Kapusi Kriszti\u00e1n","Becs\u00fclt olvas\u00e1si id\u0151":"1 perc"},"schema":{"@context":"https:\/\/schema.org","@graph":[{"@type":"WebPage","@id":"https:\/\/kezilabdahajduszoboszlo.hu\/?p=747","url":"https:\/\/kezilabdahajduszoboszlo.hu\/?p=747","name":"A feln\u0151ttek \u00dajfaluban - K\u00e9zilabda Klub Hajd\u00faszoboszl\u00f3","isPartOf":{"@id":"https:\/\/kezilabdahajduszoboszlo.hu\/#website"},"datePublished":"2021-09-23T06:40:18+00:00","dateModified":"2021-09-23T06:40:18+00:00","author":{"@id":"https:\/\/kezilabdahajduszoboszlo.hu\/#\/schema\/person\/5ec50fcc18790ccded9abbc4a29d0336"},"breadcrumb":{"@id":"https:\/\/kezilabdahajduszoboszlo.hu\/?p=747#breadcrumb"},"inLanguage":"hu","potentialAction":[{"@type":"ReadAction","target":["https:\/\/kezilabdahajduszoboszlo.hu\/?p=747"]}]},{"@type":"BreadcrumbList","@id":"https:\/\/kezilabdahajduszoboszlo.hu\/?p=747#breadcrumb","itemListElement":[{"@type":"ListItem","position":1,"name":"Home","item":"https:\/\/kezilabdahajduszoboszlo.hu\/"},{"@type":"ListItem","position":2,"name":"A feln\u0151ttek \u00dajfaluban"}]},{"@type":"WebSite","@id":"https:\/\/kezilabdahajduszoboszlo.hu\/#website","url":"https:\/\/kezilabdahajduszoboszlo.hu\/","name":"K\u00e9zilabda Klub Hajd\u00faszoboszl\u00f3","description":"","potentialAction":[{"@type":"SearchAction","target":{"@type":"EntryPoint","urlTemplate":"https:\/\/kezilabdahajduszoboszlo.hu\/?s={search_term_string}"},"query-input":"required name=search_term_string"}],"inLanguage":"hu"},{"@type":"Person","@id":"https:\/\/kezilabdahajduszoboszlo.hu\/#\/schema\/person\/5ec50fcc18790ccded9abbc4a29d0336","name":"Kapusi Kriszti\u00e1n","image":{"@type":"ImageObject","inLanguage":"hu","@id":"https:\/\/kezilabdahajduszoboszlo.hu\/#\/schema\/person\/image\/","url":"https:\/\/secure.gravatar.com\/avatar\/3105527c52c6c13b3dacf30efd34a992?s=96&d=mm&r=g","contentUrl":"https:\/\/secure.gravatar.com\/avatar\/3105527c52c6c13b3dacf30efd34a992?s=96&d=mm&r=g","caption":"Kapusi Kriszti\u00e1n"},"sameAs":["http:\/\/kezilabdahajduszoboszlo"],"url":"https:\/\/kezilabdahajduszoboszlo.hu\/?author=2"}]}},"_links":{"self":[{"href":"https:\/\/kezilabdahajduszoboszlo.hu\/index.php?rest_route=\/wp\/v2\/posts\/747"}],"collection":[{"href":"https:\/\/kezilabdahajduszoboszlo.hu\/index.php?rest_route=\/wp\/v2\/posts"}],"about":[{"href":"https:\/\/kezilabdahajduszoboszlo.hu\/index.php?rest_route=\/wp\/v2\/types\/post"}],"author":[{"embeddable":true,"href":"https:\/\/kezilabdahajduszoboszlo.hu\/index.php?rest_route=\/wp\/v2\/users\/2"}],"replies":[{"embeddable":true,"href":"https:\/\/kezilabdahajduszoboszlo.hu\/index.php?rest_route=%2Fwp%2Fv2%2Fcomments&post=747"}],"version-history":[{"count":1,"href":"https:\/\/kezilabdahajduszoboszlo.hu\/index.php?rest_route=\/wp\/v2\/posts\/747\/revisions"}],"predecessor-version":[{"id":748,"href":"https:\/\/kezilabdahajduszoboszlo.hu\/index.php?rest_route=\/wp\/v2\/posts\/747\/revisions\/748"}],"wp:attachment":[{"href":"https:\/\/kezilabdahajduszoboszlo.hu\/index.php?rest_route=%2Fwp%2Fv2%2Fmedia&parent=747"}],"wp:term":[{"taxonomy":"category","embeddable":true,"href":"https:\/\/kezilabdahajduszoboszlo.hu\/index.php?rest_route=%2Fwp%2Fv2%2Fcategories&post=747"},{"taxonomy":"post_tag","embeddable":true,"href":"https:\/\/kezilabdahajduszoboszlo.hu\/index.php?rest_route=%2Fwp%2Fv2%2Ftags&post=747"}],"curies":[{"name":"wp","href":"https:\/\/api.w.org\/{rel}","templated":true}]}}