{"id":749,"date":"2021-09-23T06:47:21","date_gmt":"2021-09-23T06:47:21","guid":{"rendered":"http:\/\/kezilabdahajduszoboszlo.hu\/?p=749"},"modified":"2021-09-23T06:47:21","modified_gmt":"2021-09-23T06:47:21","slug":"heti-program-2021-09-20-2021-09-26","status":"publish","type":"post","link":"https:\/\/kezilabdahajduszoboszlo.hu\/?p=749","title":{"rendered":"Heti program \/2021.09.20-2021.09.26\/"},"content":{"rendered":"<p>2021. szeptember 24.<\/p>\n<p>Serd\u00fcl\u0151 III. oszt\u00e1ly<\/p>\n<p>Debrecen, G4<\/p>\n<p>17:00 DSC- SI &#8211; KKHSZ<\/p>\n<p>&nbsp;<\/p>\n<p>2021. szeptember 26.<\/p>\n<p>U13<\/p>\n<p>Beretty\u00f3\u00fajfalu<\/p>\n<p>9:00 BMSE &#8211; KKHSZ<\/p>\n<p>11:00 KKHSZ- DSC-SI<\/p>\n<p>&nbsp;<\/p>\n<p>2021. szeptember 26.<\/p>\n<p>Megyei feln\u0151tt<\/p>\n<p>Hajd\u00faszoboszl\u00f3<\/p>\n<p>10:00 KKHSZ-Ny\u00edradony VVTK<\/p>\n","protected":false},"excerpt":{"rendered":"<p>2021. szeptember 24. Serd\u00fcl\u0151 III. oszt\u00e1ly Debrecen, G4 17:00 DSC- SI &#8211; KKHSZ &nbsp; 2021. szeptember 26. U13 Beretty\u00f3\u00fajfalu 9:00 BMSE &#8211; KKHSZ 11:00 KKHSZ- DSC-SI &nbsp; 2021. szeptember 26. Megyei feln\u0151tt Hajd\u00faszoboszl\u00f3 10:00 KKHSZ-Ny\u00edradony VVTK<\/p>\n","protected":false},"author":2,"featured_media":0,"comment_status":"open","ping_status":"open","sticky":false,"template":"","format":"standard","meta":{"_monsterinsights_skip_tracking":false,"_monsterinsights_sitenote_active":false,"_monsterinsights_sitenote_note":"","_monsterinsights_sitenote_category":0,"footnotes":""},"categories":[5],"tags":[],"yoast_head":"<!-- This site is optimized with the Yoast SEO plugin v21.8.1 - https:\/\/yoast.com\/wordpress\/plugins\/seo\/ -->\n<title>Heti program \/2021.09.20-2021.09.26\/ - K\u00e9zilabda Klub Hajd\u00faszoboszl\u00f3<\/title>\n<meta name=\"robots\" content=\"index, follow, max-snippet:-1, max-image-preview:large, max-video-preview:-1\" \/>\n<link rel=\"canonical\" href=\"https:\/\/kezilabdahajduszoboszlo.hu\/?p=749\" \/>\n<meta property=\"og:locale\" content=\"hu_HU\" \/>\n<meta property=\"og:type\" content=\"article\" \/>\n<meta property=\"og:title\" content=\"Heti program \/2021.09.20-2021.09.26\/ - K\u00e9zilabda Klub Hajd\u00faszoboszl\u00f3\" \/>\n<meta property=\"og:description\" content=\"2021. szeptember 24. Serd\u00fcl\u0151 III. oszt\u00e1ly Debrecen, G4 17:00 DSC- SI &#8211; KKHSZ &nbsp; 2021. szeptember 26. U13 Beretty\u00f3\u00fajfalu 9:00 BMSE &#8211; KKHSZ 11:00 KKHSZ- DSC-SI &nbsp; 2021. szeptember 26. Megyei feln\u0151tt Hajd\u00faszoboszl\u00f3 10:00 KKHSZ-Ny\u00edradony VVTK\" \/>\n<meta property=\"og:url\" content=\"https:\/\/kezilabdahajduszoboszlo.hu\/?p=749\" \/>\n<meta property=\"og:site_name\" content=\"K\u00e9zilabda Klub Hajd\u00faszoboszl\u00f3\" \/>\n<meta property=\"article:published_time\" content=\"2021-09-23T06:47:21+00:00\" \/>\n<meta name=\"author\" content=\"Kapusi Kriszti\u00e1n\" \/>\n<meta name=\"twitter:card\" content=\"summary_large_image\" \/>\n<meta name=\"twitter:label1\" content=\"Szerz\u0151:\" \/>\n\t<meta name=\"twitter:data1\" content=\"Kapusi Kriszti\u00e1n\" \/>\n<script type=\"application\/ld+json\" class=\"yoast-schema-graph\">{\"@context\":\"https:\/\/schema.org\",\"@graph\":[{\"@type\":\"WebPage\",\"@id\":\"https:\/\/kezilabdahajduszoboszlo.hu\/?p=749\",\"url\":\"https:\/\/kezilabdahajduszoboszlo.hu\/?p=749\",\"name\":\"Heti program \/2021.09.20-2021.09.26\/ - K\u00e9zilabda Klub Hajd\u00faszoboszl\u00f3\",\"isPartOf\":{\"@id\":\"https:\/\/kezilabdahajduszoboszlo.hu\/#website\"},\"datePublished\":\"2021-09-23T06:47:21+00:00\",\"dateModified\":\"2021-09-23T06:47:21+00:00\",\"author\":{\"@id\":\"https:\/\/kezilabdahajduszoboszlo.hu\/#\/schema\/person\/5ec50fcc18790ccded9abbc4a29d0336\"},\"breadcrumb\":{\"@id\":\"https:\/\/kezilabdahajduszoboszlo.hu\/?p=749#breadcrumb\"},\"inLanguage\":\"hu\",\"potentialAction\":[{\"@type\":\"ReadAction\",\"target\":[\"https:\/\/kezilabdahajduszoboszlo.hu\/?p=749\"]}]},{\"@type\":\"BreadcrumbList\",\"@id\":\"https:\/\/kezilabdahajduszoboszlo.hu\/?p=749#breadcrumb\",\"itemListElement\":[{\"@type\":\"ListItem\",\"position\":1,\"name\":\"Home\",\"item\":\"https:\/\/kezilabdahajduszoboszlo.hu\/\"},{\"@type\":\"ListItem\",\"position\":2,\"name\":\"Heti program \/2021.09.20-2021.09.26\/\"}]},{\"@type\":\"WebSite\",\"@id\":\"https:\/\/kezilabdahajduszoboszlo.hu\/#website\",\"url\":\"https:\/\/kezilabdahajduszoboszlo.hu\/\",\"name\":\"K\u00e9zilabda Klub Hajd\u00faszoboszl\u00f3\",\"description\":\"\",\"potentialAction\":[{\"@type\":\"SearchAction\",\"target\":{\"@type\":\"EntryPoint\",\"urlTemplate\":\"https:\/\/kezilabdahajduszoboszlo.hu\/?s={search_term_string}\"},\"query-input\":\"required name=search_term_string\"}],\"inLanguage\":\"hu\"},{\"@type\":\"Person\",\"@id\":\"https:\/\/kezilabdahajduszoboszlo.hu\/#\/schema\/person\/5ec50fcc18790ccded9abbc4a29d0336\",\"name\":\"Kapusi Kriszti\u00e1n\",\"image\":{\"@type\":\"ImageObject\",\"inLanguage\":\"hu\",\"@id\":\"https:\/\/kezilabdahajduszoboszlo.hu\/#\/schema\/person\/image\/\",\"url\":\"https:\/\/secure.gravatar.com\/avatar\/3105527c52c6c13b3dacf30efd34a992?s=96&d=mm&r=g\",\"contentUrl\":\"https:\/\/secure.gravatar.com\/avatar\/3105527c52c6c13b3dacf30efd34a992?s=96&d=mm&r=g\",\"caption\":\"Kapusi Kriszti\u00e1n\"},\"sameAs\":[\"http:\/\/kezilabdahajduszoboszlo\"],\"url\":\"https:\/\/kezilabdahajduszoboszlo.hu\/?author=2\"}]}<\/script>\n<!-- \/ Yoast SEO plugin. -->","yoast_head_json":{"title":"Heti program \/2021.09.20-2021.09.26\/ - K\u00e9zilabda Klub Hajd\u00faszoboszl\u00f3","robots":{"index":"index","follow":"follow","max-snippet":"max-snippet:-1","max-image-preview":"max-image-preview:large","max-video-preview":"max-video-preview:-1"},"canonical":"https:\/\/kezilabdahajduszoboszlo.hu\/?p=749","og_locale":"hu_HU","og_type":"article","og_title":"Heti program \/2021.09.20-2021.09.26\/ - K\u00e9zilabda Klub Hajd\u00faszoboszl\u00f3","og_description":"2021. szeptember 24. Serd\u00fcl\u0151 III. oszt\u00e1ly Debrecen, G4 17:00 DSC- SI &#8211; KKHSZ &nbsp; 2021. szeptember 26. U13 Beretty\u00f3\u00fajfalu 9:00 BMSE &#8211; KKHSZ 11:00 KKHSZ- DSC-SI &nbsp; 2021. szeptember 26. Megyei feln\u0151tt Hajd\u00faszoboszl\u00f3 10:00 KKHSZ-Ny\u00edradony VVTK","og_url":"https:\/\/kezilabdahajduszoboszlo.hu\/?p=749","og_site_name":"K\u00e9zilabda Klub Hajd\u00faszoboszl\u00f3","article_published_time":"2021-09-23T06:47:21+00:00","author":"Kapusi Kriszti\u00e1n","twitter_card":"summary_large_image","twitter_misc":{"Szerz\u0151:":"Kapusi Kriszti\u00e1n"},"schema":{"@context":"https:\/\/schema.org","@graph":[{"@type":"WebPage","@id":"https:\/\/kezilabdahajduszoboszlo.hu\/?p=749","url":"https:\/\/kezilabdahajduszoboszlo.hu\/?p=749","name":"Heti program \/2021.09.20-2021.09.26\/ - K\u00e9zilabda Klub Hajd\u00faszoboszl\u00f3","isPartOf":{"@id":"https:\/\/kezilabdahajduszoboszlo.hu\/#website"},"datePublished":"2021-09-23T06:47:21+00:00","dateModified":"2021-09-23T06:47:21+00:00","author":{"@id":"https:\/\/kezilabdahajduszoboszlo.hu\/#\/schema\/person\/5ec50fcc18790ccded9abbc4a29d0336"},"breadcrumb":{"@id":"https:\/\/kezilabdahajduszoboszlo.hu\/?p=749#breadcrumb"},"inLanguage":"hu","potentialAction":[{"@type":"ReadAction","target":["https:\/\/kezilabdahajduszoboszlo.hu\/?p=749"]}]},{"@type":"BreadcrumbList","@id":"https:\/\/kezilabdahajduszoboszlo.hu\/?p=749#breadcrumb","itemListElement":[{"@type":"ListItem","position":1,"name":"Home","item":"https:\/\/kezilabdahajduszoboszlo.hu\/"},{"@type":"ListItem","position":2,"name":"Heti program \/2021.09.20-2021.09.26\/"}]},{"@type":"WebSite","@id":"https:\/\/kezilabdahajduszoboszlo.hu\/#website","url":"https:\/\/kezilabdahajduszoboszlo.hu\/","name":"K\u00e9zilabda Klub Hajd\u00faszoboszl\u00f3","description":"","potentialAction":[{"@type":"SearchAction","target":{"@type":"EntryPoint","urlTemplate":"https:\/\/kezilabdahajduszoboszlo.hu\/?s={search_term_string}"},"query-input":"required name=search_term_string"}],"inLanguage":"hu"},{"@type":"Person","@id":"https:\/\/kezilabdahajduszoboszlo.hu\/#\/schema\/person\/5ec50fcc18790ccded9abbc4a29d0336","name":"Kapusi Kriszti\u00e1n","image":{"@type":"ImageObject","inLanguage":"hu","@id":"https:\/\/kezilabdahajduszoboszlo.hu\/#\/schema\/person\/image\/","url":"https:\/\/secure.gravatar.com\/avatar\/3105527c52c6c13b3dacf30efd34a992?s=96&d=mm&r=g","contentUrl":"https:\/\/secure.gravatar.com\/avatar\/3105527c52c6c13b3dacf30efd34a992?s=96&d=mm&r=g","caption":"Kapusi Kriszti\u00e1n"},"sameAs":["http:\/\/kezilabdahajduszoboszlo"],"url":"https:\/\/kezilabdahajduszoboszlo.hu\/?author=2"}]}},"_links":{"self":[{"href":"https:\/\/kezilabdahajduszoboszlo.hu\/index.php?rest_route=\/wp\/v2\/posts\/749"}],"collection":[{"href":"https:\/\/kezilabdahajduszoboszlo.hu\/index.php?rest_route=\/wp\/v2\/posts"}],"about":[{"href":"https:\/\/kezilabdahajduszoboszlo.hu\/index.php?rest_route=\/wp\/v2\/types\/post"}],"author":[{"embeddable":true,"href":"https:\/\/kezilabdahajduszoboszlo.hu\/index.php?rest_route=\/wp\/v2\/users\/2"}],"replies":[{"embeddable":true,"href":"https:\/\/kezilabdahajduszoboszlo.hu\/index.php?rest_route=%2Fwp%2Fv2%2Fcomments&post=749"}],"version-history":[{"count":1,"href":"https:\/\/kezilabdahajduszoboszlo.hu\/index.php?rest_route=\/wp\/v2\/posts\/749\/revisions"}],"predecessor-version":[{"id":750,"href":"https:\/\/kezilabdahajduszoboszlo.hu\/index.php?rest_route=\/wp\/v2\/posts\/749\/revisions\/750"}],"wp:attachment":[{"href":"https:\/\/kezilabdahajduszoboszlo.hu\/index.php?rest_route=%2Fwp%2Fv2%2Fmedia&parent=749"}],"wp:term":[{"taxonomy":"category","embeddable":true,"href":"https:\/\/kezilabdahajduszoboszlo.hu\/index.php?rest_route=%2Fwp%2Fv2%2Fcategories&post=749"},{"taxonomy":"post_tag","embeddable":true,"href":"https:\/\/kezilabdahajduszoboszlo.hu\/index.php?rest_route=%2Fwp%2Fv2%2Ftags&post=749"}],"curies":[{"name":"wp","href":"https:\/\/api.w.org\/{rel}","templated":true}]}}