{"id":906,"date":"2022-03-08T12:02:23","date_gmt":"2022-03-08T12:02:23","guid":{"rendered":"http:\/\/kezilabdahajduszoboszlo.hu\/?p=906"},"modified":"2022-03-08T12:18:18","modified_gmt":"2022-03-08T12:18:18","slug":"tavaszkoszontes-az-u11-u12-es-korosztalyokban","status":"publish","type":"post","link":"https:\/\/kezilabdahajduszoboszlo.hu\/?p=906","title":{"rendered":"Tavaszk\u00f6sz\u00f6nt\u00e9s az U11-U12-es koroszt\u00e1lyokban."},"content":{"rendered":"<p>Az elm\u00falt k\u00e9t h\u00e9tv\u00e9g\u00e9n elindultak az U11 \u00e9s U12-es l\u00e1nyok verseng\u00e9sei az Orsz\u00e1gos Gyermekbajnoks\u00e1gban. A m\u00e9rk\u0151z\u00e9sekr\u0151l N\u00e9methn\u00e9 Bana Anik\u00f3 vezet\u0151edz\u0151 sz\u00e1molt be:<\/p>\n<p>U12:<\/p>\n<p>Az idei \u00e9v els\u0151 m\u00e9rk\u0151z\u00e9seinken vagyunk t\u00fal az U12-es koroszt\u00e1llyal, ellenfeleink a Debreceni Sportiskola \u00e9s Kisv\u00e1rda csapatai voltak.<\/p>\n<div dir=\"auto\">Sajnos betegs\u00e9gek, illetve egy\u00e9b elfoglalts\u00e1gok miatt nem tudtunk a koroszt\u00e1lyos alap j\u00e1t\u00e9kosokkal ki\u00e1llni.<\/div>\n<div dir=\"auto\">Ez\u00e9rt hamar kij\u00f6ttek a klubok \u00e9s csapaton bel\u00fcli k\u00fcl\u00f6nbs\u00e9gek, hab\u00e1r a Kisv\u00e1rda ellen m\u00e1r szoros m\u00e9rk\u0151z\u00e9sen maradtunk alul.<\/div>\n<div dir=\"auto\">A veres\u00e9gek ellen\u00e9re a l\u00e1nyok igyekeztek. Mindenki a saj\u00e1t tud\u00e1sa \u00e9s fejletts\u00e9ge szerint pr\u00f3b\u00e1lta oda tenni mag\u00e1t.<\/div>\n<div dir=\"auto\"><\/div>\n<div dir=\"auto\"><\/div>\n<div dir=\"auto\">DSC-SI &#8211; KKHSZ\u00a0 \u00a0 \u00a0 \u00a0 \u00a0 \u00a0 \u00a0 28-11<\/div>\n<div dir=\"auto\">KKHSZ- Kisv\u00e1rdai KC\u00a0 \u00a019-22<\/div>\n<div dir=\"auto\"><\/div>\n<div dir=\"auto\"><\/div>\n<div dir=\"auto\">U11:<\/div>\n<div dir=\"auto\"><\/div>\n<div dir=\"auto\">\n<div dir=\"auto\">3 h\u00f3napos kihagy\u00e1s ut\u00e1n \u00fajra p\u00e1ly\u00e1n lehett\u00fcnk az\u00a0 \u00a0U11-es koroszt\u00e1llyal, ellenfeleink\u00a0 Hajd\u00fan\u00e1n\u00e1s\u00a0 \u00e9s a Balmaz\u00fajv\u00e1ros csapatai voltak.<\/div>\n<div dir=\"auto\">Ebben a koroszt\u00e1lyban nincs eredm\u00e9nysz\u00e1m\u00edt\u00e1s, itt m\u00e9g nem sz\u00e1moljuk\u00a0 a g\u00f3lokat. C\u00e9lunk versenyhelyzetben gyakorolni az edz\u00e9sen tanultakat, \u00e1t\u00fcltetni a m\u00e9rk\u0151z\u00e9sekre.<\/div>\n<div dir=\"auto\">T\u00e1mad\u00e1sainkb\u00f3l a b\u00e1tors\u00e1g m\u00e9g hi\u00e1nyzott,de a v\u00e9dekez\u00e9s\u00fcnk m\u00e1r nagyon j\u00f3 volt.<\/div>\n<div dir=\"auto\">A l\u00e1nyok sz\u00e9pen \u00e9s fegyelmezetten j\u00e1tszottak, a csapat fejl\u0151d\u00e9se l\u00e1that\u00f3.<\/div>\n<div dir=\"auto\">Elindultunk a j\u00f3 ir\u00e1nyba.<\/div>\n<\/div>\n<div dir=\"auto\"><\/div>\n<div dir=\"auto\">\n\n\t\t<style type=\"text\/css\">\n\t\t\t#gallery-1 {\n\t\t\t\tmargin: auto;\n\t\t\t}\n\t\t\t#gallery-1 .gallery-item {\n\t\t\t\tfloat: left;\n\t\t\t\tmargin-top: 10px;\n\t\t\t\ttext-align: center;\n\t\t\t\twidth: 33%;\n\t\t\t}\n\t\t\t#gallery-1 img {\n\t\t\t\tborder: 2px solid #cfcfcf;\n\t\t\t}\n\t\t\t#gallery-1 .gallery-caption {\n\t\t\t\tmargin-left: 0;\n\t\t\t}\n\t\t\t\/* see gallery_shortcode() in wp-includes\/media.php *\/\n\t\t<\/style>\n\t\t<div id='gallery-1' class='gallery galleryid-906 gallery-columns-3 gallery-size-thumbnail'><dl class='gallery-item'>\n\t\t\t<dt class='gallery-icon landscape'>\n\t\t\t\t<a href='https:\/\/kezilabdahajduszoboszlo.hu\/?attachment_id=907'><img loading=\"lazy\" decoding=\"async\" width=\"150\" height=\"150\" src=\"https:\/\/kezilabdahajduszoboszlo.hu\/wp-content\/uploads\/2022\/03\/20220227_123718-150x150.jpg\" class=\"attachment-thumbnail size-thumbnail\" alt=\"\" srcset=\"https:\/\/kezilabdahajduszoboszlo.hu\/wp-content\/uploads\/2022\/03\/20220227_123718-150x150.jpg 150w, https:\/\/kezilabdahajduszoboszlo.hu\/wp-content\/uploads\/2022\/03\/20220227_123718-100x100.jpg 100w\" sizes=\"(max-width: 150px) 100vw, 150px\" \/><\/a>\n\t\t\t<\/dt><\/dl><dl class='gallery-item'>\n\t\t\t<dt class='gallery-icon landscape'>\n\t\t\t\t<a href='https:\/\/kezilabdahajduszoboszlo.hu\/?attachment_id=908'><img loading=\"lazy\" decoding=\"async\" width=\"150\" height=\"150\" src=\"https:\/\/kezilabdahajduszoboszlo.hu\/wp-content\/uploads\/2022\/03\/20220306_111641-150x150.jpg\" class=\"attachment-thumbnail size-thumbnail\" alt=\"\" srcset=\"https:\/\/kezilabdahajduszoboszlo.hu\/wp-content\/uploads\/2022\/03\/20220306_111641-150x150.jpg 150w, https:\/\/kezilabdahajduszoboszlo.hu\/wp-content\/uploads\/2022\/03\/20220306_111641-100x100.jpg 100w\" sizes=\"(max-width: 150px) 100vw, 150px\" \/><\/a>\n\t\t\t<\/dt><\/dl><dl class='gallery-item'>\n\t\t\t<dt class='gallery-icon landscape'>\n\t\t\t\t<a href='https:\/\/kezilabdahajduszoboszlo.hu\/?attachment_id=909'><img loading=\"lazy\" decoding=\"async\" width=\"150\" height=\"150\" src=\"https:\/\/kezilabdahajduszoboszlo.hu\/wp-content\/uploads\/2022\/03\/20220306_124131-150x150.jpg\" class=\"attachment-thumbnail size-thumbnail\" alt=\"\" srcset=\"https:\/\/kezilabdahajduszoboszlo.hu\/wp-content\/uploads\/2022\/03\/20220306_124131-150x150.jpg 150w, https:\/\/kezilabdahajduszoboszlo.hu\/wp-content\/uploads\/2022\/03\/20220306_124131-100x100.jpg 100w\" sizes=\"(max-width: 150px) 100vw, 150px\" \/><\/a>\n\t\t\t<\/dt><\/dl><br style=\"clear: both\" \/>\n\t\t<\/div>\n\n<\/div>\n","protected":false},"excerpt":{"rendered":"<p>Az elm\u00falt k\u00e9t h\u00e9tv\u00e9g\u00e9n elindultak az U11 \u00e9s U12-es l\u00e1nyok verseng\u00e9sei az Orsz\u00e1gos Gyermekbajnoks\u00e1gban. A m\u00e9rk\u0151z\u00e9sekr\u0151l N\u00e9methn\u00e9 Bana Anik\u00f3 vezet\u0151edz\u0151 sz\u00e1molt be: U12: Az idei \u00e9v els\u0151 m\u00e9rk\u0151z\u00e9seinken vagyunk t\u00fal az U12-es koroszt\u00e1llyal, ellenfeleink a Debreceni Sportiskola \u00e9s Kisv\u00e1rda csapatai &hellip; <a href=\"https:\/\/kezilabdahajduszoboszlo.hu\/?p=906\">Egy kattint\u00e1s ide a folytat\u00e1shoz&#8230;. <span class=\"meta-nav\">&rarr;<\/span><\/a><\/p>\n","protected":false},"author":2,"featured_media":0,"comment_status":"open","ping_status":"open","sticky":false,"template":"","format":"standard","meta":{"_monsterinsights_skip_tracking":false,"_monsterinsights_sitenote_active":false,"_monsterinsights_sitenote_note":"","_monsterinsights_sitenote_category":0,"footnotes":""},"categories":[5],"tags":[],"yoast_head":"<!-- This site is optimized with the Yoast SEO plugin v21.8.1 - https:\/\/yoast.com\/wordpress\/plugins\/seo\/ -->\n<title>Tavaszk\u00f6sz\u00f6nt\u00e9s az U11-U12-es koroszt\u00e1lyokban. - K\u00e9zilabda Klub Hajd\u00faszoboszl\u00f3<\/title>\n<meta name=\"robots\" content=\"index, follow, max-snippet:-1, max-image-preview:large, max-video-preview:-1\" \/>\n<link rel=\"canonical\" href=\"https:\/\/kezilabdahajduszoboszlo.hu\/?p=906\" \/>\n<meta property=\"og:locale\" content=\"hu_HU\" \/>\n<meta property=\"og:type\" content=\"article\" \/>\n<meta property=\"og:title\" content=\"Tavaszk\u00f6sz\u00f6nt\u00e9s az U11-U12-es koroszt\u00e1lyokban. - K\u00e9zilabda Klub Hajd\u00faszoboszl\u00f3\" \/>\n<meta property=\"og:description\" content=\"Az elm\u00falt k\u00e9t h\u00e9tv\u00e9g\u00e9n elindultak az U11 \u00e9s U12-es l\u00e1nyok verseng\u00e9sei az Orsz\u00e1gos Gyermekbajnoks\u00e1gban. A m\u00e9rk\u0151z\u00e9sekr\u0151l N\u00e9methn\u00e9 Bana Anik\u00f3 vezet\u0151edz\u0151 sz\u00e1molt be: U12: Az idei \u00e9v els\u0151 m\u00e9rk\u0151z\u00e9seinken vagyunk t\u00fal az U12-es koroszt\u00e1llyal, ellenfeleink a Debreceni Sportiskola \u00e9s Kisv\u00e1rda csapatai &hellip; Egy kattint\u00e1s ide a folytat\u00e1shoz.... &rarr;\" \/>\n<meta property=\"og:url\" content=\"https:\/\/kezilabdahajduszoboszlo.hu\/?p=906\" \/>\n<meta property=\"og:site_name\" content=\"K\u00e9zilabda Klub Hajd\u00faszoboszl\u00f3\" \/>\n<meta property=\"article:published_time\" content=\"2022-03-08T12:02:23+00:00\" \/>\n<meta property=\"article:modified_time\" content=\"2022-03-08T12:18:18+00:00\" \/>\n<meta property=\"og:image\" content=\"https:\/\/kezilabdahajduszoboszlo.hu\/wp-content\/uploads\/2022\/03\/20220227_123718-150x150.jpg\" \/>\n<meta name=\"author\" content=\"Kapusi Kriszti\u00e1n\" \/>\n<meta name=\"twitter:card\" content=\"summary_large_image\" \/>\n<meta name=\"twitter:label1\" content=\"Szerz\u0151:\" \/>\n\t<meta name=\"twitter:data1\" content=\"Kapusi Kriszti\u00e1n\" \/>\n\t<meta name=\"twitter:label2\" content=\"Becs\u00fclt olvas\u00e1si id\u0151\" \/>\n\t<meta name=\"twitter:data2\" content=\"1 perc\" \/>\n<script type=\"application\/ld+json\" class=\"yoast-schema-graph\">{\"@context\":\"https:\/\/schema.org\",\"@graph\":[{\"@type\":\"WebPage\",\"@id\":\"https:\/\/kezilabdahajduszoboszlo.hu\/?p=906\",\"url\":\"https:\/\/kezilabdahajduszoboszlo.hu\/?p=906\",\"name\":\"Tavaszk\u00f6sz\u00f6nt\u00e9s az U11-U12-es koroszt\u00e1lyokban. - K\u00e9zilabda Klub Hajd\u00faszoboszl\u00f3\",\"isPartOf\":{\"@id\":\"https:\/\/kezilabdahajduszoboszlo.hu\/#website\"},\"datePublished\":\"2022-03-08T12:02:23+00:00\",\"dateModified\":\"2022-03-08T12:18:18+00:00\",\"author\":{\"@id\":\"https:\/\/kezilabdahajduszoboszlo.hu\/#\/schema\/person\/5ec50fcc18790ccded9abbc4a29d0336\"},\"breadcrumb\":{\"@id\":\"https:\/\/kezilabdahajduszoboszlo.hu\/?p=906#breadcrumb\"},\"inLanguage\":\"hu\",\"potentialAction\":[{\"@type\":\"ReadAction\",\"target\":[\"https:\/\/kezilabdahajduszoboszlo.hu\/?p=906\"]}]},{\"@type\":\"BreadcrumbList\",\"@id\":\"https:\/\/kezilabdahajduszoboszlo.hu\/?p=906#breadcrumb\",\"itemListElement\":[{\"@type\":\"ListItem\",\"position\":1,\"name\":\"Home\",\"item\":\"https:\/\/kezilabdahajduszoboszlo.hu\/\"},{\"@type\":\"ListItem\",\"position\":2,\"name\":\"Tavaszk\u00f6sz\u00f6nt\u00e9s az U11-U12-es koroszt\u00e1lyokban.\"}]},{\"@type\":\"WebSite\",\"@id\":\"https:\/\/kezilabdahajduszoboszlo.hu\/#website\",\"url\":\"https:\/\/kezilabdahajduszoboszlo.hu\/\",\"name\":\"K\u00e9zilabda Klub Hajd\u00faszoboszl\u00f3\",\"description\":\"\",\"potentialAction\":[{\"@type\":\"SearchAction\",\"target\":{\"@type\":\"EntryPoint\",\"urlTemplate\":\"https:\/\/kezilabdahajduszoboszlo.hu\/?s={search_term_string}\"},\"query-input\":\"required name=search_term_string\"}],\"inLanguage\":\"hu\"},{\"@type\":\"Person\",\"@id\":\"https:\/\/kezilabdahajduszoboszlo.hu\/#\/schema\/person\/5ec50fcc18790ccded9abbc4a29d0336\",\"name\":\"Kapusi Kriszti\u00e1n\",\"image\":{\"@type\":\"ImageObject\",\"inLanguage\":\"hu\",\"@id\":\"https:\/\/kezilabdahajduszoboszlo.hu\/#\/schema\/person\/image\/\",\"url\":\"https:\/\/secure.gravatar.com\/avatar\/3105527c52c6c13b3dacf30efd34a992?s=96&d=mm&r=g\",\"contentUrl\":\"https:\/\/secure.gravatar.com\/avatar\/3105527c52c6c13b3dacf30efd34a992?s=96&d=mm&r=g\",\"caption\":\"Kapusi Kriszti\u00e1n\"},\"sameAs\":[\"http:\/\/kezilabdahajduszoboszlo\"],\"url\":\"https:\/\/kezilabdahajduszoboszlo.hu\/?author=2\"}]}<\/script>\n<!-- \/ Yoast SEO plugin. -->","yoast_head_json":{"title":"Tavaszk\u00f6sz\u00f6nt\u00e9s az U11-U12-es koroszt\u00e1lyokban. - K\u00e9zilabda Klub Hajd\u00faszoboszl\u00f3","robots":{"index":"index","follow":"follow","max-snippet":"max-snippet:-1","max-image-preview":"max-image-preview:large","max-video-preview":"max-video-preview:-1"},"canonical":"https:\/\/kezilabdahajduszoboszlo.hu\/?p=906","og_locale":"hu_HU","og_type":"article","og_title":"Tavaszk\u00f6sz\u00f6nt\u00e9s az U11-U12-es koroszt\u00e1lyokban. - K\u00e9zilabda Klub Hajd\u00faszoboszl\u00f3","og_description":"Az elm\u00falt k\u00e9t h\u00e9tv\u00e9g\u00e9n elindultak az U11 \u00e9s U12-es l\u00e1nyok verseng\u00e9sei az Orsz\u00e1gos Gyermekbajnoks\u00e1gban. A m\u00e9rk\u0151z\u00e9sekr\u0151l N\u00e9methn\u00e9 Bana Anik\u00f3 vezet\u0151edz\u0151 sz\u00e1molt be: U12: Az idei \u00e9v els\u0151 m\u00e9rk\u0151z\u00e9seinken vagyunk t\u00fal az U12-es koroszt\u00e1llyal, ellenfeleink a Debreceni Sportiskola \u00e9s Kisv\u00e1rda csapatai &hellip; Egy kattint\u00e1s ide a folytat\u00e1shoz.... &rarr;","og_url":"https:\/\/kezilabdahajduszoboszlo.hu\/?p=906","og_site_name":"K\u00e9zilabda Klub Hajd\u00faszoboszl\u00f3","article_published_time":"2022-03-08T12:02:23+00:00","article_modified_time":"2022-03-08T12:18:18+00:00","og_image":[{"url":"https:\/\/kezilabdahajduszoboszlo.hu\/wp-content\/uploads\/2022\/03\/20220227_123718-150x150.jpg"}],"author":"Kapusi Kriszti\u00e1n","twitter_card":"summary_large_image","twitter_misc":{"Szerz\u0151:":"Kapusi Kriszti\u00e1n","Becs\u00fclt olvas\u00e1si id\u0151":"1 perc"},"schema":{"@context":"https:\/\/schema.org","@graph":[{"@type":"WebPage","@id":"https:\/\/kezilabdahajduszoboszlo.hu\/?p=906","url":"https:\/\/kezilabdahajduszoboszlo.hu\/?p=906","name":"Tavaszk\u00f6sz\u00f6nt\u00e9s az U11-U12-es koroszt\u00e1lyokban. - K\u00e9zilabda Klub Hajd\u00faszoboszl\u00f3","isPartOf":{"@id":"https:\/\/kezilabdahajduszoboszlo.hu\/#website"},"datePublished":"2022-03-08T12:02:23+00:00","dateModified":"2022-03-08T12:18:18+00:00","author":{"@id":"https:\/\/kezilabdahajduszoboszlo.hu\/#\/schema\/person\/5ec50fcc18790ccded9abbc4a29d0336"},"breadcrumb":{"@id":"https:\/\/kezilabdahajduszoboszlo.hu\/?p=906#breadcrumb"},"inLanguage":"hu","potentialAction":[{"@type":"ReadAction","target":["https:\/\/kezilabdahajduszoboszlo.hu\/?p=906"]}]},{"@type":"BreadcrumbList","@id":"https:\/\/kezilabdahajduszoboszlo.hu\/?p=906#breadcrumb","itemListElement":[{"@type":"ListItem","position":1,"name":"Home","item":"https:\/\/kezilabdahajduszoboszlo.hu\/"},{"@type":"ListItem","position":2,"name":"Tavaszk\u00f6sz\u00f6nt\u00e9s az U11-U12-es koroszt\u00e1lyokban."}]},{"@type":"WebSite","@id":"https:\/\/kezilabdahajduszoboszlo.hu\/#website","url":"https:\/\/kezilabdahajduszoboszlo.hu\/","name":"K\u00e9zilabda Klub Hajd\u00faszoboszl\u00f3","description":"","potentialAction":[{"@type":"SearchAction","target":{"@type":"EntryPoint","urlTemplate":"https:\/\/kezilabdahajduszoboszlo.hu\/?s={search_term_string}"},"query-input":"required name=search_term_string"}],"inLanguage":"hu"},{"@type":"Person","@id":"https:\/\/kezilabdahajduszoboszlo.hu\/#\/schema\/person\/5ec50fcc18790ccded9abbc4a29d0336","name":"Kapusi Kriszti\u00e1n","image":{"@type":"ImageObject","inLanguage":"hu","@id":"https:\/\/kezilabdahajduszoboszlo.hu\/#\/schema\/person\/image\/","url":"https:\/\/secure.gravatar.com\/avatar\/3105527c52c6c13b3dacf30efd34a992?s=96&d=mm&r=g","contentUrl":"https:\/\/secure.gravatar.com\/avatar\/3105527c52c6c13b3dacf30efd34a992?s=96&d=mm&r=g","caption":"Kapusi Kriszti\u00e1n"},"sameAs":["http:\/\/kezilabdahajduszoboszlo"],"url":"https:\/\/kezilabdahajduszoboszlo.hu\/?author=2"}]}},"_links":{"self":[{"href":"https:\/\/kezilabdahajduszoboszlo.hu\/index.php?rest_route=\/wp\/v2\/posts\/906"}],"collection":[{"href":"https:\/\/kezilabdahajduszoboszlo.hu\/index.php?rest_route=\/wp\/v2\/posts"}],"about":[{"href":"https:\/\/kezilabdahajduszoboszlo.hu\/index.php?rest_route=\/wp\/v2\/types\/post"}],"author":[{"embeddable":true,"href":"https:\/\/kezilabdahajduszoboszlo.hu\/index.php?rest_route=\/wp\/v2\/users\/2"}],"replies":[{"embeddable":true,"href":"https:\/\/kezilabdahajduszoboszlo.hu\/index.php?rest_route=%2Fwp%2Fv2%2Fcomments&post=906"}],"version-history":[{"count":2,"href":"https:\/\/kezilabdahajduszoboszlo.hu\/index.php?rest_route=\/wp\/v2\/posts\/906\/revisions"}],"predecessor-version":[{"id":918,"href":"https:\/\/kezilabdahajduszoboszlo.hu\/index.php?rest_route=\/wp\/v2\/posts\/906\/revisions\/918"}],"wp:attachment":[{"href":"https:\/\/kezilabdahajduszoboszlo.hu\/index.php?rest_route=%2Fwp%2Fv2%2Fmedia&parent=906"}],"wp:term":[{"taxonomy":"category","embeddable":true,"href":"https:\/\/kezilabdahajduszoboszlo.hu\/index.php?rest_route=%2Fwp%2Fv2%2Fcategories&post=906"},{"taxonomy":"post_tag","embeddable":true,"href":"https:\/\/kezilabdahajduszoboszlo.hu\/index.php?rest_route=%2Fwp%2Fv2%2Ftags&post=906"}],"curies":[{"name":"wp","href":"https:\/\/api.w.org\/{rel}","templated":true}]}}